{"id":26946,"date":"2023-07-26T12:54:17","date_gmt":"2023-07-26T09:54:17","guid":{"rendered":"http:\/\/akdenizolaygazetesi.com\/?p=26946"},"modified":"2023-07-26T12:54:17","modified_gmt":"2023-07-26T09:54:17","slug":"akdenizin-turkiye-ve-avrupa-sampiyonu-kick-bokscularindan-baskan-gultaka-ziyaret","status":"publish","type":"post","link":"https:\/\/akdenizolaygazetesi.com\/?p=26946","title":{"rendered":"AKDEN\u0130Z\u2019\u0130N T\u00dcRK\u0130YE VE AVRUPA \u015eAMP\u0130YONU K\u0130CK BOKS\u00c7ULARINDAN BA\u015eKAN G\u00dcLTAK\u2019A Z\u0130YARET"},"content":{"rendered":"<p>Akdeniz Belediye Spor Kul\u00fcb\u00fc b\u00fcnyesinde m\u00fccadele eden ve kat\u0131ld\u0131klar\u0131 ulusal ve uluslararas\u0131 \u015fampiyonalardan madalyalarla d\u00f6nen kick boks sporcular\u0131, Akdeniz Belediye Ba\u015fkan\u0131 M. Mustafa G\u00fcltak\u2019\u0131 ziyaret etti.<br \/>\nKick Boksta Avrupa \u015eampiyonu olan Hilal Sonay, Mardin\u2019de d\u00fczenlenen Kick Boks T\u00fcrkiye \u015eampiyonas\u0131\u2019nda \u00fc\u00e7\u00fcnc\u00fc olan Esin Y\u00fcce, yine ayn\u0131 \u015fampiyonada \u00fc\u00e7\u00fcnc\u00fc olarak madalyalara uzanan Ula\u015f Yal\u00e7\u0131nkaya ile Muhammet Tan; Antren\u00f6rleri Nas\u0131r Kandemir ile birlikte Akdeniz Belediye Ba\u015fkan\u0131 M. Mustafa G\u00fcltak\u2019\u0131 ziyaret etti. K\u00fclt\u00fcr ve Sosyal \u0130\u015fler M\u00fcd\u00fcr\u00fc Ali U\u00e7ar\u2019\u0131n da kat\u0131ld\u0131\u011f\u0131 ziyarette \u015fampiyon sporcular ve antren\u00f6rleri, spora ve sporcuya verdi\u011fi desteklerden dolay\u0131 Ba\u015fkan G\u00fcltak\u2019a te\u015fekk\u00fcrlerini dile getirdi. Sporcular\u0131n\u0131n elde etti\u011fi ba\u015far\u0131lar\u0131n kendilerini gururland\u0131rd\u0131\u011f\u0131n\u0131 s\u00f6yleyen Antren\u00f6r Nas\u0131r Kandemir, d\u00fczenlenecek yeni m\u00fcsabakalardan da madalyalarla d\u00f6neceklerine inand\u0131\u011f\u0131n\u0131 s\u00f6yledi.<br \/>\n\u201cBa\u015far\u0131lar\u0131n mimar\u0131 Ba\u015fkan\u0131m\u0131z G\u00fcltak\u2019t\u0131r\u201d<br \/>\nKandemir; \u201cBa\u015fkan\u0131m\u0131z Say\u0131n Mustafa G\u00fcltak\u2019a \u00e7ok te\u015fekk\u00fcr ediyorum. \u00c7\u00fcnk\u00fc bu ba\u015far\u0131lar\u0131n mimar\u0131 Ba\u015fkan\u0131m\u0131zd\u0131r. Sporcumuz Hatip Emlek T\u00fcrkiye \u015eampiyonu oldu ve Portekiz\u2019de yap\u0131lacak d\u00fcnya \u015fampiyonas\u0131nda Akdeniz ve T\u00fcrkiye\u2019yi temsil edecek. Hilal k\u0131z\u0131m\u0131z gen\u00e7lerde Avrupa \u015eampiyonas\u0131\u2019na kat\u0131lacak. Di\u011fer sporcular\u0131m\u0131z da yeni olmalar\u0131na ra\u011fmen T\u00fcrkiye 3\u2019\u00fcnc\u00fcs\u00fc olup ba\u015far\u0131 elde ettiler. Onlar\u0131n da gelecekte \u015fampiyon olacaklar\u0131na inan\u0131yorum\u201d dedi. Ba\u015far\u0131lar\u0131n\u0131 anlatan Akdeniz\u2019in kick boks sporcular\u0131 da kendilerine sa\u011flanan her t\u00fcrl\u00fc imk\u00e2n ve destek i\u00e7in Ba\u015fkan G\u00fcltak ve Antren\u00f6r Kandemir\u2019e te\u015fekk\u00fcr etti.<br \/>\n\u201cSpor ve e\u011fitimde, elde etti\u011fimiz ba\u015far\u0131lar Akdeniz\u2019in de\u011fi\u015fim ve d\u00f6n\u00fc\u015f\u00fcm\u00fcn\u00fcn ispat\u0131\u201d<br \/>\nAkdeniz Belediye Spor Kul\u00fcb\u00fcm\u00fcz b\u00fcnyesinde olan sporcu karde\u015flerimiz, T\u00fcrkiye\u2019de d\u00fczenlenen \u015fampiyonada dereceler elde ederek hem bizi, hem Akdeniz\u2019i ve Mersin\u2019i gururland\u0131rd\u0131lar. \u015eampiyon sporcular\u0131m\u0131zdan Hatip Emlek, Portekiz\u2019de d\u00fczenlenecek D\u00fcnya Kupas\u0131\u2019nda Akdeniz ve T\u00fcrkiye\u2019yi temsil edecek. Hilal Sonay k\u0131z\u0131m\u0131z da Avrupa \u015eampiyonas\u0131nda bizleri temsil edecek. Di\u011fer karde\u015flerimiz daha yolun ba\u015f\u0131ndalar. Buna ra\u011fmen \u015fampiyonada \u00fc\u00e7\u00fcnc\u00fc oldular. Onlardan da ilerleyen d\u00f6nemlerde birincilik bekliyoruz\u201d diye konu\u015ftu.<br \/>\n\u201cSporcular\u0131m\u0131z\u0131n ba\u015far\u0131s\u0131 \u00fclke s\u0131n\u0131rlar\u0131n\u0131 a\u015ft\u0131\u201d<br \/>\nBa\u015fkan G\u00fcltak; g\u00f6reve geldikleri ilk g\u00fcnden beri spora, k\u00fclt\u00fcr ve sanata b\u00fcy\u00fck \u00f6nem verdiklerini kaydederek; \u201cB\u00f6lgemizde spora ve sporcuya verdi\u011fimiz destekler sayesinde bir\u00e7ok sporcumuz, T\u00fcrkiye s\u0131n\u0131rlar\u0131n\u0131 a\u015farak Avrupa ve D\u00fcnya \u015fampiyonluklar\u0131na uzand\u0131lar. Gen\u00e7lerimizin, spor gibi, e\u011fitimde, \u00fcniversite ve lise s\u0131navlar\u0131nda, k\u00fclt\u00fcrel ve sanatsal faaliyetlerde b\u00f6ylesine derece yapmalar\u0131 ve ba\u015far\u0131 kazanmalar\u0131, Akdeniz\u2019in de\u011fi\u015fimi ve geli\u015fmi\u015fli\u011finin bir g\u00f6stergesidir. Bu da bizleri ayr\u0131ca mutlu ediyor\u201d ifadelerini kulland\u0131.<\/p>\n","protected":false},"excerpt":{"rendered":"<p>Akdeniz Belediye Spor Kul\u00fcb\u00fc b\u00fcnyesinde m\u00fccadele eden ve kat\u0131ld\u0131klar\u0131 ulusal ve uluslararas\u0131 \u015fampiyonalardan madalyalarla d\u00f6nen kick boks sporcular\u0131, Akdeniz Belediye Ba\u015fkan\u0131 M. Mustafa G\u00fcltak\u2019\u0131 ziyaret etti. Kick Boksta Avrupa \u015eampiyonu &hellip; <a href=\"https:\/\/akdenizolaygazetesi.com\/?p=26946\" class=\"more-link\">Devam\u0131n\u0131 Oku&#8230;<\/a><\/p>\n","protected":false},"author":2,"featured_media":26947,"comment_status":"open","ping_status":"open","sticky":false,"template":"","format":"standard","meta":[],"categories":[3,10],"tags":[],"_links":{"self":[{"href":"https:\/\/akdenizolaygazetesi.com\/index.php?rest_route=\/wp\/v2\/posts\/26946"}],"collection":[{"href":"https:\/\/akdenizolaygazetesi.com\/index.php?rest_route=\/wp\/v2\/posts"}],"about":[{"href":"https:\/\/akdenizolaygazetesi.com\/index.php?rest_route=\/wp\/v2\/types\/post"}],"author":[{"embeddable":true,"href":"https:\/\/akdenizolaygazetesi.com\/index.php?rest_route=\/wp\/v2\/users\/2"}],"replies":[{"embeddable":true,"href":"https:\/\/akdenizolaygazetesi.com\/index.php?rest_route=%2Fwp%2Fv2%2Fcomments&post=26946"}],"version-history":[{"count":1,"href":"https:\/\/akdenizolaygazetesi.com\/index.php?rest_route=\/wp\/v2\/posts\/26946\/revisions"}],"predecessor-version":[{"id":26948,"href":"https:\/\/akdenizolaygazetesi.com\/index.php?rest_route=\/wp\/v2\/posts\/26946\/revisions\/26948"}],"wp:featuredmedia":[{"embeddable":true,"href":"https:\/\/akdenizolaygazetesi.com\/index.php?rest_route=\/wp\/v2\/media\/26947"}],"wp:attachment":[{"href":"https:\/\/akdenizolaygazetesi.com\/index.php?rest_route=%2Fwp%2Fv2%2Fmedia&parent=26946"}],"wp:term":[{"taxonomy":"category","embeddable":true,"href":"https:\/\/akdenizolaygazetesi.com\/index.php?rest_route=%2Fwp%2Fv2%2Fcategories&post=26946"},{"taxonomy":"post_tag","embeddable":true,"href":"https:\/\/akdenizolaygazetesi.com\/index.php?rest_route=%2Fwp%2Fv2%2Ftags&post=26946"}],"curies":[{"name":"wp","href":"https:\/\/api.w.org\/{rel}","templated":true}]}}