{"id":26953,"date":"2023-07-27T13:32:08","date_gmt":"2023-07-27T10:32:08","guid":{"rendered":"http:\/\/akdenizolaygazetesi.com\/?p=26953"},"modified":"2023-07-27T13:32:08","modified_gmt":"2023-07-27T10:32:08","slug":"bir-kitap-da-benden-kampanyasina-akdeniz-belediyesi-de-destek-verdi","status":"publish","type":"post","link":"https:\/\/akdenizolaygazetesi.com\/?p=26953","title":{"rendered":"Bir Kitap da Benden kampanyas\u0131na Akdeniz Belediyesi de destek verdi"},"content":{"rendered":"<p>T\u00fcrkiye Dil Edebiyat Derne\u011fi (TDED) \u00f6nc\u00fcl\u00fc\u011f\u00fcnde; Akdeniz Belediyesi, Mersin \u0130l Milli E\u011fitim M\u00fcd\u00fcrl\u00fc\u011f\u00fc ve Akdeniz Kent Konseyi i\u015fbirli\u011finde y\u00fcr\u00fct\u00fclen \u201cBir Kitap da Benden Projesi\u201d \u00e7er\u00e7evesinde, Kahramanmara\u015fl\u0131 depremzede \u00e7ocuklara, hik\u00e2ye, roman ve ders kitaplar\u0131ndan olu\u015fan 10 binden fazla kitap g\u00f6nderildi.<br \/>\nT\u00fcrkiye Dil ve Edebiyat Derne\u011fi Mersin \u015eubesi, Akdeniz Belediyesi, Akdeniz Kent Konseyi ve Mersin \u0130l Milli E\u011fitim M\u00fcd\u00fcrl\u00fc\u011f\u00fc\u2019nce d\u00fczenlenen \u201cBir Kitap da Benden\u201d kampanyas\u0131 kapsam\u0131nda her ya\u015f grubu i\u00e7in, hik\u00e2ye ve romandan \u00fcniversite haz\u0131rl\u0131k kitaplar\u0131na kadar 10 bini a\u015fk\u0131n kitap, 6 \u015eubat\u2019taki depremlerde a\u011f\u0131r yara alan Kahramanmara\u015f\u2019a do\u011fru yola \u00e7\u0131kt\u0131. T\u00f6rene, Akdeniz Belediye Ba\u015fkan\u0131 M. Mustafa G\u00fcltak, \u0130l Milli E\u011fitim M\u00fcd\u00fcr\u00fc Adem Koca, Akdeniz Kent Konseyi Ba\u015fkan\u0131 Mustafa Erim ile T\u00fcrkiye Dil ve Edebiyat Derne\u011fi Mersin \u015eube Ba\u015fkan\u0131 Muharrem K\u00f6se kat\u0131ld\u0131.<br \/>\nG\u00fcltak; \u201cDeprem ma\u011fduru insanlar\u0131m\u0131z\u0131 unutmad\u0131k, yanlar\u0131nday\u0131z\u201d<br \/>\nKitaplar\u0131n yola \u00e7\u0131kmas\u0131ndan \u00f6nce bir a\u00e7\u0131klama yapan Akdeniz Belediye Ba\u015fkan\u0131 M. Mustafa G\u00fcltak, 6 \u015eubat depremlerinin T\u00fcrkiye tarihi a\u00e7\u0131s\u0131ndan milat oldu\u011funu belirterek; \u201cB\u00fcy\u00fck ac\u0131lar ya\u015fad\u0131k, b\u00fcy\u00fck kay\u0131plar\u0131m\u0131z var. \u00d6lenlere Allah\u2019tan rahmet diliyorum. Devletimizin ve h\u00fck\u00fcmetimizin t\u00fcm birimleri depremzede vatanda\u015flar\u0131m\u0131z\u0131n yan\u0131nda yer almaya, vatanda\u015flar\u0131m\u0131z\u0131n ya\u015fad\u0131\u011f\u0131 s\u0131k\u0131nt\u0131lar\u0131 \u00e7\u00f6zmeye devam ediyor. \u015eu anda okullar da tatil. Depremzede \u00e7ocuklar\u0131m\u0131z\u0131n kitap okumas\u0131, ders \u00e7al\u0131\u015fmalar\u0131 ve b\u00f6ylelikle hayata yeniden tutunmalar\u0131 a\u00e7\u0131s\u0131ndan \u00f6nemli bir proje, destek veren herkese te\u015fekk\u00fcr ediyorum\u201d dedi.<br \/>\n\u201cMersin\u2019de, kara g\u00fcn dostu karde\u015fleri oldu\u011funu bilsinler\u201d<br \/>\nT\u00fcrkiye Dil ve Edebiyat Derne\u011fi Mersin \u015eube Ba\u015fkan\u0131 Muharrem K\u00f6se ise, \u201cAziz milletimiz, en zor zamanlarda, dualar\u0131yla, destekleriyle, y\u00fcreklerin nas\u0131l bir ve beraber att\u0131\u011f\u0131n\u0131 bir kez daha bu hediye kitaplar\u0131yla g\u00f6stermi\u015f oldu. \u0130stiyoruz ki depremzede \u00e7ocuklar\u0131m\u0131z ve gen\u00e7lerimiz, yanlar\u0131nda oldu\u011fumuzu, Mersin\u2019de kara g\u00fcn dostu, g\u00fczel y\u00fcrekli karde\u015fleri oldu\u011funu bilsinler\u201d ifadelerini kulland\u0131.<br \/>\nAkdeniz Kent Konseyi Ba\u015fkan\u0131 Mustafa Erim de yapt\u0131\u011f\u0131 a\u00e7\u0131klamada; \u201cSon derece \u00f6zel ve anlaml\u0131 bir proje. Yaz mevsimi olmas\u0131 nedeniyle de ula\u015ft\u0131r\u0131lacak kitaplar\u0131n, gen\u00e7lerimizin ve \u00e7ocuklar\u0131m\u0131z\u0131n ihtiyac\u0131 olan s\u0131nav ve k\u00fclt\u00fcrel bilin\u00e7lenmede faydal\u0131 ve destek olaca\u011f\u0131na inan\u0131yorum. Kampanyaya kat\u0131lan t\u00fcm dost ve arkada\u015flara te\u015fekk\u00fcr ediyorum\u201d diye konu\u015ftu. Mersin \u0130l Milli E\u011fitim M\u00fcd\u00fcr Adem Koca da konu\u015fmas\u0131nda; \u201cBu \u00f6zel kampanyaya 13 il\u00e7emizden destek veren t\u00fcm \u00f6\u011frencilerimize, \u00f6\u011fretmenlerimize ve y\u00f6neticilerimize te\u015fekk\u00fcr ediyorum. Deprem b\u00f6lgesinde ya\u015fayan \u00f6\u011frencilerimizin hayat\u0131na, e\u011fitimi ve bilincine katk\u0131 noktas\u0131nda destek veren herkese \u015f\u00fckranlar\u0131m\u0131 sunuyorum\u201d dedi.<br \/>\nKonu\u015fmalar\u0131n ard\u0131ndan Mersin\u2019in 13 il\u00e7esinden toplanan; hik\u00e2ye, roman ve \u00fcniversite haz\u0131rl\u0131k kaynak kitaplar\u0131ndan olu\u015fan 10 bini a\u015fk\u0131n kitap, Kahramanmara\u015fl\u0131 depremzede \u00e7ocuklar ve gen\u00e7lere hediye edilmek \u00fczere yola \u00e7\u0131kt\u0131. \u00dclke \u00e7ap\u0131nda d\u00fczenlenen \u2018Bir Kitap da Benden Projesi\u2019ne kitap ba\u011f\u0131\u015f\u0131yla destek olmak isteyenler www.birkitapdabenden.com adresinden de bilgi alabilir.<\/p>\n","protected":false},"excerpt":{"rendered":"<p>T\u00fcrkiye Dil Edebiyat Derne\u011fi (TDED) \u00f6nc\u00fcl\u00fc\u011f\u00fcnde; Akdeniz Belediyesi, Mersin \u0130l Milli E\u011fitim M\u00fcd\u00fcrl\u00fc\u011f\u00fc ve Akdeniz Kent Konseyi i\u015fbirli\u011finde y\u00fcr\u00fct\u00fclen \u201cBir Kitap da Benden Projesi\u201d \u00e7er\u00e7evesinde, Kahramanmara\u015fl\u0131 depremzede \u00e7ocuklara, hik\u00e2ye, roman &hellip; <a href=\"https:\/\/akdenizolaygazetesi.com\/?p=26953\" class=\"more-link\">Devam\u0131n\u0131 Oku&#8230;<\/a><\/p>\n","protected":false},"author":2,"featured_media":26954,"comment_status":"open","ping_status":"open","sticky":false,"template":"","format":"standard","meta":[],"categories":[2,3],"tags":[],"_links":{"self":[{"href":"https:\/\/akdenizolaygazetesi.com\/index.php?rest_route=\/wp\/v2\/posts\/26953"}],"collection":[{"href":"https:\/\/akdenizolaygazetesi.com\/index.php?rest_route=\/wp\/v2\/posts"}],"about":[{"href":"https:\/\/akdenizolaygazetesi.com\/index.php?rest_route=\/wp\/v2\/types\/post"}],"author":[{"embeddable":true,"href":"https:\/\/akdenizolaygazetesi.com\/index.php?rest_route=\/wp\/v2\/users\/2"}],"replies":[{"embeddable":true,"href":"https:\/\/akdenizolaygazetesi.com\/index.php?rest_route=%2Fwp%2Fv2%2Fcomments&post=26953"}],"version-history":[{"count":1,"href":"https:\/\/akdenizolaygazetesi.com\/index.php?rest_route=\/wp\/v2\/posts\/26953\/revisions"}],"predecessor-version":[{"id":26955,"href":"https:\/\/akdenizolaygazetesi.com\/index.php?rest_route=\/wp\/v2\/posts\/26953\/revisions\/26955"}],"wp:featuredmedia":[{"embeddable":true,"href":"https:\/\/akdenizolaygazetesi.com\/index.php?rest_route=\/wp\/v2\/media\/26954"}],"wp:attachment":[{"href":"https:\/\/akdenizolaygazetesi.com\/index.php?rest_route=%2Fwp%2Fv2%2Fmedia&parent=26953"}],"wp:term":[{"taxonomy":"category","embeddable":true,"href":"https:\/\/akdenizolaygazetesi.com\/index.php?rest_route=%2Fwp%2Fv2%2Fcategories&post=26953"},{"taxonomy":"post_tag","embeddable":true,"href":"https:\/\/akdenizolaygazetesi.com\/index.php?rest_route=%2Fwp%2Fv2%2Ftags&post=26953"}],"curies":[{"name":"wp","href":"https:\/\/api.w.org\/{rel}","templated":true}]}}