{"id":26959,"date":"2023-07-27T13:34:34","date_gmt":"2023-07-27T10:34:34","guid":{"rendered":"http:\/\/akdenizolaygazetesi.com\/?p=26959"},"modified":"2023-07-27T13:34:34","modified_gmt":"2023-07-27T10:34:34","slug":"toroslar-edastan-rekor-elektrik-tuketimine-sicak-mudahale","status":"publish","type":"post","link":"https:\/\/akdenizolaygazetesi.com\/?p=26959","title":{"rendered":"Toroslar EDA\u015e\u2019tan rekor elektrik t\u00fcketimine s\u0131cak m\u00fcdahale"},"content":{"rendered":"<p>-Mersin\u2019de artan s\u0131cakl\u0131klarla olu\u015fan klima kaynakl\u0131 rekor elektrik t\u00fcketimi, Toroslar EDA\u015e ekiplerinin k\u0131rsalda ve \u015fehirdeki zor \u015fartlarda verdi\u011fi yo\u011fun m\u00fccadele ile kar\u015f\u0131land\u0131<\/p>\n<p>Toroslar Elektrik Da\u011f\u0131t\u0131m A\u015e (Toroslar EDA\u015e) son g\u00fcnlerde artan s\u0131cakl\u0131klar ve klima kullan\u0131m\u0131 ile y\u00fckselen ve il baz\u0131ndaki rekor t\u00fcketimleri geride b\u0131rakan elektrik talebini kar\u015f\u0131lamak i\u00e7in 7 g\u00fcn 24 saat esas\u0131yla \u00e7al\u0131\u015fmalar\u0131n\u0131 s\u00fcrd\u00fcrd\u00fc. <\/p>\n<p>T\u00fcrkiye\u2019deki 21 elektrik da\u011f\u0131t\u0131m \u015firketi aras\u0131nda en \u00e7ok yat\u0131r\u0131m yapan \u015firket olmay\u0131 y\u0131llard\u0131r s\u00fcrd\u00fcren Toroslar EDA\u015e, Adana, Gaziantep, Hatay, Kilis, Mersin ve Osmaniye\u2019de 24 26 Temmuz aral\u0131\u011f\u0131nda ya\u015fanan y\u00fcksek s\u0131cakl\u0131klarda kesintisiz enerji m\u00fccadelesine, zor \u015fartlarda var g\u00fcc\u00fcyle devam etti.<\/p>\n<p>Hayata ge\u00e7irdi\u011fi yat\u0131r\u0131mlar sayesinde rekor elektrik talebini kar\u015f\u0131lamay\u0131 ba\u015faran Toroslar EDA\u015e\u2019\u0131n hizmet b\u00f6lgesindeki 6 ilde, elektrik talebi ge\u00e7en y\u0131l eri\u015filen rekorlar\u0131 \u00e7ok geride b\u0131rakarak yakla\u015f\u0131k y\u00fczde 27 art\u0131\u015f g\u00f6sterdi.<\/p>\n<p>-\u0130l baz\u0131nda y\u00fczde 50\u2019yi a\u015fan elektrik talep art\u0131\u015flar\u0131 ya\u015fand\u0131<\/p>\n<p>Toroslar EDA\u015e b\u00f6lgesindeki talep y\u00fckseli\u015fi incelendi\u011finde 24 Temmuz Pazartesi g\u00fcn\u00fc bir \u00f6nceki y\u0131l\u0131n ayn\u0131 g\u00fcn\u00fcne g\u00f6re Adana\u2019da y\u00fczde 34, Mersin\u2019de y\u00fczde 40, Osmaniye\u2019de y\u00fczde 46,  Kilis\u2019te ise y\u00fczde 51 art\u0131\u015f ger\u00e7ekle\u015fti.<\/p>\n<p>Ayn\u0131 g\u00fcnde 6 ildeki t\u00fcketim %27,3 art\u0131\u015f g\u00f6stererek 2.601 megavattan 3.312 megavata y\u00fckseldi.<\/p>\n<p>Toroslar EDA\u015e \u00f6zellikle Mersin ve Adana\u2019daki baz\u0131 mahallelerde mevcut ba\u011flant\u0131 g\u00fcc\u00fcn\u00fcn \u00e7ok \u00fczerinde t\u00fcketim olu\u015fmas\u0131 \u00fczerine meydana gelen kesintileri, s\u00f6z konusu noktalara t\u0131rlar ve vin\u00e7lerle getirdi\u011fi b\u00fcy\u00fck kapasiteli trafolar\u0131 devreye alarak giderdi.<\/p>\n<p>-Zor \u015fartlarda hummal\u0131 m\u00fccadele<\/p>\n<p>S\u0131cakl\u0131klar\u0131n y\u00fcksek seyretti\u011fi ve g\u00f6lgede kalman\u0131n dahi zorla\u015ft\u0131\u011f\u0131 g\u00fcnler boyunca Toroslar EDA\u015e ekipleri, k\u0131rsalda ve \u015fehir merkezlerinde bir yandan y\u00fcksek s\u0131cakl\u0131kla m\u00fccadele ederken bir yandan da bu s\u0131cakl\u0131klarla y\u00fckselen elektrik t\u00fcketiminin kesintisiz kar\u015f\u0131lanabilmesi i\u00e7in kelimenin tam anlam\u0131yla ter d\u00f6kt\u00fc. <\/p>\n<p>\u0130\u015f Sa\u011fl\u0131\u011f\u0131 ve G\u00fcvenli\u011fi tedbirlerinden \u00f6d\u00fcn vermeden \u00e7al\u0131\u015fmalar\u0131n\u0131 s\u00fcrd\u00fcren ekipler, a\u00e7\u0131k hava ve g\u00fcne\u015fin etkisiyle \u00e7ok y\u00fcksek s\u0131cakl\u0131klara \u00e7\u0131kan demir direklere t\u0131rmanarak zarar g\u00f6ren iletkenleri yeniledi, panolar\u0131 de\u011fi\u015ftirdi, zarar g\u00f6ren trafo merkezlerini onard\u0131.<\/p>\n<p>Toroslar EDA\u015e Hatay\u2019da devam eden enkaz kald\u0131rma \u00e7al\u0131\u015fmalar\u0131 ile koordineli y\u00fcr\u00fctt\u00fc\u011f\u00fc \u015febekenin yeniden kurulmas\u0131 \u00e7abas\u0131n\u0131 da s\u00fcrd\u00fcr\u00fcrken, b\u00f6lgede \u00e7ad\u0131r ve konteyner kentlere sa\u011flad\u0131\u011f\u0131 enerji arz\u0131n\u0131n kesintisiz sa\u011flanmas\u0131 ve depremzedelerin etkilenmemesi i\u00e7in u\u011fra\u015f verdi.<\/p>\n","protected":false},"excerpt":{"rendered":"<p>-Mersin\u2019de artan s\u0131cakl\u0131klarla olu\u015fan klima kaynakl\u0131 rekor elektrik t\u00fcketimi, Toroslar EDA\u015e ekiplerinin k\u0131rsalda ve \u015fehirdeki zor \u015fartlarda verdi\u011fi yo\u011fun m\u00fccadele ile kar\u015f\u0131land\u0131 Toroslar Elektrik Da\u011f\u0131t\u0131m A\u015e (Toroslar EDA\u015e) son g\u00fcnlerde &hellip; <a href=\"https:\/\/akdenizolaygazetesi.com\/?p=26959\" class=\"more-link\">Devam\u0131n\u0131 Oku&#8230;<\/a><\/p>\n","protected":false},"author":2,"featured_media":26960,"comment_status":"open","ping_status":"open","sticky":false,"template":"","format":"standard","meta":[],"categories":[3,11],"tags":[],"_links":{"self":[{"href":"https:\/\/akdenizolaygazetesi.com\/index.php?rest_route=\/wp\/v2\/posts\/26959"}],"collection":[{"href":"https:\/\/akdenizolaygazetesi.com\/index.php?rest_route=\/wp\/v2\/posts"}],"about":[{"href":"https:\/\/akdenizolaygazetesi.com\/index.php?rest_route=\/wp\/v2\/types\/post"}],"author":[{"embeddable":true,"href":"https:\/\/akdenizolaygazetesi.com\/index.php?rest_route=\/wp\/v2\/users\/2"}],"replies":[{"embeddable":true,"href":"https:\/\/akdenizolaygazetesi.com\/index.php?rest_route=%2Fwp%2Fv2%2Fcomments&post=26959"}],"version-history":[{"count":1,"href":"https:\/\/akdenizolaygazetesi.com\/index.php?rest_route=\/wp\/v2\/posts\/26959\/revisions"}],"predecessor-version":[{"id":26961,"href":"https:\/\/akdenizolaygazetesi.com\/index.php?rest_route=\/wp\/v2\/posts\/26959\/revisions\/26961"}],"wp:featuredmedia":[{"embeddable":true,"href":"https:\/\/akdenizolaygazetesi.com\/index.php?rest_route=\/wp\/v2\/media\/26960"}],"wp:attachment":[{"href":"https:\/\/akdenizolaygazetesi.com\/index.php?rest_route=%2Fwp%2Fv2%2Fmedia&parent=26959"}],"wp:term":[{"taxonomy":"category","embeddable":true,"href":"https:\/\/akdenizolaygazetesi.com\/index.php?rest_route=%2Fwp%2Fv2%2Fcategories&post=26959"},{"taxonomy":"post_tag","embeddable":true,"href":"https:\/\/akdenizolaygazetesi.com\/index.php?rest_route=%2Fwp%2Fv2%2Ftags&post=26959"}],"curies":[{"name":"wp","href":"https:\/\/api.w.org\/{rel}","templated":true}]}}