{"id":26962,"date":"2023-07-27T13:35:56","date_gmt":"2023-07-27T10:35:56","guid":{"rendered":"http:\/\/akdenizolaygazetesi.com\/?p=26962"},"modified":"2023-07-27T13:35:56","modified_gmt":"2023-07-27T10:35:56","slug":"buyuksehir-u-11-ve-u-12-futbol-senligi-sona-erdi","status":"publish","type":"post","link":"https:\/\/akdenizolaygazetesi.com\/?p=26962","title":{"rendered":"B\u00dcY\u00dcK\u015eEH\u0130R U-11 ve U-12 FUTBOL \u015eENL\u0130\u011e\u0130 SONA ERD\u0130"},"content":{"rendered":"<p>Mersin B\u00fcy\u00fck\u015fehir Belediyesi&#8217;nin, 7&#8217;den 70&#8217;e herkese sporu a\u015f\u0131lamak ve Mersin&#8217;i spor kenti yapma yolunda ger\u00e7ekle\u015ftirdi\u011fi projelerden biri olan &#8216;U-11 ve U-12 Futbol \u015eenlik Ligi&#8217;nin bu sene ikincisi d\u00fczenlendi. Gen\u00e7lik ve Spor Hizmetleri Dairesi Ba\u015fkanl\u0131\u011f\u0131&#8217;n\u0131n T\u00fcrkiye Futbol Federasyonu ve Amat\u00f6r Spor Kul\u00fcpleri Federasyonu i\u015fbirli\u011fi ile 8 Temmuz&#8217;da ba\u015flatt\u0131\u011f\u0131 turnuvan\u0131n sonuna gelindi. Amat\u00f6r futbol kul\u00fcpleri i\u00e7erisinde U-11 ve U-12 kategorilerinde k\u0131yas\u0131ya m\u00fccadele eden 80 tak\u0131m ve 1200 sporcu, galibiyet i\u00e7in ter d\u00f6kt\u00fc.<br \/>\nMacit \u00d6zcan Spor Tesisleri&#8217;nde ger\u00e7ekle\u015fen \u00f6d\u00fcl t\u00f6reninde; U-12 A Grubu&#8217;nun 1.&#8217;si Mersin B\u00fcy\u00fck\u015fehir Belediyesi Spor Kul\u00fcb\u00fc (MSK), U-12 B Grubu&#8217;nun 1.&#8217;si Akdeniz Zirve, U-12 C Grubu&#8217;nun 1.&#8217;si Akdeniz Belediyesi Spor Kul\u00fcb\u00fc, U-12 D Grubu&#8217;nun 1.&#8217;si Toroslar Kartal oldu. U-11 A Grubu&#8217;nun 1.&#8217;si \u00c7ukurova \u0130dman Yurdu, U-11 B Grubu&#8217;nun 1.&#8217;si Mersin Mezitli, U-11 C Grubu&#8217;nun 1.&#8217;si Mersinter olurken, U-11 D Grubu&#8217;nun 1.&#8217;si Akdeniz Zirve oldu.<br \/>\nTok: &#8220;Gelece\u011fin y\u0131ld\u0131z\u0131 olabilecek \u00e7ocuklar\u0131m\u0131z var&#8221;<br \/>\n\u00d6d\u00fcl t\u00f6reninde yapt\u0131\u011f\u0131 konu\u015fmada; Mersin B\u00fcy\u00fck\u015fehir Belediyesi, T\u00fcrkiye Futbol Federasyonu ve Amat\u00f6r Spor Kul\u00fcpleri Federasyonu ile birlikte d\u00fczenledikleri U11 ve U12 Futbol \u015eenli\u011fi&#8217;ni 8 Temmuz&#8217;da ba\u015flat\u0131p, 25 Temmuz&#8217;daki \u00f6d\u00fcl t\u00f6reni ile sonland\u0131rd\u0131klar\u0131n\u0131 s\u00f6yleyen Mersin B\u00fcy\u00fck\u015fehir Belediyesi Genel Sekreteri Olcay Tok, &#8220;Turnuva boyunca \u00e7ok g\u00fczel m\u00fccadeleler oldu. Asl\u0131nda ama\u00e7 kazanmaktan daha \u00e7ok; \u00e7ocuklar\u0131m\u0131za iyi bir e\u011fitim vermek, kat\u0131l\u0131mlar\u0131n\u0131 sa\u011flamak ve turnuvan\u0131n bir \u015fenlik havas\u0131 i\u00e7erisinde ge\u00e7mesini sa\u011flamakt\u0131. Ben amac\u0131n h\u00e2s\u0131l oldu\u011funu d\u00fc\u015f\u00fcn\u00fcyorum. Kat\u0131lan t\u00fcm \u00e7ocuklar\u0131m\u0131za ve ailelerine \u00e7ok te\u015fekk\u00fcr ediyorum&#8221; diye konu\u015ftu. Turnuvada, gelece\u011fin y\u0131ld\u0131z\u0131 olabilecek kapasitede sporcular\u0131n da yer ald\u0131\u011f\u0131na dikkat \u00e7eken Tok, &#8220;Turnuvaya kat\u0131lan 80 tak\u0131m i\u00e7erisinde 24 tak\u0131ma \u00f6d\u00fcl verdik, ama gelece\u011fin y\u0131ld\u0131z\u0131 olabilecek dedi\u011fimiz \u00e7ocuklar\u0131m\u0131z da var. \u0130n\u015fallah hepsi ayn\u0131 seviyede, gelece\u011fin y\u0131ld\u0131z\u0131 olarak devam ederler. Mersin B\u00fcy\u00fck\u015fehir Belediyesi olarak da, bu \u00e7ocuklar\u0131m\u0131za ciddi anlamda destek verece\u011fiz&#8221; dedi.<br \/>\nErta\u015f: &#8220;Hepiniz g\u00f6n\u00fcllerin \u015fampiyonusunuz&#8221;<br \/>\nMersin Amat\u00f6r Spor Kul\u00fcpleri Federasyonu Ba\u015fkan\u0131 Mithat Erta\u015f, Futbol \u015eenlik Ligi&#8217;nin bu y\u0131l 2.&#8217;sini ger\u00e7ekle\u015ftirdiklerinden s\u00f6z ederek, &#8220;Bu y\u0131l kat\u0131l\u0131m \u00e7ok fazla oldu. Ben \u00f6ncelikle kat\u0131lan tak\u0131mlara, hocalar\u0131m\u0131za, y\u00f6netim kurulu ba\u015fkanlar\u0131m\u0131za, kul\u00fcp idarecilerimize, \u015fahs\u0131m ve Federasyonum ad\u0131na te\u015fekk\u00fcr ediyorum. 20 g\u00fcn boyunca her g\u00fcn 16 m\u00fcsabaka yap\u0131ld\u0131. T\u00fcrkiye&#8217;nin hi\u00e7bir yerinde b\u00f6yle bir organizasyon olmam\u0131\u015ft\u0131r. Ben \u00f6zellikle organizasyondan ve amat\u00f6r spora desteklerinden dolay\u0131 B\u00fcy\u00fck\u015fehir Belediye Ba\u015fkan\u0131m Say\u0131n Vahap Se\u00e7er&#8217;e ve ekibine sonsuz \u015f\u00fckranlar\u0131m\u0131 sunuyorum&#8221; diye konu\u015ftu.<br \/>\nMersin B\u00fcy\u00fck\u015fehir Belediyesi&#8217;nin ge\u00e7ti\u011fimiz ay da ba\u015far\u0131l\u0131 antren\u00f6r ve sporcular\u0131 \u00f6d\u00fcllendirdi\u011fini an\u0131msatan Erta\u015f, &#8220;Say\u0131n Ba\u015fkan\u0131m\u0131z, amat\u00f6r kul\u00fcplerimize her y\u0131l yapt\u0131\u011f\u0131 nakdi yard\u0131m\u0131 Eyl\u00fcl ay\u0131nda yine yapacak. Bu yap\u0131lan yard\u0131mlar, amat\u00f6rleri ve bizleri son derece memnun etmektedir. Bu sene turnuvay\u0131, ya\u015fanan deprem sebebiyle 1,5 ay ge\u00e7 ba\u015flatt\u0131k.  Bu y\u00fczden turnuva, havalar\u0131n s\u0131cak oldu\u011fu bir d\u00f6neme denk geldi. Organizasyonda eme\u011fi ge\u00e7en herkese te\u015fekk\u00fcr ediyorum. Hepiniz g\u00f6n\u00fcllerin \u015fampiyonusunuz, hepinizi tebrik ediyorum&#8221; ifadelerini kulland\u0131.<br \/>\n\u00c7\u0131kan: &#8220;Bize en b\u00fcy\u00fck katk\u0131y\u0131 Ba\u015fkan\u0131m\u0131z Vahap Se\u00e7er sundu&#8221;<br \/>\nTurnuvan\u0131n \u00e7ok zevkli ge\u00e7ti\u011fini ve \u00f6nemli m\u00fcsabakalara sahne oldu\u011funu ifade eden Akdeniz Zirve Spor Antren\u00f6r\u00fc Abdulkadir \u00c7\u0131kan, &#8220;Ge\u00e7en sene de, bu sene de bu turnuvaya en b\u00fcy\u00fck katk\u0131y\u0131 B\u00fcy\u00fck\u015fehir Belediye Ba\u015fkan\u0131m\u0131z Vahap Se\u00e7er sundu. Ba\u015fkan\u0131m\u0131za kendim, tak\u0131m\u0131m ve b\u00fct\u00fcn tak\u0131mlar, \u00e7ocuklar ad\u0131na \u00e7ok te\u015fekk\u00fcr ediyorum&#8221; dedi.<br \/>\nEr\u015fit: &#8220;Hep birlikte bir aile gibi olduk&#8221;<br \/>\nCam Spor Kul\u00fcb\u00fc teknik sorumlusu Ramazan Er\u015fit, &#8220;Turnuvada 2. olduk. Biz 12 ay boyunca \u00e7al\u0131\u015f\u0131yoruz. T\u00fcrkiye d\u0131\u015f\u0131nda da b\u00fct\u00fcn turnuvalara gidiyoruz. Velilerle, sporcularla hep birlikte bir aile gibi olduk. G\u00fczel bir ortam yakalad\u0131k. \u00c7al\u0131\u015farak buralara kadar geldik. Elbette 2.&#8217;lik de\u011fil 1.&#8217;lik ba\u015far\u0131, ama yapacak bir \u015fey yok. \u00d6n\u00fcm\u00fczdeki sene de hedefimiz \u015fampiyonluk. 20 g\u00fcn sonra Nev\u015fehir&#8217;de bir turnuvaya gidece\u011fiz. T\u00fcrkiye&#8217;nin her yerinden gelen tak\u0131mlar var. Orada da in\u015fallah hedefimiz 1. olmak&#8221; dedi.<br \/>\nOyuncular Futbol \u015eenli\u011fi&#8217;nden mutlu ayr\u0131ld\u0131<br \/>\nTurnuvada ter d\u00f6ken futbolculardan 12 ya\u015f\u0131ndaki Ali Emir Tekin 2. olduklar\u0131ndan s\u00f6z ederek, &#8220;\u00d6ncelikle b\u00fct\u00fcn tak\u0131m arkada\u015flar\u0131ma te\u015fekk\u00fcr ediyorum. Ba\u015far\u0131l\u0131 olmak g\u00fczel hissettiriyor, ama daha bu yetmez. \u00d6n\u00fcm\u00fczde birincilik var ve onu almaya \u00e7al\u0131\u015faca\u011f\u0131z&#8221; diye konu\u015ftu.<br \/>\n2. olan tak\u0131m\u0131n oyuncular\u0131ndan Taha Yasir Kesmeci de, &#8220;Ben ge\u00e7en sene de bu turnuvaya U-11 kategorisinde kat\u0131ld\u0131m. Kupa almaya devam edece\u011fiz. Seneye de \u015fampiyonuz&#8221; dedi.<br \/>\nMuhammed Ali Aras ise \u00e7ok heyecanl\u0131 oldu\u011funu belirterek, &#8220;Kupa kazand\u0131k. Ba\u015far\u0131lar\u0131m\u0131z\u0131n devam etmesini ve gelecekte de bunu s\u00fcrd\u00fcrmek istiyorum. Bir\u00e7ok \u015fampiyonluk kazanaca\u011f\u0131z. \u00c7al\u0131\u015fmalara devam edece\u011fiz. Herkesi tebrik ederim&#8221; ifadelerini kulland\u0131.<\/p>\n","protected":false},"excerpt":{"rendered":"<p>Mersin B\u00fcy\u00fck\u015fehir Belediyesi&#8217;nin, 7&#8217;den 70&#8217;e herkese sporu a\u015f\u0131lamak ve Mersin&#8217;i spor kenti yapma yolunda ger\u00e7ekle\u015ftirdi\u011fi projelerden biri olan &#8216;U-11 ve U-12 Futbol \u015eenlik Ligi&#8217;nin bu sene ikincisi d\u00fczenlendi. Gen\u00e7lik ve &hellip; <a href=\"https:\/\/akdenizolaygazetesi.com\/?p=26962\" class=\"more-link\">Devam\u0131n\u0131 Oku&#8230;<\/a><\/p>\n","protected":false},"author":2,"featured_media":26963,"comment_status":"open","ping_status":"open","sticky":false,"template":"","format":"standard","meta":[],"categories":[3,10],"tags":[],"_links":{"self":[{"href":"https:\/\/akdenizolaygazetesi.com\/index.php?rest_route=\/wp\/v2\/posts\/26962"}],"collection":[{"href":"https:\/\/akdenizolaygazetesi.com\/index.php?rest_route=\/wp\/v2\/posts"}],"about":[{"href":"https:\/\/akdenizolaygazetesi.com\/index.php?rest_route=\/wp\/v2\/types\/post"}],"author":[{"embeddable":true,"href":"https:\/\/akdenizolaygazetesi.com\/index.php?rest_route=\/wp\/v2\/users\/2"}],"replies":[{"embeddable":true,"href":"https:\/\/akdenizolaygazetesi.com\/index.php?rest_route=%2Fwp%2Fv2%2Fcomments&post=26962"}],"version-history":[{"count":1,"href":"https:\/\/akdenizolaygazetesi.com\/index.php?rest_route=\/wp\/v2\/posts\/26962\/revisions"}],"predecessor-version":[{"id":26964,"href":"https:\/\/akdenizolaygazetesi.com\/index.php?rest_route=\/wp\/v2\/posts\/26962\/revisions\/26964"}],"wp:featuredmedia":[{"embeddable":true,"href":"https:\/\/akdenizolaygazetesi.com\/index.php?rest_route=\/wp\/v2\/media\/26963"}],"wp:attachment":[{"href":"https:\/\/akdenizolaygazetesi.com\/index.php?rest_route=%2Fwp%2Fv2%2Fmedia&parent=26962"}],"wp:term":[{"taxonomy":"category","embeddable":true,"href":"https:\/\/akdenizolaygazetesi.com\/index.php?rest_route=%2Fwp%2Fv2%2Fcategories&post=26962"},{"taxonomy":"post_tag","embeddable":true,"href":"https:\/\/akdenizolaygazetesi.com\/index.php?rest_route=%2Fwp%2Fv2%2Ftags&post=26962"}],"curies":[{"name":"wp","href":"https:\/\/api.w.org\/{rel}","templated":true}]}}