{"id":26965,"date":"2023-07-27T13:37:11","date_gmt":"2023-07-27T10:37:11","guid":{"rendered":"http:\/\/akdenizolaygazetesi.com\/?p=26965"},"modified":"2023-07-27T13:37:11","modified_gmt":"2023-07-27T10:37:11","slug":"buyuksehir-kardes-sehirler-degisim-programina-ev-sahipligi-yapiyor","status":"publish","type":"post","link":"https:\/\/akdenizolaygazetesi.com\/?p=26965","title":{"rendered":"B\u00dcY\u00dcK\u015eEH\u0130R &#8216;KARDE\u015e \u015eEH\u0130RLER DE\u011e\u0130\u015e\u0130M PROGRAMI&#8217;NA EV SAH\u0130PL\u0130\u011e\u0130 YAPIYOR"},"content":{"rendered":"<p>Mersin B\u00fcy\u00fck\u015fehir Belediyesi; k\u00fclt\u00fcrleraras\u0131 dostluklar\u0131 geli\u015ftirmek, peki\u015ftirmek ve kal\u0131c\u0131 hale getirmek maksad\u0131yla her y\u0131l d\u00fczenlenen &#8216;Karde\u015f \u015eehirler De\u011fi\u015fim Program\u0131na&#8217; ev sahipli\u011fi yap\u0131yor. Ge\u00e7ti\u011fimiz y\u0131l Almanya&#8217;n\u0131n Oberhausen kentinde misafir edilen T\u00fcrk \u00f6\u011frenciler, bu y\u0131l Almanya&#8217;dan gelen 10 \u00f6\u011frenci ve 2 lider, Mersin B\u00fcy\u00fck\u015fehir Belediyesi&#8217;nin katk\u0131lar\u0131yla Mersin&#8217;de a\u011f\u0131rl\u0131yor.<\/p>\n<p>K\u00fclt\u00fcr ve Sosyal \u0130\u015fler Dairesi Ba\u015fkanl\u0131\u011f\u0131 taraf\u0131ndan d\u00fczenlenen program kapsam\u0131nda iki hafta boyunca Mersin&#8217;de konaklayacak olan yabanc\u0131 \u00f6\u011frenciler; kentin tarihinden mimarisine, sosyal faaliyetlerinden gastronomisine var\u0131ncaya kadar yeni bir k\u00fclt\u00fcr\u00fc deneyimleme imkan\u0131 bulacak.<\/p>\n<p>De\u011fi\u015fim program\u0131 kapsam\u0131nda \u00f6\u011frencilerin gezi adresinin ilk dura\u011f\u0131 Toroslar il\u00e7esine ba\u011fl\u0131 Dar\u0131sekisi \u00d6rnek K\u00f6y&#8217;\u00fc oldu. Mersin&#8217;e \u00f6zg\u00fc y\u00f6resel lezzetlerden olan s\u0131kma ve g\u00f6zlemenin tad\u0131na bak\u0131p hamur a\u00e7may\u0131 deneyen \u00f6\u011frenciler, daha sonra Dar\u0131sekisi&#8217;ni gezerek hat\u0131ra foto\u011fraf\u0131 \u00e7ekildiler.<\/p>\n<p>\u015eahing\u00f6kl\u00fc: &#8216;Karde\u015f \u015eehirler De\u011fi\u015fim Program\u0131&#8217; \u00e7ocuklara yeni bir kap\u0131 a\u00e7\u0131yor<br \/>\n22 Temmuz&#8217;da ba\u015flayan \u00f6\u011frenci de\u011fi\u015fim program\u0131n\u0131n 5 A\u011fustos&#8217;ta sona erece\u011fini belirten K\u00fclt\u00fcr ve Sosyal \u0130\u015fler Dairesi Ba\u015fkanl\u0131\u011f\u0131&#8217;nda Terc\u00fcman olarak g\u00f6rev yapan Ufuk \u015eahing\u00f6kl\u00fc, &#8220;Program\u0131 Almanya&#8217;dan gelen 12 ki\u015filik bir grubun yan\u0131 s\u0131ra, 10 T\u00fcrk \u00f6\u011frencimiz ve liderimizle birlikte ger\u00e7ekle\u015ftiriyoruz&#8221; dedi. De\u011fi\u015fim program\u0131n\u0131n, kal\u0131c\u0131 dostluklar edinmenin yan\u0131 s\u0131ra, misafirlere k\u00fclt\u00fcrel de\u011ferleri anlatman\u0131n g\u00fczel bir yolu oldu\u011funu da ifade eden \u015eahing\u00f6kl\u00fc, &#8220;Misafirlerimize gastronomimizi, tarihimizi, k\u00fclt\u00fcr\u00fcm\u00fcz\u00fcn \u00f6nemli yerlerini tan\u0131t\u0131yoruz. Ayn\u0131 zamanda sanatsal ve spor etkinliklerimiz oluyor. Dar\u0131sekisi \u00d6rnek K\u00f6y\u00fc&#8217;ndeki etkinlikte misafirlerimiz, y\u00f6reye \u00f6zg\u00fc s\u0131kma ve g\u00f6zleme yapmay\u0131 denediler&#8221; diye konu\u015ftu.<\/p>\n<p>\u0130lerleyen g\u00fcnlerde Gastronomi Kona\u011f\u0131&#8217;nda y\u00f6resel \u00fcr\u00fcnlerle lavanta distilasyonu, mum yap\u0131m\u0131, humus yap\u0131m\u0131 gibi k\u00fclt\u00fcrel deneyimleri de payla\u015facaklar\u0131n\u0131 kaydeden \u015eahing\u00f6kl\u00fc, program sayesinde \u00e7ok g\u00fczel dostluklar edinildi\u011fini belirterek, &#8220;Sadece bir u\u00e7ak bileti alarak yabanc\u0131 bir \u00fclkeyi gezme imkan\u0131n\u0131z oluyor. \u00c7ocuklar\u0131m\u0131z\u0131n gittikleri yerlerde, her bir ailenin mutfa\u011f\u0131n\u0131 tan\u0131ma imkanlar\u0131 da oluyor&#8221; dedi.<\/p>\n<p>&#8220;\u00d6\u011frenciler yeni bir k\u00fclt\u00fcr\u00fc deneyimlemenin tad\u0131n\u0131 \u00e7\u0131kar\u0131yor&#8221;<br \/>\n\u00d6\u011frenci de\u011fi\u015fim program\u0131 sayesinde k\u00fclt\u00fcrel geziler yap\u0131p, kal\u0131c\u0131 dostluklar edindi\u011fini s\u00f6yleyen Tu\u011f\u00e7e Aydo\u011fan, &#8220;Ge\u00e7en sene, Oberhausen kentini ziyaret etmi\u015ftik. Bu y\u0131l kentimizde yap\u0131lan programda deniz etkinlikleri ve partiler d\u00fczenliyoruz. Program sayesinde dilimiz geli\u015fiyor. Bu y\u00fczden bizim a\u00e7\u0131m\u0131zdan \u00e7ok iyi oldu\u011funu d\u00fc\u015f\u00fcn\u00fcyorum&#8221; dedi. Ge\u00e7en sene Almanya&#8217;da kald\u0131klar\u0131 ailelerin \u00e7ok ilgili olduklar\u0131n\u0131 anlatan Aydo\u011fan, &#8220;Kald\u0131\u011f\u0131m aile benimle ger\u00e7ekten \u00e7ok g\u00fczel ilgilendi. Halen onlarla ileti\u015fim halindeyiz. Ge\u00e7en y\u0131lki deneyimlerim sayesinde kendime g\u00fcvenim artt\u0131&#8221; diye konu\u015ftu.<\/p>\n<p>\u00d6\u011frenci de\u011fi\u015fim program\u0131na kat\u0131lan Arda F\u0131rat G\u00f6k, &#8220;Farkl\u0131 k\u00fclt\u00fcrlerden gelen insanlarla konu\u015fma, onlar\u0131n k\u00fclt\u00fcrlerini \u00f6\u011frenme ve zaman ge\u00e7irme f\u0131rsat\u0131 ger\u00e7ekten \u00e7ok g\u00fczel bir deneyim. Uzun vadede bunun \u00e7ok faydas\u0131n\u0131 g\u00f6rece\u011fime inan\u0131yorum&#8221; diye konu\u015ftu. Program\u0131 hayat boyu unutulmayacak bir tecr\u00fcbe olarak g\u00f6ren G\u00f6k, &#8220;Bir y\u0131l \u00f6nce b\u00f6yle bir \u015feyin olaca\u011f\u0131n\u0131 tahmin bile etmezken, \u015fimdi bu deneyimin bir par\u00e7as\u0131 oldu\u011fum i\u00e7in \u00e7ok mutluyum. \u015eu an her \u015fey normal g\u00f6z\u00fckse de, hi\u00e7bir yerde bulamayaca\u011f\u0131m\u0131z bir deneyim bizim i\u00e7in. Projeyi yapan ve emek veren herkese \u00e7ok te\u015fekk\u00fcr ediyorum&#8221; dedi.<\/p>\n<p>Programa kat\u0131ld\u0131\u011f\u0131 i\u00e7in \u00e7ok iyi hissetti\u011fini s\u00f6yleyen Ekin G\u00fcrcan ise, &#8220;De\u011fi\u015fim program\u0131nda ikinci y\u0131l\u0131m. Burada \u00e7ok g\u00fczel tecr\u00fcbeler ve yeni arkada\u015flar edindim. Bizden \u00e7ok farkl\u0131 k\u00fclt\u00fcrleri var. Belediyemiz arac\u0131l\u0131\u011f\u0131yla gen\u00e7 ya\u015fta bu deneyime sahip olmak ger\u00e7ekten \u00e7ok \u00f6zel&#8221; diye konu\u015ftu.<\/p>\n","protected":false},"excerpt":{"rendered":"<p>Mersin B\u00fcy\u00fck\u015fehir Belediyesi; k\u00fclt\u00fcrleraras\u0131 dostluklar\u0131 geli\u015ftirmek, peki\u015ftirmek ve kal\u0131c\u0131 hale getirmek maksad\u0131yla her y\u0131l d\u00fczenlenen &#8216;Karde\u015f \u015eehirler De\u011fi\u015fim Program\u0131na&#8217; ev sahipli\u011fi yap\u0131yor. Ge\u00e7ti\u011fimiz y\u0131l Almanya&#8217;n\u0131n Oberhausen kentinde misafir edilen T\u00fcrk &hellip; <a href=\"https:\/\/akdenizolaygazetesi.com\/?p=26965\" class=\"more-link\">Devam\u0131n\u0131 Oku&#8230;<\/a><\/p>\n","protected":false},"author":2,"featured_media":26966,"comment_status":"open","ping_status":"open","sticky":false,"template":"","format":"standard","meta":[],"categories":[3],"tags":[],"_links":{"self":[{"href":"https:\/\/akdenizolaygazetesi.com\/index.php?rest_route=\/wp\/v2\/posts\/26965"}],"collection":[{"href":"https:\/\/akdenizolaygazetesi.com\/index.php?rest_route=\/wp\/v2\/posts"}],"about":[{"href":"https:\/\/akdenizolaygazetesi.com\/index.php?rest_route=\/wp\/v2\/types\/post"}],"author":[{"embeddable":true,"href":"https:\/\/akdenizolaygazetesi.com\/index.php?rest_route=\/wp\/v2\/users\/2"}],"replies":[{"embeddable":true,"href":"https:\/\/akdenizolaygazetesi.com\/index.php?rest_route=%2Fwp%2Fv2%2Fcomments&post=26965"}],"version-history":[{"count":1,"href":"https:\/\/akdenizolaygazetesi.com\/index.php?rest_route=\/wp\/v2\/posts\/26965\/revisions"}],"predecessor-version":[{"id":26967,"href":"https:\/\/akdenizolaygazetesi.com\/index.php?rest_route=\/wp\/v2\/posts\/26965\/revisions\/26967"}],"wp:featuredmedia":[{"embeddable":true,"href":"https:\/\/akdenizolaygazetesi.com\/index.php?rest_route=\/wp\/v2\/media\/26966"}],"wp:attachment":[{"href":"https:\/\/akdenizolaygazetesi.com\/index.php?rest_route=%2Fwp%2Fv2%2Fmedia&parent=26965"}],"wp:term":[{"taxonomy":"category","embeddable":true,"href":"https:\/\/akdenizolaygazetesi.com\/index.php?rest_route=%2Fwp%2Fv2%2Fcategories&post=26965"},{"taxonomy":"post_tag","embeddable":true,"href":"https:\/\/akdenizolaygazetesi.com\/index.php?rest_route=%2Fwp%2Fv2%2Ftags&post=26965"}],"curies":[{"name":"wp","href":"https:\/\/api.w.org\/{rel}","templated":true}]}}