{"id":26968,"date":"2023-07-27T13:39:07","date_gmt":"2023-07-27T10:39:07","guid":{"rendered":"http:\/\/akdenizolaygazetesi.com\/?p=26968"},"modified":"2023-07-27T13:39:07","modified_gmt":"2023-07-27T10:39:07","slug":"baskan-gultak-bu-yil-ikincisi-duzenlenecek-etkinlige-tum-mersinlileri-davet-etti","status":"publish","type":"post","link":"https:\/\/akdenizolaygazetesi.com\/?p=26968","title":{"rendered":"Ba\u015fkan G\u00fcltak, bu y\u0131l ikincisi d\u00fczenlenecek etkinli\u011fe t\u00fcm Mersinlileri davet etti"},"content":{"rendered":"<p>Akdeniz Belediyesi\u2019nin, ilkini ge\u00e7en y\u0131l d\u00fczenledi\u011fi, yerel, ulusal ve uluslararas\u0131 \u00f6l\u00e7ekte b\u00fcy\u00fck ilgi \u00e7eken Esenli \u00dcz\u00fcm Festivali\u2019nin 2\u2019ncisi, bu hafta sonu ger\u00e7ekle\u015fecek. Ba\u015fkan G\u00fcltak, 30 Temmuz Pazar g\u00fcn\u00fc Esenli Mahalle Meydan\u0131\u2019nda organize edilecek \u00fcz\u00fcm \u015fenli\u011finin ba\u015flama saatinin 16:00 oldu\u011funu hat\u0131rlatarak t\u00fcm Mersinlileri davet etti<br \/>\nAkdeniz Belediyesi\u2019nin, Esenli ve civar b\u00f6lgelerdeki \u00fcreticilerin de kat\u0131l\u0131m\u0131 ve deste\u011fiyle birlikte, ge\u00e7en y\u0131l Mersin\u2019de ilk kez d\u00fczenledi\u011fi \u201cEsenli \u00dcz\u00fcm \u015eenli\u011fi\u201d y\u00fczlerce \u00fcreticinin yan\u0131 s\u0131ra tar\u0131m sekt\u00f6r\u00fcn\u00fcn bir\u00e7ok \u00f6nemli temsilcisini bir araya getirmi\u015fti. Farkl\u0131 il ve il\u00e7elerden gelen binlerce vatanda\u015f\u0131n kat\u0131l\u0131m\u0131yla ger\u00e7ekle\u015fen \u015fenlikte \u00fcreticiler, yeti\u015ftirdikleri \u00fcz\u00fcmleri tan\u0131tma, b\u00f6ylelikle yerel ve ulusal pazarda g\u00fc\u00e7lenme imk\u00e2n\u0131 elde etmi\u015fti.<br \/>\n\u015eenli\u011fin ikincisi Pazar g\u00fcn\u00fc\u2026<br \/>\nEsenli \u00dcz\u00fcm \u015eenli\u011fi\u2019nin ikincisi, bu y\u0131l ayn\u0131 co\u015fku ve heyecanla yeniden ger\u00e7ekle\u015fecek. Esenli K\u00f6y Meydan\u0131&#8217;nda 30 Temmuz Pazar g\u00fcn\u00fc saat 16:00\u2019da ba\u015flayacak olan \u015fenlikte en iyi \u00fcz\u00fcm yar\u0131\u015fmalar\u0131, m\u00fczik dinletileri, \u00e7ocuk e\u011flence alanlar\u0131, daha pek \u00e7ok e\u011flenceli aktivite ile lezzet e\u011flenceyle bulu\u015facak. \u015eenli\u011fin ilerleyen saatlerinde co\u015fku, Ay\u015fe Din\u00e7er konseri ile daha da y\u00fckselecek.<br \/>\nBa\u015fkan G\u00fcltak\u2019tan \u00fcz\u00fcm \u015fenli\u011fine davet\u2026<br \/>\nAkdeniz Belediye Ba\u015fkan\u0131 M. Mustafa G\u00fcltak da yapt\u0131\u011f\u0131 \u00e7a\u011fr\u0131da, Pazar g\u00fcn\u00fc ikincisi d\u00fczenlenecek olan Esenli \u00dcz\u00fcm \u015eenli\u011fi\u2019ne t\u00fcm Mersinlileri ve \u00e7evre illerde ya\u015fayan vatanda\u015flar\u0131 davet etti. \u0130lkinde oldu\u011fu gibi bu y\u0131lki \u00fcz\u00fcm \u015fenli\u011finin de b\u00fcy\u00fck bir ilgi ve be\u011feni g\u00f6rece\u011fine inand\u0131\u011f\u0131n\u0131 kaydeden Ba\u015fkan G\u00fcltak; \u201cLezzetin e\u011flence ile bulu\u015faca\u011f\u0131, en g\u00fczel \u00fcz\u00fcm yar\u0131\u015fmalar\u0131, farkl\u0131 aktiviteler, m\u00fczik dinletileri ve Ay\u015fe Din\u00e7er konseri ile co\u015fkunun hi\u00e7 d\u00fc\u015fmeyece\u011fi \u00fcz\u00fcm \u015fenli\u011fimize t\u00fcm vatanda\u015flar\u0131m\u0131z davetlidir. Bu Pazar kimseye randevu vermeyin. 7\u2019den 70\u2019e herkesi, Esenli\u2019ye kazand\u0131rd\u0131\u011f\u0131m\u0131z Mahalle Meydan\u0131\u2019nda ger\u00e7ekle\u015ftirece\u011fimiz \u015fenli\u011fimize bekliyoruz\u201d ifadelerini kulland\u0131.<\/p>\n","protected":false},"excerpt":{"rendered":"<p>Akdeniz Belediyesi\u2019nin, ilkini ge\u00e7en y\u0131l d\u00fczenledi\u011fi, yerel, ulusal ve uluslararas\u0131 \u00f6l\u00e7ekte b\u00fcy\u00fck ilgi \u00e7eken Esenli \u00dcz\u00fcm Festivali\u2019nin 2\u2019ncisi, bu hafta sonu ger\u00e7ekle\u015fecek. Ba\u015fkan G\u00fcltak, 30 Temmuz Pazar g\u00fcn\u00fc Esenli Mahalle &hellip; <a href=\"https:\/\/akdenizolaygazetesi.com\/?p=26968\" class=\"more-link\">Devam\u0131n\u0131 Oku&#8230;<\/a><\/p>\n","protected":false},"author":2,"featured_media":26969,"comment_status":"open","ping_status":"open","sticky":false,"template":"","format":"standard","meta":[],"categories":[2,3],"tags":[],"_links":{"self":[{"href":"https:\/\/akdenizolaygazetesi.com\/index.php?rest_route=\/wp\/v2\/posts\/26968"}],"collection":[{"href":"https:\/\/akdenizolaygazetesi.com\/index.php?rest_route=\/wp\/v2\/posts"}],"about":[{"href":"https:\/\/akdenizolaygazetesi.com\/index.php?rest_route=\/wp\/v2\/types\/post"}],"author":[{"embeddable":true,"href":"https:\/\/akdenizolaygazetesi.com\/index.php?rest_route=\/wp\/v2\/users\/2"}],"replies":[{"embeddable":true,"href":"https:\/\/akdenizolaygazetesi.com\/index.php?rest_route=%2Fwp%2Fv2%2Fcomments&post=26968"}],"version-history":[{"count":1,"href":"https:\/\/akdenizolaygazetesi.com\/index.php?rest_route=\/wp\/v2\/posts\/26968\/revisions"}],"predecessor-version":[{"id":26970,"href":"https:\/\/akdenizolaygazetesi.com\/index.php?rest_route=\/wp\/v2\/posts\/26968\/revisions\/26970"}],"wp:featuredmedia":[{"embeddable":true,"href":"https:\/\/akdenizolaygazetesi.com\/index.php?rest_route=\/wp\/v2\/media\/26969"}],"wp:attachment":[{"href":"https:\/\/akdenizolaygazetesi.com\/index.php?rest_route=%2Fwp%2Fv2%2Fmedia&parent=26968"}],"wp:term":[{"taxonomy":"category","embeddable":true,"href":"https:\/\/akdenizolaygazetesi.com\/index.php?rest_route=%2Fwp%2Fv2%2Fcategories&post=26968"},{"taxonomy":"post_tag","embeddable":true,"href":"https:\/\/akdenizolaygazetesi.com\/index.php?rest_route=%2Fwp%2Fv2%2Ftags&post=26968"}],"curies":[{"name":"wp","href":"https:\/\/api.w.org\/{rel}","templated":true}]}}