{"id":26971,"date":"2023-07-27T13:40:19","date_gmt":"2023-07-27T10:40:19","guid":{"rendered":"http:\/\/akdenizolaygazetesi.com\/?p=26971"},"modified":"2023-07-27T13:40:19","modified_gmt":"2023-07-27T10:40:19","slug":"depremzede-kadinlardan-baskan-abdullah-ozyigite-tesekkur-ziyareti","status":"publish","type":"post","link":"https:\/\/akdenizolaygazetesi.com\/?p=26971","title":{"rendered":"Depremzede kad\u0131nlardan Ba\u015fkan Abdullah \u00d6zyi\u011fit\u2019e te\u015fekk\u00fcr ziyareti"},"content":{"rendered":"<p>Mersin Yeni\u015fehir Belediyesinin ge\u00e7ti\u011fimiz ay d\u00fczenledi\u011fi etkinlikte stant a\u00e7arak el eme\u011fi \u00fcr\u00fcnlerini bir hafta boyunca sat\u0131\u015fa sunan Hatayl\u0131 depremzede kad\u0131nlar, Yeni\u015fehir Belediye Ba\u015fkan\u0131 Abdullah \u00d6zyi\u011fit\u2019i ziyaret ederek desteklerinden dolay\u0131 te\u015fekk\u00fcr etti.<br \/>\nMersin Yeni\u015fehir Belediyesi, deprem felaketinden sonra Mersin\u2019e gelen depremzede yurtta\u015flara deste\u011fini s\u00fcrd\u00fcr\u00fcyor. Ge\u00e7ici bar\u0131nma merkezlerinde depremzedelere ev sahipli\u011fi yapan Yeni\u015fehir Belediyesi, ge\u00e7ti\u011fimiz ay depremzede kad\u0131nlar i\u00e7in dayan\u0131\u015fma etkinli\u011fi d\u00fczenlemi\u015fti. D\u00fczenlenen etkinlikte Hatayl\u0131 yurtta\u015flar, Hatay\u2019\u0131n y\u00f6resel lezzetleri, hediyelik e\u015fyalar, el eme\u011fi tak\u0131 ve tasar\u0131m \u00fcr\u00fcnlerini kurulan stantlarda sat\u0131\u015fa sunmu\u015ftu. Hatayl\u0131 depremzede kad\u0131nlar Yeni\u015fehir Belediye Ba\u015fkan\u0131 Abdullah \u00d6zyi\u011fit\u2019i ziyaret ederek, desteklerinden dolay\u0131 te\u015fekk\u00fcr etti. Ziyarette konu\u015fan Ba\u015fkan \u00d6zyi\u011fit, \u201cMersinli hem\u015fehrilerime dayan\u0131\u015fma etkinli\u011fimize g\u00f6sterdikleri yo\u011fun ilgi ve duyarl\u0131l\u0131klar\u0131ndan dolay\u0131 te\u015fekk\u00fcr ediyorum.  Hep birlikte yaralar\u0131 sarmak i\u00e7in ilk g\u00fcnden bu yana b\u00fcy\u00fck bir m\u00fccadele i\u00e7erisindeyiz. Kalbimiz ve t\u00fcm deste\u011fimizle depremzede karde\u015flerimizin yan\u0131nda olmaya devam edece\u011fiz\u201d dedi. <\/p>\n","protected":false},"excerpt":{"rendered":"<p>Mersin Yeni\u015fehir Belediyesinin ge\u00e7ti\u011fimiz ay d\u00fczenledi\u011fi etkinlikte stant a\u00e7arak el eme\u011fi \u00fcr\u00fcnlerini bir hafta boyunca sat\u0131\u015fa sunan Hatayl\u0131 depremzede kad\u0131nlar, Yeni\u015fehir Belediye Ba\u015fkan\u0131 Abdullah \u00d6zyi\u011fit\u2019i ziyaret ederek desteklerinden dolay\u0131 te\u015fekk\u00fcr &hellip; <a href=\"https:\/\/akdenizolaygazetesi.com\/?p=26971\" class=\"more-link\">Devam\u0131n\u0131 Oku&#8230;<\/a><\/p>\n","protected":false},"author":2,"featured_media":26972,"comment_status":"open","ping_status":"open","sticky":false,"template":"","format":"standard","meta":[],"categories":[3],"tags":[],"_links":{"self":[{"href":"https:\/\/akdenizolaygazetesi.com\/index.php?rest_route=\/wp\/v2\/posts\/26971"}],"collection":[{"href":"https:\/\/akdenizolaygazetesi.com\/index.php?rest_route=\/wp\/v2\/posts"}],"about":[{"href":"https:\/\/akdenizolaygazetesi.com\/index.php?rest_route=\/wp\/v2\/types\/post"}],"author":[{"embeddable":true,"href":"https:\/\/akdenizolaygazetesi.com\/index.php?rest_route=\/wp\/v2\/users\/2"}],"replies":[{"embeddable":true,"href":"https:\/\/akdenizolaygazetesi.com\/index.php?rest_route=%2Fwp%2Fv2%2Fcomments&post=26971"}],"version-history":[{"count":1,"href":"https:\/\/akdenizolaygazetesi.com\/index.php?rest_route=\/wp\/v2\/posts\/26971\/revisions"}],"predecessor-version":[{"id":26973,"href":"https:\/\/akdenizolaygazetesi.com\/index.php?rest_route=\/wp\/v2\/posts\/26971\/revisions\/26973"}],"wp:featuredmedia":[{"embeddable":true,"href":"https:\/\/akdenizolaygazetesi.com\/index.php?rest_route=\/wp\/v2\/media\/26972"}],"wp:attachment":[{"href":"https:\/\/akdenizolaygazetesi.com\/index.php?rest_route=%2Fwp%2Fv2%2Fmedia&parent=26971"}],"wp:term":[{"taxonomy":"category","embeddable":true,"href":"https:\/\/akdenizolaygazetesi.com\/index.php?rest_route=%2Fwp%2Fv2%2Fcategories&post=26971"},{"taxonomy":"post_tag","embeddable":true,"href":"https:\/\/akdenizolaygazetesi.com\/index.php?rest_route=%2Fwp%2Fv2%2Ftags&post=26971"}],"curies":[{"name":"wp","href":"https:\/\/api.w.org\/{rel}","templated":true}]}}