{"id":26980,"date":"2023-07-28T13:25:50","date_gmt":"2023-07-28T10:25:50","guid":{"rendered":"http:\/\/akdenizolaygazetesi.com\/?p=26980"},"modified":"2023-07-28T13:25:50","modified_gmt":"2023-07-28T10:25:50","slug":"orman-yanginlari-ile-mucadele-paneline-katildik","status":"publish","type":"post","link":"https:\/\/akdenizolaygazetesi.com\/?p=26980","title":{"rendered":"Orman Yang\u0131nlar\u0131 \u0130le M\u00fccadele Paneline Kat\u0131ld\u0131k"},"content":{"rendered":"<p>Mersin Orman B\u00f6lge M\u00fcd\u00fcrl\u00fc\u011f\u00fc olarak T\u00fcrkiye Ormanc\u0131lar Derne\u011fi ve Mersin B\u00fcy\u00fck\u015fehir Belediyesi taraf\u0131ndan d\u00fczenlenen Orman Yang\u0131nlar\u0131 ile M\u00fccadele paneline kat\u0131ld\u0131k.<br \/>\n D\u00fczenlenen panelde B\u00f6lge M\u00fcd\u00fcr\u00fcm\u00fcz Mustafa Yal\u00e7\u0131n taraf\u0131ndan ge\u00e7mi\u015ften bug\u00fcne d\u00fcnya ormanlar\u0131, \u00fclke ormanc\u0131l\u0131\u011f\u0131m\u0131z\u0131n d\u00fcn\u00fc bug\u00fcn\u00fc, Mersin \u2018de ormanc\u0131l\u0131\u011f\u0131m\u0131z ve geli\u015fimi, hedeflerimiz, hassasiyetlerimiz orman yang\u0131nlar\u0131 \u00f6ncesi yap\u0131lan haz\u0131rl\u0131klar, yang\u0131n s\u0131ras\u0131nda ve sonras\u0131nda yap\u0131lan \u00e7al\u0131\u015fmalar hakk\u0131nda bilgi verildi.<br \/>\nAyr\u0131ca Orman yang\u0131nlar\u0131 sonras\u0131nda yanan alanlarla ilgili olarak baz\u0131 art niyetli \u00e7evreler taraf\u0131ndan \u00f6zellikle yap\u0131lan yanl\u0131\u015f bilgilendirme ya da do\u011fru kaynaktan al\u0131nmayan, dolay\u0131s\u0131 ile yanl\u0131\u015f aktar\u0131lan bilgiler neticesinde kamuoyunda olu\u015fan olumsuz kanaatin giderilmesine y\u00f6nelik olarak do\u011fru bilgilendirmeler yine B\u00f6lge M\u00fcd\u00fcr\u00fcm\u00fcz Mustafa Yal\u00e7\u0131n taraf\u0131ndan yap\u0131lm\u0131\u015f, bu konudaki \u00f6nemli hususlar panel kat\u0131l\u0131mc\u0131lar\u0131na aktar\u0131lm\u0131\u015ft\u0131r.<br \/>\n Panelin \u00fclkemiz ve mersin ormanc\u0131l\u0131\u011f\u0131na faydal\u0131 olmas\u0131n\u0131 diliyoruz.<\/p>\n","protected":false},"excerpt":{"rendered":"<p>Mersin Orman B\u00f6lge M\u00fcd\u00fcrl\u00fc\u011f\u00fc olarak T\u00fcrkiye Ormanc\u0131lar Derne\u011fi ve Mersin B\u00fcy\u00fck\u015fehir Belediyesi taraf\u0131ndan d\u00fczenlenen Orman Yang\u0131nlar\u0131 ile M\u00fccadele paneline kat\u0131ld\u0131k. D\u00fczenlenen panelde B\u00f6lge M\u00fcd\u00fcr\u00fcm\u00fcz Mustafa Yal\u00e7\u0131n taraf\u0131ndan ge\u00e7mi\u015ften bug\u00fcne d\u00fcnya &hellip; <a href=\"https:\/\/akdenizolaygazetesi.com\/?p=26980\" class=\"more-link\">Devam\u0131n\u0131 Oku&#8230;<\/a><\/p>\n","protected":false},"author":2,"featured_media":26981,"comment_status":"open","ping_status":"open","sticky":false,"template":"","format":"standard","meta":[],"categories":[2,3],"tags":[],"_links":{"self":[{"href":"https:\/\/akdenizolaygazetesi.com\/index.php?rest_route=\/wp\/v2\/posts\/26980"}],"collection":[{"href":"https:\/\/akdenizolaygazetesi.com\/index.php?rest_route=\/wp\/v2\/posts"}],"about":[{"href":"https:\/\/akdenizolaygazetesi.com\/index.php?rest_route=\/wp\/v2\/types\/post"}],"author":[{"embeddable":true,"href":"https:\/\/akdenizolaygazetesi.com\/index.php?rest_route=\/wp\/v2\/users\/2"}],"replies":[{"embeddable":true,"href":"https:\/\/akdenizolaygazetesi.com\/index.php?rest_route=%2Fwp%2Fv2%2Fcomments&post=26980"}],"version-history":[{"count":1,"href":"https:\/\/akdenizolaygazetesi.com\/index.php?rest_route=\/wp\/v2\/posts\/26980\/revisions"}],"predecessor-version":[{"id":26982,"href":"https:\/\/akdenizolaygazetesi.com\/index.php?rest_route=\/wp\/v2\/posts\/26980\/revisions\/26982"}],"wp:featuredmedia":[{"embeddable":true,"href":"https:\/\/akdenizolaygazetesi.com\/index.php?rest_route=\/wp\/v2\/media\/26981"}],"wp:attachment":[{"href":"https:\/\/akdenizolaygazetesi.com\/index.php?rest_route=%2Fwp%2Fv2%2Fmedia&parent=26980"}],"wp:term":[{"taxonomy":"category","embeddable":true,"href":"https:\/\/akdenizolaygazetesi.com\/index.php?rest_route=%2Fwp%2Fv2%2Fcategories&post=26980"},{"taxonomy":"post_tag","embeddable":true,"href":"https:\/\/akdenizolaygazetesi.com\/index.php?rest_route=%2Fwp%2Fv2%2Ftags&post=26980"}],"curies":[{"name":"wp","href":"https:\/\/api.w.org\/{rel}","templated":true}]}}