{"id":26983,"date":"2023-07-28T13:27:11","date_gmt":"2023-07-28T10:27:11","guid":{"rendered":"http:\/\/akdenizolaygazetesi.com\/?p=26983"},"modified":"2023-07-28T13:27:11","modified_gmt":"2023-07-28T10:27:11","slug":"artan-orman-yanginlari-mucadelenin-onemini-gundeme-getirdi","status":"publish","type":"post","link":"https:\/\/akdenizolaygazetesi.com\/?p=26983","title":{"rendered":"ARTAN ORMAN YANGINLARI; M\u00dcCADELEN\u0130N \u00d6NEM\u0130N\u0130 G\u00dcNDEME GET\u0130RD\u0130"},"content":{"rendered":"<p>Mersin B\u00fcy\u00fck\u015fehir Belediyesi, T\u00fcrkiye Ormanc\u0131lar Derne\u011fi i\u015fbirli\u011finde, &#8216;Orman Yang\u0131nlar\u0131yla M\u00fccadele&#8217; konulu panel d\u00fczenleyerek, \u00f6nemli bir bilgilendirme ger\u00e7ekle\u015ftirdi.<\/p>\n<p>Kongre ve Sergi Saray\u0131&#8217;nda yap\u0131lan panel kapsam\u0131nda orman varl\u0131\u011f\u0131n\u0131n ve niteli\u011finin d\u00fcnya i\u00e7in \u00f6nemi, iklim krizi ve artan do\u011fal afetlerin paralelli\u011fi, insan odakl\u0131 orman yang\u0131nlar\u0131, orman yang\u0131nlar\u0131yla m\u00fccadele y\u00f6ntemi, yang\u0131n \u00f6ncesi ve esnas\u0131nda davran\u0131\u015f tarz\u0131, yang\u0131n sonras\u0131 yap\u0131lmas\u0131 gerekenler gibi \u00f6nemli konulara de\u011finildi.<\/p>\n<p>Panel, 2 oturumda ger\u00e7ekle\u015fti<br \/>\nA\u00e7\u0131l\u0131\u015f konu\u015fmalar\u0131yla ba\u015flayan panel 2 oturumda ger\u00e7ekle\u015fti. H\u00fcsrev \u00d6zkara&#8217;n\u0131n moderat\u00f6rl\u00fc\u011f\u00fcn\u00fc \u00fcstlendi\u011fi panelde Prof. Dr. Cihan Erd\u00f6nmez; &#8216;Orman Yang\u0131nlar\u0131 ve \u0130klim De\u011fi\u015fikli\u011fi&#8217; konusu \u00fczerine bilgiler verdi. Mersin Orman Yang\u0131nlar\u0131yla M\u00fccadele \u015eube M\u00fcd\u00fcr\u00fc Mehmet Alper de &#8216;Mersin Orman Varl\u0131\u011f\u0131 ve Yang\u0131n Tehlikesi&#8217; konu ba\u015fl\u0131\u011f\u0131nda bilgiler verdi.<\/p>\n<p>\u0130kinci oturumda ise Orman Y\u00fcksek M\u00fchendisi Vehbi Tutmaz, &#8216;Yang\u0131n \u00d6ncesi Haz\u0131rl\u0131klar ve Kat\u0131l\u0131mc\u0131 Bir Toplum Olu\u015fturulmas\u0131&#8217; konu ba\u015fl\u0131\u011f\u0131 \u00fczerinden bilgiler payla\u015ft\u0131. &#8216;Orman Yang\u0131nlar\u0131 S\u0131ras\u0131nda Davran\u0131\u015f Tarz\u0131&#8217; konusu ise Orman Y\u00fcksek M\u00fchendisi ve Avukat Ali Osman Ba\u015fl\u0131 taraf\u0131ndan aktar\u0131ld\u0131. Prof. Dr. Ali Kavac\u0131 ise &#8216;Yang\u0131n Sonras\u0131 Restorasyon: Do\u011frular ve Yanl\u0131\u015flar&#8217; konusunda kat\u0131l\u0131mc\u0131lar\u0131 bilgilendirdi. Panelin sonunda ise genel de\u011ferlendirme yap\u0131larak, kat\u0131l\u0131mc\u0131lar\u0131n sorular\u0131 yan\u0131tland\u0131.<\/p>\n<p>Tok: &#8220;Ormanlar yand\u0131\u011f\u0131 zaman, bizim de ci\u011ferlerimiz yan\u0131yor&#8221;<br \/>\nPanelde yapt\u0131\u011f\u0131 konu\u015fmada, ormanlar\u0131n bir\u00e7ok canl\u0131 t\u00fcr\u00fcne ev sahipli\u011fi yapt\u0131\u011f\u0131n\u0131 ve \u00e7\u0131kan yang\u0131nlarda bu canl\u0131larla birlikte onlar\u0131n ya\u015fam alanlar\u0131n\u0131n da yok oldu\u011funu belirten Mersin B\u00fcy\u00fck\u015fehir Belediyesi Genel Sekreteri Olcay Tok, &#8220;Ormanlar yand\u0131\u011f\u0131 zaman, bizim de ci\u011ferlerimiz yan\u0131yor. Mersin&#8217;deki ormanlar, y\u00fczde 53 gibi bir orana sahipken, bu oran neden y\u00fczde 60 olmas\u0131n? Ormanlar ci\u011ferlerimiz. Yani nefes ald\u0131\u011f\u0131m\u0131z, ye\u015fili g\u00f6rd\u00fc\u011f\u00fcm\u00fcz zaman bizi mutlu eden yerler. Orman B\u00f6lge M\u00fcd\u00fcrl\u00fc\u011f\u00fc&#8217;nden ald\u0131\u011f\u0131m\u0131z bilgiye g\u00f6re, orman yang\u0131nlar\u0131n\u0131n y\u00fczde 88&#8217;i insan hatas\u0131ndan kaynaklan\u0131yor. O zaman bizim her \u015feyden \u00f6nce, insanlar\u0131m\u0131z\u0131 e\u011fitmemiz gerekiyor. \u0130\u015fte o y\u00fczden bu paneller d\u00fczenleniyor&#8221; dedi.<\/p>\n<p>&#8220;Bizim amac\u0131m\u0131z orman yang\u0131nlar\u0131yla m\u00fccadele etmek&#8221;<br \/>\nT\u00fcrkiye Ormanc\u0131lar Derne\u011fi ile bir araya geldiklerinde, \u00f6zellikle insanlar\u0131 bu konuda e\u011fitmek istediklerini belirttiklerinden s\u00f6z eden Tok, &#8220;Bizim amac\u0131m\u0131z orman yang\u0131nlar\u0131yla m\u00fccadele etmek. Orman\u0131n geli\u015ftirilmesi, orman\u0131n yenilenmesi Orman Genel M\u00fcd\u00fcrl\u00fc\u011f\u00fc&#8217;n\u00fcn g\u00f6revi. Bizim g\u00f6revimiz de yang\u0131nlar\u0131n \u00e7\u0131kmas\u0131n\u0131 engellemek i\u00e7in, insanlar\u0131m\u0131z\u0131 e\u011fitmek. Bunun ard\u0131ndan, bir orman yang\u0131n\u0131 \u00e7\u0131kt\u0131\u011f\u0131 zaman, Orman B\u00f6lge M\u00fcd\u00fcrl\u00fc\u011f\u00fc&#8217;n\u00fcn koordinesinde onlara destek vermek&#8221; diye konu\u015ftu.<\/p>\n<p>G\u00f6reve geldikleri g\u00fcnden bu yana b\u00f6lgede b\u00fcy\u00fck yang\u0131nlarla kar\u015f\u0131la\u015ft\u0131klar\u0131n\u0131 aktaran Tok, Mersin Orman B\u00f6lge M\u00fcd\u00fcrl\u00fc\u011f\u00fc&#8217;ne Mustafa Yal\u00e7\u0131n geldikten sonra daha koordineli \u00e7al\u0131\u015fabildiklerini aktararak, &#8220;Siz g\u00f6reve geldikten sonra, Mersin B\u00fcy\u00fck\u015fehir Belediyesi \u00e7ok ciddi \u015fekilde koordine ve i\u015fbirli\u011fi sa\u011flamaya ba\u015flad\u0131. Maalesef ge\u00e7mi\u015fte bir tak\u0131m s\u0131k\u0131nt\u0131lar ya\u015famam\u0131za ra\u011fmen, art\u0131k bunlar\u0131n hepsinin d\u00fczeldi\u011fini ve daha rahat m\u00fcdahale etti\u011fimizi s\u00f6yleyebilirim&#8221; ifadelerine yer verdi.<\/p>\n<p>&#8220;\u0130tfaiyemizin ger\u00e7ek n\u00fcfusa g\u00f6re yap\u0131lanmas\u0131 laz\u0131m&#8221;<br \/>\nMersin B\u00fcy\u00fck\u015fehir Belediyesi olarak asli g\u00f6revlerinin, yerle\u015fim yerleri i\u00e7erisindeki yap\u0131 yang\u0131nlar\u0131na m\u00fcdahale etmek ve olas\u0131 bir durumda kurtarma g\u00f6revi yapmak oldu\u011funu s\u00f6zlerine ekleyen Tok, &#8220;Mersin B\u00fcy\u00fck\u015fehir Belediyesi \u0130tfaiyesi, \u015fu anda yang\u0131na m\u00fcdahale edecek olan personel say\u0131s\u0131 olarak 2 milyon n\u00fcfusa g\u00f6re planlanm\u0131\u015f durumda. N\u00fcfus M\u00fcd\u00fcrl\u00fc\u011f\u00fc&#8217;nden al\u0131nan bilgiye g\u00f6re, Mersin&#8217;in resmi n\u00fcfusu 1 milyon 936 bin. Fakat ger\u00e7ek n\u00fcfusu 2,5 milyonun \u00fczerinde. Biz 2 milyonun alt\u0131ndaki n\u00fcfusa hizmet eder pozisyonday\u0131z, ama ger\u00e7ekte hizmet etti\u011fimiz n\u00fcfus 2,5 milyon. O zaman bizim de itfaiyemizin ona g\u00f6re yap\u0131lanmas\u0131 laz\u0131m&#8221; dedi.<\/p>\n<p>&#8220;\u0130tfaiye te\u015fkilat\u0131n\u0131 personel ve ekipman anlam\u0131nda olduk\u00e7a g\u00fc\u00e7lendirdik&#8221;<br \/>\nBa\u015fkan Vahap Se\u00e7er&#8217;in g\u00f6reve geldi\u011fi ilk g\u00fcnden itibaren \u0130tfaiye&#8217;de ki eksiklikleri g\u00f6r\u00fcp, g\u00fc\u00e7l\u00fc bir yap\u0131lanma sa\u011flanmas\u0131 y\u00f6n\u00fcnde \u00e7al\u0131\u015f\u0131lmas\u0131n\u0131 istedi\u011fini aktaran Tok, bu do\u011frultuda ekipman temininin sa\u011fland\u0131\u011f\u0131n\u0131 ifade etti. B\u00fcy\u00fck\u015fehir Belediyesi&#8217;nin b\u00fct\u00e7esinde \u0130tfaiye Dairesi Ba\u015fkanl\u0131\u011f\u0131 kaleminin \u00f6nemli bir yer tuttu\u011funa dikkat \u00e7eken Tok, Ba\u015fkan Se\u00e7er&#8217;in &#8216;Mersin&#8217;de ya\u015fayan herkesin can ve mal g\u00fcvenli\u011fi bizim i\u00e7in \u00e7ok \u00f6nemlidir&#8217; s\u00f6zlerinin de bu durum ile paralel oldu\u011funu kaydetti.<\/p>\n<p>Ba\u015fkan Se\u00e7er&#8217;in g\u00f6sterdi\u011fi bu \u00f6nem ile birlikte \u0130tfaiye Dairesi Ba\u015fkanl\u0131\u011f\u0131&#8217;na \u015fehrin yap\u0131s\u0131na uygun ve ara sokaklara girebilecek 20 adet atak ara\u00e7 ald\u0131klar\u0131n\u0131 kaydeden Tok, Ata E\u011fitim Merkezi ile de personelin s\u00fcrekli e\u011fitimlere devam ederek olas\u0131 olaylara kar\u015f\u0131n her daim haz\u0131r durumda olmas\u0131n\u0131n sa\u011fland\u0131\u011f\u0131n\u0131 ifade etti.<\/p>\n<p>\u00c7evre, \u015eehircilik ve \u0130klim De\u011fi\u015fikli\u011fi Bakanl\u0131\u011f\u0131&#8217;ndan 282 itfaiye personeli talebinde bulunduklar\u0131n\u0131 ancak 100 personele izin verildi\u011fini aktaran Tok, &#8220;Kesinlikle yeterli de\u011fil. Bu nedenle 182 personel talebinde daha bulunduk. \u00c7\u00fcnk\u00fc Mersin \u00f6nemli bir b\u00f6lge. Y\u00fczde 53&#8217;\u00fc ormanl\u0131k alandan olu\u015fuyor, ama ayn\u0131 zamanda bir n\u00fckleer santral problemimiz var bizim. Tatbikatlar\u0131n yap\u0131lmas\u0131 laz\u0131m. Bununla ilgili olarak Valimizle de g\u00f6r\u00fc\u015ft\u00fck. San\u0131yorum bu konuyla ilgili bir \u00e7al\u0131\u015fma yapacaklar. Elbette ki y\u00f6netmeli\u011fe uygun bir \u015feyler yap\u0131lmaya \u00e7al\u0131\u015f\u0131l\u0131yor, ama N\u00fckleer Santral veya olas\u0131 bir yang\u0131n ya da olas\u0131 bir olumsuzluk \u00e7ok b\u00fcy\u00fck bir afete yol a\u00e7ar. 80&#8217;li y\u0131llarda Rusya&#8217;da ya\u015fand\u0131\u011f\u0131 gibi&#8230; O y\u00fczden bizim ona g\u00f6re gerekli yap\u0131land\u0131rmam\u0131z\u0131 yapmam\u0131z laz\u0131m&#8221; dedi.<\/p>\n<p>T\u00fcrk Ormanc\u0131lar Derne\u011fi&#8217;ne de te\u015fekk\u00fcrlerini ileten Tok, &#8220;Amac\u0131m\u0131z; \u00f6zellikle k\u0131rsalda ya\u015fayan insanlar\u0131m\u0131z\u0131n e\u011fitilmesini sa\u011flamak ve \u00f6zellikle orman yang\u0131nlar\u0131n\u0131n \u00e7\u0131kmas\u0131n\u0131 engelleyecek \u00e7al\u0131\u015fmalar ortaya koyabilmek. Yang\u0131n \u00e7\u0131kt\u0131ktan sonra m\u00fcdahale mutlaka yap\u0131l\u0131r, ama esas olan yang\u0131n \u00e7\u0131kmas\u0131n\u0131 engellemek ve ci\u011ferlerimizin yanmas\u0131n\u0131 \u00f6nlemektir&#8221; diye konu\u015ftu.<\/p>\n<p>\u00d6zkara: &#8220;\u00dclkelerin \u00e7a\u011fda\u015f ve geli\u015fmi\u015f olma kriterinin ba\u015f\u0131nda orman varl\u0131\u011f\u0131 geliyor&#8221;<br \/>\nT\u00fcrkiye Ormanc\u0131lar Derne\u011fi Ba\u015fkan\u0131 H\u00fcsrev \u00d6zkara, orman yang\u0131nlar\u0131 ile m\u00fccadele konusunda destek veren kat\u0131l\u0131mc\u0131 kurumlara te\u015fekk\u00fcr etti. En \u00f6nemli konunun orman varl\u0131\u011f\u0131 oldu\u011funu aktaran \u00d6zkara, orman yang\u0131nlar\u0131 ba\u015fta olmak \u00fczere son 5 y\u0131lda ya\u015fanan farkl\u0131 do\u011fa olaylar\u0131n\u0131n temelinde iklim krizinin yatt\u0131\u011f\u0131na vurgu yaparak, &#8220;Sel felaketleri, toprak kaymas\u0131, heyelan ve ya\u015fad\u0131\u011f\u0131m\u0131z orman yang\u0131nlar\u0131 ger\u00e7ekten can\u0131m\u0131z\u0131 ac\u0131t\u0131yor. Orman yang\u0131nlar\u0131 \u00e7ok zor bir konu&#8221; ifadelerini kulland\u0131.<\/p>\n<p>\u00d6zkara, orman alanlar\u0131 i\u00e7in koruma ve arazi par\u00e7alanmas\u0131n\u0131n \u00f6n\u00fcne ge\u00e7me gibi 2 \u00f6nemli ko\u015ful oldu\u011funu s\u00f6yleyerek, taahh\u00fctlerin yerine getirilmesinin \u00f6nemine de\u011findi. \u00d6zkara, &#8220;Bug\u00fcn &#8216;bak\u0131n kesiyorsak dikiyoruz&#8217; gibi bir yakla\u015f\u0131m var. Mutlaka kesti\u011fimizi dikece\u011fiz, ona bir itiraz\u0131m\u0131z yok, fakat ayn\u0131 fonksiyonlar\u0131 yerine getirmesi m\u00fcmk\u00fcn de\u011fil. Bug\u00fcn 5 ya\u015f\u0131ndaki bir ibrelinin do\u011fadaki karbon tutma g\u00f6revi 2.2 kilograma denk geliyorken, 80-100 ya\u015f\u0131ndaki bir kara\u00e7am\u0131n 37 kilograma denk geliyor&#8221; dedi.<\/p>\n<p>Yal\u00e7\u0131n: &#8220;Ormanlar t\u00fcm d\u00fcnyan\u0131n ortak de\u011feridir&#8221;<br \/>\nOrmanlar\u0131n t\u00fcm d\u00fcnyan\u0131n ortak de\u011feri oldu\u011funa vurgu yapan Mersin Orman B\u00f6lge M\u00fcd\u00fcr\u00fc Mustafa Yal\u00e7\u0131n, &#8220;Ormanlar ekolojik, ekonomik ve sosyal fonksiyonlar\u0131 olan, t\u00fcm d\u00fcnyan\u0131n ortak de\u011ferleridir. Bu ortak de\u011ferleri gelece\u011fe ta\u015f\u0131mak ise hepimizin g\u00f6revidir&#8221; dedi. 2022 y\u0131l\u0131 itibariyle orman alanlar\u0131n\u0131n 23.2 milyon hektar oldu\u011funu aktaran Yal\u00e7\u0131n, Orman Genel M\u00fcd\u00fcrl\u00fc\u011f\u00fc&#8217;n\u00fcn ekonomik fonksiyonunu yerine getirmek ad\u0131na, i\u015fletme g\u00f6revi de \u00fcstlendi\u011fini kaydetti. Yal\u00e7\u0131n, &#8220;Tabi ki karbon tutma y\u00f6n\u00fcyle gen\u00e7 bir ferdin kapasitesiyle ya\u015fl\u0131 bireyin kapasitesi ayn\u0131 olmaz. Ama gen\u00e7le\u015ftirme yapmad\u0131\u011f\u0131n\u0131zda ormanlar \u00e7\u00f6kmeye gider. Bu bir zorunluluk halidir. Yani ormanlar\u0131n gen\u00e7le\u015ftirilmesi, tekni\u011fin gere\u011fidir&#8221; diye konu\u015ftu. Yal\u00e7\u0131n, Mersin&#8217;de 2004-2014 y\u0131llar\u0131 aras\u0131nda 120 bin hektar alan\u0131 a\u011fa\u00e7land\u0131rd\u0131klar\u0131n\u0131 ve gen\u00e7le\u015ftirdiklerini s\u00f6yledi.<\/p>\n<p>Orman Genel M\u00fcd\u00fcrl\u00fc\u011f\u00fc Te\u015fkilat\u0131 ve T\u00fcrkiye Ormanc\u0131lar\u0131 olarak, en \u00f6nemli hususun hayatta kalmak oldu\u011funu bunu temin ettikten sonra olumsuz ko\u015fullar alt\u0131nda olsalar dahi m\u00fccadeleden vazge\u00e7meyeceklerini belirten Yal\u00e7\u0131n, &#8220;Yang\u0131n s\u00f6nd\u00fcrme s\u00fcrecinde ba\u015fta B\u00fcy\u00fck\u015fehir Belediyesi olmak \u00fczere, b\u00fct\u00fcn kamu kurum ve kurulu\u015flar\u0131na te\u015fekk\u00fcr ediyorum. Yang\u0131nda payda\u015flar\u0131m\u0131z bize do\u011frudan m\u00fcdahale ve m\u00fccadele deste\u011fi vermiyor, ama su takviyesi gibi \u00f6nemli girdiler sa\u011fl\u0131yorlar&#8221; diye konu\u015ftu.<\/p>\n","protected":false},"excerpt":{"rendered":"<p>Mersin B\u00fcy\u00fck\u015fehir Belediyesi, T\u00fcrkiye Ormanc\u0131lar Derne\u011fi i\u015fbirli\u011finde, &#8216;Orman Yang\u0131nlar\u0131yla M\u00fccadele&#8217; konulu panel d\u00fczenleyerek, \u00f6nemli bir bilgilendirme ger\u00e7ekle\u015ftirdi. Kongre ve Sergi Saray\u0131&#8217;nda yap\u0131lan panel kapsam\u0131nda orman varl\u0131\u011f\u0131n\u0131n ve niteli\u011finin d\u00fcnya i\u00e7in &hellip; <a href=\"https:\/\/akdenizolaygazetesi.com\/?p=26983\" class=\"more-link\">Devam\u0131n\u0131 Oku&#8230;<\/a><\/p>\n","protected":false},"author":2,"featured_media":26984,"comment_status":"open","ping_status":"open","sticky":false,"template":"","format":"standard","meta":[],"categories":[2,3],"tags":[],"_links":{"self":[{"href":"https:\/\/akdenizolaygazetesi.com\/index.php?rest_route=\/wp\/v2\/posts\/26983"}],"collection":[{"href":"https:\/\/akdenizolaygazetesi.com\/index.php?rest_route=\/wp\/v2\/posts"}],"about":[{"href":"https:\/\/akdenizolaygazetesi.com\/index.php?rest_route=\/wp\/v2\/types\/post"}],"author":[{"embeddable":true,"href":"https:\/\/akdenizolaygazetesi.com\/index.php?rest_route=\/wp\/v2\/users\/2"}],"replies":[{"embeddable":true,"href":"https:\/\/akdenizolaygazetesi.com\/index.php?rest_route=%2Fwp%2Fv2%2Fcomments&post=26983"}],"version-history":[{"count":1,"href":"https:\/\/akdenizolaygazetesi.com\/index.php?rest_route=\/wp\/v2\/posts\/26983\/revisions"}],"predecessor-version":[{"id":26985,"href":"https:\/\/akdenizolaygazetesi.com\/index.php?rest_route=\/wp\/v2\/posts\/26983\/revisions\/26985"}],"wp:featuredmedia":[{"embeddable":true,"href":"https:\/\/akdenizolaygazetesi.com\/index.php?rest_route=\/wp\/v2\/media\/26984"}],"wp:attachment":[{"href":"https:\/\/akdenizolaygazetesi.com\/index.php?rest_route=%2Fwp%2Fv2%2Fmedia&parent=26983"}],"wp:term":[{"taxonomy":"category","embeddable":true,"href":"https:\/\/akdenizolaygazetesi.com\/index.php?rest_route=%2Fwp%2Fv2%2Fcategories&post=26983"},{"taxonomy":"post_tag","embeddable":true,"href":"https:\/\/akdenizolaygazetesi.com\/index.php?rest_route=%2Fwp%2Fv2%2Ftags&post=26983"}],"curies":[{"name":"wp","href":"https:\/\/api.w.org\/{rel}","templated":true}]}}