{"id":26992,"date":"2023-07-28T13:31:59","date_gmt":"2023-07-28T10:31:59","guid":{"rendered":"http:\/\/akdenizolaygazetesi.com\/?p=26992"},"modified":"2023-07-28T13:31:59","modified_gmt":"2023-07-28T10:31:59","slug":"akdeniz-belediye-baskani-gultak-4-yilda-10-bin-cocugumuza-yuzme-ogrettik","status":"publish","type":"post","link":"https:\/\/akdenizolaygazetesi.com\/?p=26992","title":{"rendered":"AKDEN\u0130Z BELED\u0130YE BA\u015eKANI G\u00dcLTAK: \u201c4 YILDA 10 B\u0130N \u00c7OCU\u011eUMUZA Y\u00dcZME \u00d6\u011eRETT\u0130K\u201d"},"content":{"rendered":"<p>Akdeniz Belediye Ba\u015fkan\u0131 M. Mustafa G\u00fcltak,  \u2018Y\u00fczme Bilmeyen Kalmas\u0131n\u2019 slogan\u0131yla 2019 y\u0131l\u0131nda ba\u015flatt\u0131klar\u0131 portatif y\u00fczme havuzlar\u0131 projesi sayesinde bug\u00fcne kadar 10 bin \u00e7ocu\u011fa y\u00fczme \u00f6\u011frettiklerini s\u00f6yledi.<br \/>\nAkdeniz Belediyesi\u2019nin d\u00fczenledi\u011fi yaz okulu \u00e7er\u00e7evesinde verilen \u00fccretsiz y\u00fczme kursu devam ediyor. Mad\u0131mak Park\u0131\u2019nda kurulan portatif y\u00fczme havuzuna giren \u00e7ocuklar hem y\u00fczmeyi \u00f6\u011freniyor hem de s\u0131cak havada serinliyor. K\u00fclt\u00fcr ve Sosyal \u0130\u015fler M\u00fcd\u00fcrl\u00fc\u011f\u00fc\u2019n\u00fcn d\u00fczenledi\u011fi y\u00fczme kursunda bu y\u0131l; 2010 ila 2016 y\u0131llar\u0131 aras\u0131 do\u011fumlu \u00e7ocuklar faydalanabiliyor. Kursa kat\u0131lan \u00e7ocuklar, uzman e\u011fitmenler g\u00f6zetiminde bir yandan y\u00fczme \u00f6\u011frenirken, di\u011fer yandan da ya\u015f\u0131tlar\u0131yla birlikte keyifli dakikalar ge\u00e7iriyor.<br \/>\n\u201c\u0130LK \u0130\u015e\u0130M\u0130Z Y\u00dcZME HAVUZLARI OLDU\u201d<br \/>\nKursa gelen \u00e7ocuklar\u0131 ve ailelerini ziyaret eden Akdeniz Belediye Ba\u015fkan\u0131 Mustafa G\u00fcltak, 2019 y\u0131l\u0131nda \u2018Y\u00fczme Bilmeyen Kalmas\u0131n\u2019 parolas\u0131yla ger\u00e7ekle\u015ftirdikleri proje \u00e7er\u00e7evesinde bug\u00fcne kadar 10 bin \u00e7ocu\u011fa y\u00fczmeyi \u00f6\u011frettiklerini belirtti. Akdeniz il\u00e7esinde uzun y\u0131llar boyunca \u00e7ocuklar\u0131n y\u00fczme \u00f6\u011frenebilece\u011fi bir havuz olmad\u0131\u011f\u0131n\u0131 hat\u0131rlatan Ba\u015fkan G\u00fcltak, \u201cSe\u00e7imden \u00f6nce annelerin bizden ilk iste\u011fi y\u00fczme havuzu olmu\u015ftu. Biz de g\u00f6reve gelir gelmez ilk i\u015f olarak bunu ger\u00e7ekle\u015ftirdik. Bug\u00fcne kadar 10 bin \u00e7ocu\u011fumuza y\u00fczme \u00f6\u011frettik. Bu y\u0131l da yakla\u015f\u0131k bin \u00e7ocu\u011fumuz kurslardan faydalan\u0131yor\u201d dedi.<br \/>\n\u201cPROJE T\u00dcRK\u0130YE\u2019YE \u00d6RNEK OLDU\u201d<br \/>\nProjelerinin T\u00fcrkiye\u2019ye \u00f6rnek oldu\u011funu kaydeden Ba\u015fkan G\u00fcltak, \u201c2019 y\u0131l\u0131nda portatif havuz \u00fcretimi yapan tek bir firma vard\u0131. Biz kendilerinden rica ettik ve il\u00e7emize bir tane yapt\u0131rd\u0131k. Bu proje ulusal \u00e7apta duyuldu. Daha sonras\u0131nda Gen\u00e7lik ve Spor Bakanl\u0131\u011f\u0131m\u0131z da ihtiya\u00e7 olan b\u00f6lgelere g\u00f6nderme karar\u0131 ald\u0131. Dolay\u0131s\u0131yla bizler mutlu olduk, aileler mutlu oldu\u201d ifadelerini kulland\u0131.<\/p>\n","protected":false},"excerpt":{"rendered":"<p>Akdeniz Belediye Ba\u015fkan\u0131 M. Mustafa G\u00fcltak, \u2018Y\u00fczme Bilmeyen Kalmas\u0131n\u2019 slogan\u0131yla 2019 y\u0131l\u0131nda ba\u015flatt\u0131klar\u0131 portatif y\u00fczme havuzlar\u0131 projesi sayesinde bug\u00fcne kadar 10 bin \u00e7ocu\u011fa y\u00fczme \u00f6\u011frettiklerini s\u00f6yledi. Akdeniz Belediyesi\u2019nin d\u00fczenledi\u011fi yaz &hellip; <a href=\"https:\/\/akdenizolaygazetesi.com\/?p=26992\" class=\"more-link\">Devam\u0131n\u0131 Oku&#8230;<\/a><\/p>\n","protected":false},"author":2,"featured_media":26993,"comment_status":"open","ping_status":"open","sticky":false,"template":"","format":"standard","meta":[],"categories":[3,10],"tags":[],"_links":{"self":[{"href":"https:\/\/akdenizolaygazetesi.com\/index.php?rest_route=\/wp\/v2\/posts\/26992"}],"collection":[{"href":"https:\/\/akdenizolaygazetesi.com\/index.php?rest_route=\/wp\/v2\/posts"}],"about":[{"href":"https:\/\/akdenizolaygazetesi.com\/index.php?rest_route=\/wp\/v2\/types\/post"}],"author":[{"embeddable":true,"href":"https:\/\/akdenizolaygazetesi.com\/index.php?rest_route=\/wp\/v2\/users\/2"}],"replies":[{"embeddable":true,"href":"https:\/\/akdenizolaygazetesi.com\/index.php?rest_route=%2Fwp%2Fv2%2Fcomments&post=26992"}],"version-history":[{"count":1,"href":"https:\/\/akdenizolaygazetesi.com\/index.php?rest_route=\/wp\/v2\/posts\/26992\/revisions"}],"predecessor-version":[{"id":26994,"href":"https:\/\/akdenizolaygazetesi.com\/index.php?rest_route=\/wp\/v2\/posts\/26992\/revisions\/26994"}],"wp:featuredmedia":[{"embeddable":true,"href":"https:\/\/akdenizolaygazetesi.com\/index.php?rest_route=\/wp\/v2\/media\/26993"}],"wp:attachment":[{"href":"https:\/\/akdenizolaygazetesi.com\/index.php?rest_route=%2Fwp%2Fv2%2Fmedia&parent=26992"}],"wp:term":[{"taxonomy":"category","embeddable":true,"href":"https:\/\/akdenizolaygazetesi.com\/index.php?rest_route=%2Fwp%2Fv2%2Fcategories&post=26992"},{"taxonomy":"post_tag","embeddable":true,"href":"https:\/\/akdenizolaygazetesi.com\/index.php?rest_route=%2Fwp%2Fv2%2Ftags&post=26992"}],"curies":[{"name":"wp","href":"https:\/\/api.w.org\/{rel}","templated":true}]}}