{"id":2704,"date":"2020-11-04T18:23:11","date_gmt":"2020-11-04T15:23:11","guid":{"rendered":"http:\/\/mersinekonomipolitikagazetesi.com\/?p=2704"},"modified":"2020-11-04T18:23:11","modified_gmt":"2020-11-04T15:23:11","slug":"akkuyu-ilk-ama-son-degil","status":"publish","type":"post","link":"https:\/\/akdenizolaygazetesi.com\/?p=2704","title":{"rendered":"AKKUYU \u0130LK AMA SON DE\u011e\u0130L"},"content":{"rendered":"<p>Mersin&#8217;in G\u00fclnar il\u00e7esinde yap\u0131m\u0131na ba\u015flan\u0131lan Akkuyu N\u00fckleer G\u00fc\u00e7 Santrali Projesi&#8217;nin tedarik\u00e7ileri i\u00e7in seminer d\u00fczenlendi. Enerji ve Tabii Kaynaklar Bakanl\u0131\u011f\u0131 N\u00fckleer Enerji Genel M\u00fcd\u00fcrl\u00fc\u011f\u00fc Daire Ba\u015fkan\u0131 \u0130brahim Halil Dere,  &#8220;N\u00fckleer enerji T\u00fcrkiye i\u00e7in zorunlu bir enerji t\u00fcr\u00fcd\u00fcr. N\u00fckleer santraller bulunduklar\u0131 b\u00f6lgelere pozitif etki eden tesislerdir.\u201d dedi.<\/p>\n<p>Enerji ve Tabii Kaynaklar Bakanl\u0131\u011f\u0131 N\u00fckleer Enerji Genel M\u00fcd\u00fcrl\u00fc\u011f\u00fc Daire Ba\u015fkan\u0131 \u0130brahim Halil Dere, n\u00fckleer enerjinin T\u00fcrkiye i\u00e7in zorunlu bir enerji t\u00fcr\u00fc oldu\u011funu belirterek, &#8220;Asl\u0131nda bakt\u0131\u011f\u0131m\u0131zda kendine \u00f6zg\u00fc \u00f6zelliklerini bir kenara koyarsak, bir termik santraldir. N\u00fckleer santraller bir devlet ku\u015fudur. N\u00fckleer santraller bulunduklar\u0131 y\u00f6renin sosyoekonomik geli\u015fmi\u015fli\u011fine, istihdam\u0131na, b\u00f6lgenin \u00e7evresel korunmas\u0131na pozitif etki eden tesislerdir&#8221; dedi.\u00a0<br \/>\nMersin&#8217;in G\u00fclnar il\u00e7esinde yap\u0131m\u0131na ba\u015flan\u0131lan Akkuyu N\u00fckleer G\u00fc\u00e7 Santrali Projesi&#8217;nin tedarik\u00e7ileri i\u00e7in seminer d\u00fczenlendi. Mersin&#8217;de bir otelde d\u00fczenlenen seminere Dere&#8217;nin yan\u0131 s\u0131ra Akkuyu N\u00fckleer A.\u015e. Y\u00f6netim Kurulu Ba\u015fkan Yard\u0131mc\u0131s\u0131 Anton Dedusenko, sanayiciler, T\u00fcrkiye ve Rusya&#8217;dan temsilciler kat\u0131ld\u0131. Seminerde konu\u015fan \u0130brahim Halil Dere, n\u00fckleer enerjinin di\u011fer termik santrallerden farkl\u0131 olmayan, kendine has \u00f6zellikleri de bulunan bir enerji kayna\u011f\u0131 oldu\u011funu dile getirdi. 1950&#8217;li y\u0131llardan sonra d\u00fcnyada yo\u011fun olarak bu enerjinin kullan\u0131ld\u0131\u011f\u0131na dikkat \u00e7eken Dere, &#8220;Bu y\u0131llarda Uluslararas\u0131 Atom Enerjisi Ajans\u0131 kuruldu\u011funda \u00fclkemizde bu ajans\u0131n kurulu\u015f \u00fclkelerinden biriydi, halen de \u00f6yledir. G\u00fcney Kore ile hemen hemen ayn\u0131 y\u0131llarda bu ser\u00fcvene ba\u015flam\u0131\u015ft\u0131k. Onlar \u015fu anda kendi \u00fclkelerinde 28. reakt\u00f6rlerini i\u015fletmeye ald\u0131lar. Birde Birle\u015fik Arap Emirliklerinde anahtar teslim olarak 4 tane reakt\u00f6r yap\u0131yorlar. Ancak biz halen \u00fclkemize ilk yap\u0131lacak olan Akkuyu\u2019daki n\u00fckleer santralle ilgili \u00e7al\u0131\u015fmalar\u0131 y\u00fcr\u00fct\u00fcyoruz. N\u00fckleer enerji devletlerin \u00e7ok yo\u011fun olarak destek vermesi gereken bir enerji t\u00fcr\u00fc, kayna\u011f\u0131d\u0131r. 1956 y\u0131l\u0131ndan 2010 y\u0131l\u0131na kadar \u00e7ok say\u0131da ihale, giri\u015fim ekonomik krizler, siyasi istikrars\u0131zl\u0131klar sebebiyle ger\u00e7ekle\u015ftirilemedi ve T\u00fcrkiye n\u00fckleer enerji maceras\u0131nda olduk\u00e7a geri kald\u0131. Art\u0131k bu gidi\u015fata son vermek amac\u0131yla T\u00fcrkiye n\u00fckleer enerji politikas\u0131n\u0131 h\u00fck\u00fcmetler aras\u0131 anla\u015fmalarla ger\u00e7ekle\u015ftirme karar\u0131 ald\u0131. Bu kapsamda da Rusya ile 2010 y\u0131l\u0131nda bir anla\u015fma imzaland\u0131 ve Akkuyu ile ilgili \u00e7al\u0131\u015fma ba\u015flat\u0131ld\u0131\u201d diye konu\u015ftu.\u00a0<br \/>\n\u00a0<\/p>\n<p><span style=\"line-height: 1.6em;\">&#8220;Akkuyu ilk ama son n\u00fckleer santral projemiz olmayacak&#8221;<\/span><\/p>\n<p>\u00a0<br \/>\nAkkuyu\u2019nun ilk n\u00fckleer santral projeleri oldu\u011funu vurgulayan Dere, \u201cBu son n\u00fckleer santral projemiz olmayacak. 2013 y\u0131l\u0131nda Japonya ile anla\u015fma imzaland\u0131. O n\u00fckleer santral de Sinop\u2019ta yap\u0131lacak. Bildi\u011finiz gibi T\u00fcrkiye do\u011fal enerji kaynaklar\u0131 a\u00e7\u0131s\u0131ndan \u00e7ok zengin bir \u00fclke. Buna kar\u015f\u0131n T\u00fcrkiye&#8217;de n\u00fcfus art\u0131\u015f\u0131, ekonomik b\u00fcy\u00fckl\u00fc\u011f\u00fcn h\u0131zl\u0131 olmas\u0131 ve buna ba\u011fl\u0131 elektrik enerji talebinin y\u00fcksek oldu\u011fu \u00fclkelerden birisidir. \u00dclkemizin enerjide d\u0131\u015fa ba\u011f\u0131ml\u0131l\u0131\u011f\u0131n\u0131 ortadan kald\u0131rmas\u0131 gerekiyor. T\u00fcrkiye enerjisinin b\u00fcy\u00fck bir k\u0131sm\u0131n\u0131 ithal eden ve petrol fiyatlar\u0131na ba\u011fl\u0131 olarak de\u011fi\u015fen ve y\u00fckselen bir \u00fclkenin n\u00fckleer santrallere \u00f6nem vermesinden daha do\u011fal bir \u015fey olamaz. B\u00fct\u00fcn yenilebilir enerji kaynaklar\u0131n\u0131 kullansak dahi orta ve uzun vadede bunlar yetersiz kalacak. \u00dclkemiz herhangi bir ayr\u0131m g\u00f6stermeden b\u00fct\u00fcn enerji kaynaklar\u0131ndan faydalanacak ve enerji arz g\u00fcvenli\u011fini en \u00fcst seviyede ger\u00e7ekle\u015ftirmeyi hedefleyen bir \u00fclkedir. Bizim gibi b\u00fcy\u00fcyen, geli\u015fen ve elektrik enerji talebi artan \u00fclkelerde bu ka\u00e7\u0131n\u0131lmazd\u0131r\u201d \u015feklinde konu\u015ftu.\u00a0<\/p>\n<p>&#8220;N\u00fckleer santraller bir devlet ku\u015fudur&#8221;\u00a0<\/p>\n<p>Akkuyu n\u00fckleer g\u00fc\u00e7 santral projesinin T\u00fcrkiye\u2019de tek kalemle yap\u0131lan en b\u00fcy\u00fck yat\u0131r\u0131m oldu\u011funun alt\u0131n\u0131 \u00e7izen Dere, \u201cMaliyeti yakla\u015f\u0131k 20 milyar dolar olmas\u0131 bekleniyor. Her ne kadar n\u00fckleer santral projeleri ileri teknoloji gerektirse de \u00f6z\u00fcnde bir termik santraldir. Baz\u0131 \u00f6zel k\u0131s\u0131mlar\u0131n\u0131 bir kenara b\u0131rakacak olursak asl\u0131nda bir termik santraldir. Bu y\u00fczden \u00fclkemizdeki sanayicilerimizin bu yer i\u00e7in tedarik edece\u011fi bir mal mutlaka vard\u0131r. Bu yat\u0131r\u0131m sanayicilerimize, esnaf\u0131m\u0131za \u00e7ok b\u00fcy\u00fck imkanlar sunmaktad\u0131r. N\u00fckleer enerji sadece elektrik i\u00e7inde de\u011fil bir\u00e7ok alanda kullan\u0131labilir. N\u00fckleer santraller bir devlet ku\u015fudur. N\u00fckleer santraller bulunduklar\u0131 y\u00f6renin sosyoekonomik geli\u015fmi\u015fli\u011fine, istihdam\u0131na, b\u00f6lgenin \u00e7evresel korunmas\u0131na pozitif etki eden tesislerdir. N\u00fckleer santrallerin bulundu\u011fu b\u00f6lgelerde s\u00fcrekli sa\u011fl\u0131k kontrolleri yap\u0131ld\u0131\u011f\u0131 i\u00e7in, bir\u00e7ok hastal\u0131k \u00f6nceden tespit edilerek, bulunduklar\u0131 b\u00f6lgelerde insan \u00f6m\u00fcrlerini uzatm\u0131\u015ft\u0131r. Dolay\u0131s\u0131yla n\u00fckleer santraller son derece faydal\u0131, teknolojik olarak son derece g\u00fcvenli, ekonomik katk\u0131 bak\u0131m\u0131nda herkes i\u00e7in faydal\u0131, genel anlamda ise \u00fclkemiz i\u00e7in zorunlu bir enerji t\u00fcr\u00fcd\u00fcr&#8221; ifadelerini kulland\u0131.\u00a0<\/p>\n<p>Dedusenko: &#8220;Atom projelerinde birinci ilkemiz g\u00fcvenlik&#8221;\u00a0\u00a0 \u00a0<\/p>\n<p>Akkuyu N\u00fckleer A.\u015e. Y\u00f6netim Kurulu Ba\u015fkan Yard\u0131mc\u0131s\u0131 Anton Dedusenko ise aktif olarak projenin ger\u00e7ekle\u015ftirilmesine ba\u015flad\u0131klar\u0131n\u0131 dile getirdi. 2017 y\u0131l\u0131nda lisans\u0131 ald\u0131klar\u0131n\u0131 kaydeden Dedusenko, \u201c49 y\u0131ll\u0131\u011f\u0131na bu lisans\u0131 ald\u0131k. 3 Nisan\u2019dan itibaren beton \u00e7al\u0131\u015fmalar\u0131na ba\u015flad\u0131k, proje aktif bir \u015fekilde ilerlemekte. Bildi\u011finiz gibi bu proje \u00e7ok b\u00fcy\u00fck bir yat\u0131r\u0131m, T\u00fcrkiye Cumhuriyeti ekonomisine \u00e7ok katk\u0131s\u0131 olacak bir yat\u0131r\u0131m ve 2023 y\u0131l\u0131nda elektrik enerjisi vermeye ba\u015flad\u0131\u011f\u0131nda t\u00fcm elektrik ihtiyac\u0131n\u0131n y\u00fczde 10\u2019unu kar\u015f\u0131layacak durumda olacak. Burada tedarik\u00e7iler i\u00e7in de \u00e7ok b\u00fcy\u00fck bir avantaj var. Rosatom\u2019un yurt d\u0131\u015f\u0131nda \u00e7ok fazla atom projesi var. 36 enerji blokumuz var, farkl\u0131 imalat a\u015famalar\u0131nda. Rosatom 12 \u00fclkede kendi standartlar\u0131n\u0131, ko\u015fullar\u0131n\u0131 olu\u015fturmaya \u00e7al\u0131\u015f\u0131yor. T\u00fcrkiye Cumhuriyeti i\u00e7in bu ko\u015fullar elbette adapte edilecektir, yerelle\u015ftirme anlam\u0131nda ve bu anlamda biz T\u00fcrk projesinde yerelle\u015ftirilmi\u015f bilgileri kullanaca\u011f\u0131z. Yerelle\u015ftirme \u00e7ok \u00f6nemli. Bizim tecr\u00fcbemiz \u015funu g\u00f6stermektedir ki bu t\u00fcr projelerin tedarik\u00e7ileri y\u00fczde 40\u2019\u0131 yerel tedarik\u00e7ilerdir. Bu oran daha fazla olabiliyor. Bu oran\u0131n artmas\u0131 tedarik\u00e7ilere ba\u011fl\u0131d\u0131r. Sanayicilerin kat\u0131l\u0131m\u0131, halk\u0131n bilgilendirilmesi \u00e7ok \u00f6nemli. Bu atom projesi birinci derecede g\u00fcvenlik demek, en temel ilkemiz bu. Bunun \u00fczerinde duruyoruz. G\u00fcvenlikle ilgili taleplerimiz \u00e7ok \u00f6nemli. Bunu tedarik\u00e7ilerimize de kesinlikle dayat\u0131yoruz. Bu anlamda y\u00fcksek g\u00fcvenlikle ilgili \u00e7ok b\u00fcy\u00fck taleplerimiz var. Bu bir engel de\u011fil, rahatl\u0131kla hepimizin sa\u011fl\u0131\u011f\u0131, hepimizin gelece\u011fi i\u00e7in \u00f6nemli\u201d dedi.\u00a0<br \/>\nA\u00e7\u0131l\u0131\u015f konu\u015fmalar\u0131n\u0131n ard\u0131ndan n\u00fckleer santrallerle ilgili sunumlar yap\u0131ld\u0131. (\u0130HA)\u00a0<\/p>\n","protected":false},"excerpt":{"rendered":"<p>Mersin&#8217;in G\u00fclnar il\u00e7esinde yap\u0131m\u0131na ba\u015flan\u0131lan Akkuyu N\u00fckleer G\u00fc\u00e7 Santrali Projesi&#8217;nin tedarik\u00e7ileri i\u00e7in seminer d\u00fczenlendi. Enerji ve Tabii Kaynaklar Bakanl\u0131\u011f\u0131 N\u00fckleer Enerji Genel M\u00fcd\u00fcrl\u00fc\u011f\u00fc Daire Ba\u015fkan\u0131 \u0130brahim Halil Dere, &#8220;N\u00fckleer enerji &hellip; <a href=\"https:\/\/akdenizolaygazetesi.com\/?p=2704\" class=\"more-link\">Devam\u0131n\u0131 Oku&#8230;<\/a><\/p>\n","protected":false},"author":1,"featured_media":0,"comment_status":"open","ping_status":"open","sticky":false,"template":"","format":"standard","meta":[],"categories":[],"tags":[],"_links":{"self":[{"href":"https:\/\/akdenizolaygazetesi.com\/index.php?rest_route=\/wp\/v2\/posts\/2704"}],"collection":[{"href":"https:\/\/akdenizolaygazetesi.com\/index.php?rest_route=\/wp\/v2\/posts"}],"about":[{"href":"https:\/\/akdenizolaygazetesi.com\/index.php?rest_route=\/wp\/v2\/types\/post"}],"author":[{"embeddable":true,"href":"https:\/\/akdenizolaygazetesi.com\/index.php?rest_route=\/wp\/v2\/users\/1"}],"replies":[{"embeddable":true,"href":"https:\/\/akdenizolaygazetesi.com\/index.php?rest_route=%2Fwp%2Fv2%2Fcomments&post=2704"}],"version-history":[{"count":0,"href":"https:\/\/akdenizolaygazetesi.com\/index.php?rest_route=\/wp\/v2\/posts\/2704\/revisions"}],"wp:attachment":[{"href":"https:\/\/akdenizolaygazetesi.com\/index.php?rest_route=%2Fwp%2Fv2%2Fmedia&parent=2704"}],"wp:term":[{"taxonomy":"category","embeddable":true,"href":"https:\/\/akdenizolaygazetesi.com\/index.php?rest_route=%2Fwp%2Fv2%2Fcategories&post=2704"},{"taxonomy":"post_tag","embeddable":true,"href":"https:\/\/akdenizolaygazetesi.com\/index.php?rest_route=%2Fwp%2Fv2%2Ftags&post=2704"}],"curies":[{"name":"wp","href":"https:\/\/api.w.org\/{rel}","templated":true}]}}