{"id":2705,"date":"2020-11-04T18:23:13","date_gmt":"2020-11-04T15:23:13","guid":{"rendered":"http:\/\/mersinekonomipolitikagazetesi.com\/?p=2705"},"modified":"2020-11-04T18:23:13","modified_gmt":"2020-11-04T15:23:13","slug":"bernaya-damatsiz-dugun","status":"publish","type":"post","link":"https:\/\/akdenizolaygazetesi.com\/?p=2705","title":{"rendered":"Berna&#8217;ya damats\u0131z d\u00fc\u011f\u00fcn"},"content":{"rendered":"<p>Mersin&#8217;de do\u011fu\u015ftan engelli k\u0131zlar\u0131n\u0131n d\u00fc\u011f\u00fcn ve gelinlik giyme hayalini ger\u00e7ekle\u015ftirmek isteyen Geli\u015f \u00e7ifti, k\u0131zlar\u0131na damats\u0131z \u00e7alg\u0131l\u0131, k\u0131nal\u0131 d\u00fc\u011f\u00fcn yapt\u0131- Gelinlik giyen 24 ya\u015f\u0131ndaki Berna Geli\u015f, d\u00fc\u011f\u00fcne gelen davetlilerle birlikte g\u00f6nl\u00fcnce e\u011flendi.<\/p>\n<p>Mersin&#8217;de do\u011fu\u015ftan engelli k\u0131zlar\u0131n\u0131n d\u00fc\u011f\u00fcn ve gelinlik giyme hayalini ger\u00e7ekle\u015ftirmek isteyen Yusuf ve Yurdag\u00fcl Geli\u015f \u00e7ifti, k\u0131zlar\u0131na damats\u0131z \u00e7alg\u0131l\u0131, \u00e7engili d\u00fc\u011f\u00fcn yapt\u0131. Gelinlik giyen 24 ya\u015f\u0131ndaki Berna Geli\u015f, d\u00fc\u011f\u00fcne gelen davetlilerle birlikte g\u00f6nl\u00fcnce e\u011flendi.\u00a0<br \/>\nMersin&#8217;de ya\u015fayan Yusuf ve Yurdag\u00fcl Geli\u015f \u00e7ifti, do\u011fu\u015ftan engelli k\u0131zlar\u0131n\u0131n en b\u00fcy\u00fck hayalini ger\u00e7e\u011fe d\u00f6n\u00fc\u015ft\u00fcrd\u00fc. Y\u0131llard\u0131r gelinlik giyip, d\u00fc\u011f\u00fcn yapmak isteyen Berna, sonunda hayaline kavu\u015ftu. Geli\u015f \u00e7ifti \u00f6ncelikle d\u00fc\u011f\u00fcn salonu tutarak, davetiye bast\u0131rd\u0131. B\u00fct\u00fcn tan\u0131d\u0131klara damats\u0131z d\u00fc\u011f\u00fcn\u00fcn davetiyesine da\u011f\u0131tan Geli\u015f \u00e7ifti, normal bir d\u00fc\u011f\u00fcnde yap\u0131lmas\u0131 gerekenleri de bir bir yapt\u0131. G\u00f6ren herkes \u00f6nce \u015fa\u015f\u0131rd\u0131 sonra \u00fcz\u00fcld\u00fc daha sonra ise mutlu oldu. \u00c7ok say\u0131da davetlinin kat\u0131l\u0131m\u0131yla d\u00fc\u011f\u00fcn ger\u00e7ekle\u015firken, gelinlik giyen Berna ise g\u00f6nl\u00fcnce e\u011flendi.\u00a0<\/p>\n<p>&#8220;K\u0131z\u0131m\u0131n hayalini ger\u00e7ekle\u015ftirdik&#8221;<br \/>\n\u00a0<br \/>\nYapt\u0131klar\u0131 \u00f6rnek davran\u0131\u015fla ilgili konu\u015fan baba Yusuf Geli\u015f, k\u0131z\u0131n\u0131n kendi g\u00f6z\u00fcnde engelli olmad\u0131\u011f\u0131n\u0131 vurgulad\u0131. K\u0131z\u0131n\u0131n kendi istek ve duygular\u0131n\u0131n oldu\u011funun alt\u0131n\u0131 \u00e7izen Geli\u015f, \u201cBunu da biz ailesi olarak, amcalar\u0131, day\u0131lar\u0131, teyzeleri olarak s\u00fcrekli hayalinde olan bir \u015feyi ger\u00e7ekle\u015ftirmek i\u00e7in el birli\u011fiyle ger\u00e7ekle\u015ftirdik. Berna tam bir d\u00fc\u011f\u00fcn istiyordu. B\u00fct\u00fcn gitti\u011fimizde d\u00fc\u011f\u00fcnlerde s\u00fcrekli gelinleri g\u00f6rd\u00fc\u011f\u00fc zaman yan\u0131ndan ayr\u0131lm\u0131yordu. Acaba bir g\u00fcn bende gelinlik giyebilir miyim diye hayali vard\u0131. Biz bunu s\u00fcrekli annesiyle konu\u015fuyorduk. Bug\u00fcne kadar k\u0131z\u0131m\u0131z\u0131n e\u011fitimi, sa\u011fl\u0131\u011f\u0131yla ilgili ne gerekiyorsa yap\u0131yorduk. D\u00fc\u011f\u00fcn i\u00e7inde herkes ta\u015f\u0131n alt\u0131na elini koydu. B\u00fct\u00fcn herkes k\u0131z\u0131m\u0131n hayalini ger\u00e7ekle\u015ftirmek i\u00e7in \u00e7al\u0131\u015ft\u0131 ve onun hayalini ger\u00e7ekle\u015ftirdik. Umut ediyorum ki T\u00fcrkiye\u2019de ve d\u00fcnyada bunun gibi hastal\u0131klar\u0131n tedavisinin bulunmas\u0131. \u00dclkemizde b\u00f6yle insanlara farkl\u0131 bir g\u00f6zle bak\u0131lmamas\u0131n\u0131 istiyoruz. K\u0131z\u0131m\u0131z\u0131 sosyal hayata entegre etmek i\u00e7in elimizden ne geliyorsa yap\u0131yoruz. K\u0131z\u0131m\u0131z\u0131n \u015fu anda hayali ger\u00e7ekle\u015fti. \u0130stiyoruz ki b\u00fct\u00fcn engelli karde\u015flerimize \u00fclkemiz, milletimiz olarak daha yard\u0131mc\u0131 olunsun&#8221; diye konu\u015ftu.\u00a0<\/p>\n<p>&#8220;Normal bir gelin damat heyecan\u0131 varm\u0131\u015f gibi her \u015feyimizi ald\u0131k, yapt\u0131k&#8221;<br \/>\n\u00a0<br \/>\nAnne Yurdanur Geli\u015f ise Berna\u2019n\u0131n do\u011fu\u015ftan engelli d\u00fcnyaya geldi\u011fini s\u00f6yledi. K\u0131zlar\u0131n\u0131n \u015fu anda 24 ya\u015f\u0131nda oldu\u011funu belirten Geli\u015f \u201cDo\u011fdu\u011fu g\u00fcnden beri Berna ile u\u011fra\u015f\u0131yoruz. Tek bir hayali vard\u0131 oda gelinlik giymekti, onu da biz ger\u00e7ekle\u015ftirdik. \u00c7okta g\u00fczel oldu. Bir d\u00fc\u011f\u00fcnden daha fazlas\u0131 oldu. Normal bir gelin damat heyecan\u0131 varm\u0131\u015f gibi her \u015feyimizi ald\u0131k, yapt\u0131k. D\u00fc\u011f\u00fcnde bir tek damad\u0131m\u0131z eksikti. \u00c7ok g\u00fczel \u015feyler ya\u015fad\u0131k. Davetiye bile bast\u0131rd\u0131k, da\u011f\u0131tt\u0131k. Davet etti\u011fimiz ki\u015filerin de hepsi d\u00fc\u011f\u00fcne geldi. D\u00fc\u011f\u00fcnde \u00f6zel slayt yapt\u0131k. Berna\u2019n\u0131n bebekli\u011finden bug\u00fcn kadar gelen s\u00fcre\u00e7te yer alan foto\u011fraflar\u0131n g\u00f6steri yap\u0131ld\u0131. Herkes \u00e7ok be\u011fendi. Berna ilk ba\u015fta a\u015f\u0131r\u0131 heyecan\u0131nda biraz rahats\u0131zland\u0131 ama sonra \u00e7ok mutlu oldu, e\u011flenceye devam etti. \u00c7ok ho\u015funa gitti. Salon ta\u015ft\u0131 resmen. Bir damad\u0131m\u0131z olsa salon s\u0131\u011fmayacakt\u0131r herhalde. Damatlar zaten s\u0131radayd\u0131. Herkes Berna i\u00e7in s\u0131rayla damat oldu&#8221; dedi.\u00a0<br \/>\nBerna Geli\u015f de gelinlik giymenin hayali oldu\u011funu ifade ederek, \u201cHayalimdi. D\u00fc\u011f\u00fcnde \u00e7ok heyecanland\u0131m. D\u00fc\u011f\u00fcn\u00fcm g\u00fczel ge\u00e7ti, s\u00fcperdi. D\u00fc\u011f\u00fcnde oynad\u0131m. Daha hayallerim de var&#8221; \u015feklinde konu\u015ftu. \u00a0<\/p>\n","protected":false},"excerpt":{"rendered":"<p>Mersin&#8217;de do\u011fu\u015ftan engelli k\u0131zlar\u0131n\u0131n d\u00fc\u011f\u00fcn ve gelinlik giyme hayalini ger\u00e7ekle\u015ftirmek isteyen Geli\u015f \u00e7ifti, k\u0131zlar\u0131na damats\u0131z \u00e7alg\u0131l\u0131, k\u0131nal\u0131 d\u00fc\u011f\u00fcn yapt\u0131- Gelinlik giyen 24 ya\u015f\u0131ndaki Berna Geli\u015f, d\u00fc\u011f\u00fcne gelen davetlilerle birlikte g\u00f6nl\u00fcnce &hellip; <a href=\"https:\/\/akdenizolaygazetesi.com\/?p=2705\" class=\"more-link\">Devam\u0131n\u0131 Oku&#8230;<\/a><\/p>\n","protected":false},"author":1,"featured_media":0,"comment_status":"open","ping_status":"open","sticky":false,"template":"","format":"standard","meta":[],"categories":[],"tags":[],"_links":{"self":[{"href":"https:\/\/akdenizolaygazetesi.com\/index.php?rest_route=\/wp\/v2\/posts\/2705"}],"collection":[{"href":"https:\/\/akdenizolaygazetesi.com\/index.php?rest_route=\/wp\/v2\/posts"}],"about":[{"href":"https:\/\/akdenizolaygazetesi.com\/index.php?rest_route=\/wp\/v2\/types\/post"}],"author":[{"embeddable":true,"href":"https:\/\/akdenizolaygazetesi.com\/index.php?rest_route=\/wp\/v2\/users\/1"}],"replies":[{"embeddable":true,"href":"https:\/\/akdenizolaygazetesi.com\/index.php?rest_route=%2Fwp%2Fv2%2Fcomments&post=2705"}],"version-history":[{"count":0,"href":"https:\/\/akdenizolaygazetesi.com\/index.php?rest_route=\/wp\/v2\/posts\/2705\/revisions"}],"wp:attachment":[{"href":"https:\/\/akdenizolaygazetesi.com\/index.php?rest_route=%2Fwp%2Fv2%2Fmedia&parent=2705"}],"wp:term":[{"taxonomy":"category","embeddable":true,"href":"https:\/\/akdenizolaygazetesi.com\/index.php?rest_route=%2Fwp%2Fv2%2Fcategories&post=2705"},{"taxonomy":"post_tag","embeddable":true,"href":"https:\/\/akdenizolaygazetesi.com\/index.php?rest_route=%2Fwp%2Fv2%2Ftags&post=2705"}],"curies":[{"name":"wp","href":"https:\/\/api.w.org\/{rel}","templated":true}]}}