{"id":27060,"date":"2023-08-02T13:22:23","date_gmt":"2023-08-02T10:22:23","guid":{"rendered":"http:\/\/akdenizolaygazetesi.com\/?p=27060"},"modified":"2023-08-02T13:22:23","modified_gmt":"2023-08-02T10:22:23","slug":"kiratli-mezitli-devlet-hastanesi-2025-yili-sonunda-acilacak","status":"publish","type":"post","link":"https:\/\/akdenizolaygazetesi.com\/?p=27060","title":{"rendered":"K\u0131ratl\u0131: &#8220;Mezitli Devlet Hastanesi 2025 y\u0131l\u0131 sonunda a\u00e7\u0131lacak&#8221;"},"content":{"rendered":"<p>AK Parti Mersin Milletvekili Ali K\u0131ratl\u0131, Mezitli&#8217;de yap\u0131m\u0131na ba\u015flanan Mezitli Devlet Hastanesinin in\u015faat\u0131nda incelemelerde bulundu. K\u0131ratl\u0131, 280 bin metrekare alanda in\u015faat\u0131 ba\u015flayan 150 yatakl\u0131 ve i\u00e7erisinde birbirinden ayr\u0131 binalardan olu\u015fan 50 \u00fcnitlik de A\u011f\u0131z ve Di\u015f Sa\u011fl\u0131\u011f\u0131 Merkezi olan devasa hastanenin 2025 y\u0131l\u0131 sonunda tamamlanaca\u011f\u0131n\u0131 belirtti.<\/p>\n<p>AK Parti Mersin Milletvekili Ali K\u0131ratl\u0131, Mersin \u0130l Sa\u011fl\u0131k M\u00fcd\u00fcr\u00fc Dr. Emrah Ceviz, AK Parti Mezitli \u0130l\u00e7e Ba\u015fkan\u0131 Zafer Uslu ile birlikte Mezitli&#8217;de yap\u0131m\u0131na ba\u015flanan Mezitli Devlet Hastanesinin in\u015faat\u0131nda incelemelerde bulundu. Burada bas\u0131n mensuplar\u0131na a\u00e7\u0131klamalarda bulunan K\u0131ratl\u0131, il\u00e7e belediye ba\u015fkan\u0131n\u0131n sosyal medya \u00fczerinden yapt\u0131\u011f\u0131 payla\u015f\u0131ma de\u011finerek, &#8220;Hastanemizin ge\u00e7mi\u015fi \u00e7ok eskiye dayansa da bug\u00fcn milletvekili s\u0131fat\u0131yla burada olsam da daha \u00f6nce ben burada il\u00e7e ba\u015fkanl\u0131\u011f\u0131 yapt\u0131\u011f\u0131m d\u00f6nemde yani 2015 y\u0131l\u0131nda yat\u0131r\u0131m program\u0131na ald\u0131rd\u0131\u011f\u0131m\u0131z \u00f6nemli bir devlet hastanesi. Sanki bu hastane belediyenin bir hizmetiymi\u015f gibi g\u00f6stermeye \u00e7al\u0131\u015ft\u0131lar. Hastanenin payla\u015f\u0131m\u0131n\u0131 yapt\u0131klar\u0131 i\u00e7in mutlu oldum. Sonu\u00e7ta Mezitli&#8217;ye bir hastane kazand\u0131rd\u0131k ve tan\u0131t\u0131m\u0131n\u0131 yapt\u0131lar. Ama g\u00f6n\u00fcl isterdi ki bu payla\u015f\u0131mlarda hastanenin en az\u0131ndan Say\u0131n Cumhurba\u015fkan\u0131m\u0131z Recep Tayyip Erdo\u011fan&#8217;\u0131n iradesi ve riyasetiyle Mezitli&#8217;mize kazand\u0131r\u0131ld\u0131\u011f\u0131n\u0131n ifade edilmesiydi. Bu konuda \u00fcz\u00fcld\u00fcm&#8221; \u015feklinde konu\u015ftu.<\/p>\n<p>&#8220;PROJEY\u0130 2015 YILINDA YATIRIM PROGRAMINA ALDIRDIK&#8221;<\/p>\n<p>Hastane s\u00fcreciyle ilgili bilgiler veren K\u0131ratl\u0131, &#8220;Burada in\u015faat\u0131 ba\u015flayan hastanemiz \u015fu y\u00f6nden \u00f6nemli. \u00d6zellikle Erdemli&#8217;den \u015eehir Hastanesi veya \u00dcniversite hastanesine kadar maalesef bir devlet hastanemiz yoktu. Mezitli b\u00fcy\u00fcyen, geli\u015fen ve g\u00fcn\u00fcm\u00fcz T\u00fcrkiye&#8217;sinde en b\u00fcy\u00fck il\u00e7esi olabilecek potansiyele sahip g\u00fczide bir il\u00e7emiz. Bug\u00fcn Mezitli hastanemizi in\u015faat\u0131n\u0131 inceliyoruz. Hastanemizin ge\u00e7mi\u015fi \u00e7ok eskiye dayansa da bug\u00fcn milletvekili s\u0131fat\u0131yla burada olsam da daha \u00f6nce ben burada il\u00e7e ba\u015fkanl\u0131\u011f\u0131 yapt\u0131\u011f\u0131m d\u00f6nemde 2015 y\u0131l\u0131nda yat\u0131r\u0131m program\u0131na ald\u0131rd\u0131\u011f\u0131m\u0131z \u00f6nemli bir devlet hastanesi. Bu noktada buradaki bu eksikli\u011fi g\u00f6rd\u00fc\u011f\u00fcm\u00fcz i\u00e7in Say\u0131n Cumhurba\u015fkan\u0131m\u0131z Recep Tayyip Erdo\u011fan riyasetinde ne yap\u0131labilir diye bakt\u0131k. Hamdolsun projemizi haz\u0131rlad\u0131k, projemiz kabul g\u00f6rd\u00fc ve daha sonra yat\u0131r\u0131m program\u0131na ald\u0131rd\u0131k. O zamandan bu zamana \u00e7ok ola\u011fan\u00fcst\u00fc olaylar ya\u015fand\u0131. Pandemi ya\u015fand\u0131, Rusya Ukrayna sava\u015f\u0131 ya\u015fand\u0131. Akabinde son 500 y\u0131lda d\u00fcnyada g\u00f6r\u00fclmemi\u015f bir depremi maalesef \u00fclkemizde ya\u015fad\u0131k. Bu vesile ile depremde hayat\u0131n\u0131 kaybeden vatanda\u015flar\u0131m\u0131za Allah&#8217;tan rahmet diliyorum. Deprem b\u00f6lgesinde devletimiz t\u00fcm imkanlar\u0131yla \u00e7al\u0131\u015fmaya devam ederken bizler de burada yat\u0131r\u0131mlar\u0131m\u0131z\u0131 h\u0131z kesmeden milletimizin hizmetine sunmaya gayret ediyoruz. Bu y\u00fczden Mezitli Devlet Hastanesi bizim a\u00e7\u0131m\u0131zdan \u00e7ok \u00f6nemli. Mezitli Devlet Hastanemizi may\u0131s ay\u0131 itibariyle ihalesini tamamlad\u0131k, \u00fcstlenici firmaya teslim ettik&#8221; ifadelerini kulland\u0131.<\/p>\n<p> &#8220;MEZ\u0130TL\u0130 DEVLET HASTANES\u0130, SA\u011eLIK BAKANLI\u011eIMIZ B\u00dcNYES\u0130NDE YAPILAN VE BELED\u0130YEYLE B\u0130R ALAKASI OLMAYAN DEVLET HASTANES\u0130D\u0130R&#8221;<\/p>\n<p>AK Parti Mersin Milletvekili Ali K\u0131ratl\u0131, yapt\u0131\u011f\u0131 a\u00e7\u0131klamalar\u0131n devam\u0131nda \u015fu ifadelere yer verdi:<\/p>\n<p>Hastanemiz son model, teknolojiyle donat\u0131lm\u0131\u015f, 150 yatakl\u0131, ayn\u0131 zamanda da geni\u015fletilebilir bu talep halinde 200&#8217;e \u00e7\u0131kabilecek bir yatak kapasitesine sahip. Ayr\u0131 ayr\u0131 binalardan olu\u015fan 50 \u00fcnitlik A\u011f\u0131z ve Di\u015f Sa\u011fl\u0131\u011f\u0131 Merkezimiz mevcut olan yine 10 tane ameliyathanesi olan ve i\u00e7erisinde ger\u00e7ekten g\u00fcn\u00fcm\u00fcz teknolojisinde \u00e7ok y\u00fcksek teknolojik kapasiteye sahip olan cihazlardan olu\u015facak \u00e7ok modern bir devlet hastanesi olacak. \u0130n\u015fallah Cumhurba\u015fkan\u0131m\u0131z Say\u0131n Recep Tayyip Erdo\u011fan&#8217;\u0131n, Sa\u011fl\u0131k Bakan\u0131m\u0131z\u0131n riyasetinde hastanemizi biz yapmaya devam ediyoruz. Fakat son birka\u00e7 g\u00fcnd\u00fcr \u015funu g\u00f6r\u00fcyorum Mersinimizde \u00f6zellikle. Tabi biliyorsunuz \u00f6n\u00fcm\u00fczde bir yerel se\u00e7im var. B\u00fct\u00fcn siyaset\u00e7iler her yat\u0131r\u0131mdan bir nema kapmaya \u00e7al\u0131\u015f\u0131yor. Birka\u00e7 g\u00fcnd\u00fcr g\u00f6rd\u00fc\u011f\u00fcm kadar\u0131yla Mezitli Belediye ba\u015fkan\u0131m\u0131zda sosyal medya payla\u015f\u0131mlar\u0131nda Mezitli Devlet Hastanesiyle ilgili payla\u015f\u0131mlar yapt\u0131. Ben esas\u0131nda mutlu oldum. Bir kere devlet hastanemizin tan\u0131t\u0131lmas\u0131ndan dolay\u0131 mutlu oldum. Ama g\u00f6n\u00fcl isterdi ki bu payla\u015f\u0131mlarda hastanenin Cumhurba\u015fkan\u0131m\u0131z Say\u0131n Recep Tayyip Erdo\u011fan&#8217;\u0131n iradesi ve riyasetiyle Mezitli&#8217;mize kazand\u0131r\u0131ld\u0131\u011f\u0131n\u0131n ifade edilmesiydi. Belediye ba\u015fkan\u0131m\u0131za g\u00f6rd\u00fc\u011f\u00fcm kadar\u0131yla sanki bunu bir belediyenin hizmetiymi\u015f gibi Mezitlili ve Mersinli hem\u015fehrilerimize sunuyor olmas\u0131 beni \u00fczd\u00fc. Bunu \u00f6zellikle payla\u015fmak istiyorum. Mezitli Devlet Hastanemiz ba\u015f\u0131ndan sonuna kadar maddiyat\u0131yla da maneviyat\u0131yla da her kademesi Sa\u011fl\u0131k Bakanl\u0131\u011f\u0131m\u0131z b\u00fcnyesinde yap\u0131lan ve belediyeyle bir alakas\u0131 olmayan devlet hastanesidir. Hamdolsun ba\u015flad\u0131k, s\u00f6z vermi\u015ftik. \u00c7al\u0131\u015fmalara ba\u015flad\u0131k ve \u00e7al\u0131\u015fmalar\u0131m\u0131zda devam ediyor.<\/p>\n<p>&#8220;HASTANEM\u0130Z\u0130N B\u0130RAN EVVEL H\u0130ZMETE A\u00c7ILMASI \u0130\u00c7\u0130N T\u00dcM KURUMLARIN EL\u0130N\u0130 TA\u015eIN ALTINA KOYMASI GEREK\u0130YOR&#8221;<\/p>\n<p>Az \u00f6nce \u00fcstlenici firmayla g\u00f6r\u00fc\u015ft\u00fcm \u00e7al\u0131\u015fmalarda bir aksakl\u0131k var m\u0131 diye? \u00c7al\u0131\u015fmalar\u0131n normal \u015fekilde devam etti\u011fini ifade etti ama bir konuya \u00fcz\u00fcld\u00fcm. Niye \u00fcz\u00fcld\u00fcm. \u00d6zellikle su problemi ya\u015fad\u0131\u011f\u0131n\u0131 s\u00f6yledi \u00fcstlenici firma. MESK\u0130 ile alakal\u0131 s\u0131k\u0131nt\u0131 ya\u015fad\u0131\u011f\u0131n\u0131 ifade etti. Bir tak\u0131m imzalarda ve ilerleyi\u015f anlam\u0131nda s\u0131k\u0131nt\u0131 ya\u015fad\u0131klar\u0131n\u0131 belirtti. Ben buradan MESK\u0130 genel m\u00fcd\u00fcr\u00fcm\u00fcze, B\u00fcy\u00fck\u015fehir Belediye Ba\u015fkan\u0131 Say\u0131n Vahap Se\u00e7er&#8217;e seslenmek istiyorum. Bug\u00fcn Mezitli&#8217;ye kazand\u0131r\u0131lacak olan bu devlet hastanesinden hi\u00e7bir parti ayr\u0131m\u0131 g\u00f6zetmeksizin b\u00fct\u00fcn hem\u015fehrilerimiz buradan payla\u015facak. Toplum hassasiyetini g\u00f6zeterek buradaki b\u00fcrokrasinin \u00f6n\u00fcn\u00fc a\u00e7mas\u0131n\u0131 ben \u00f6zellikle rica ediyorum. \u0130n\u015fallah bizler \u00e7al\u0131\u015fmalar\u0131 devam eden hastanemizi s\u0131k s\u0131k gelerek il sa\u011fl\u0131k m\u00fcd\u00fcr\u00fcm\u00fczle beraber yerinde inceleyece\u011fiz. Hastanemizin biran \u00f6nce tamamlanarak hizmete a\u00e7\u0131lmas\u0131 i\u00e7in t\u00fcm kurumlar\u0131m\u0131z\u0131n elini ta\u015f\u0131n alt\u0131na koymas\u0131 gerekiyor. \u00c7\u00fcnk\u00fc bu hastanenin tamamlan\u0131p a\u00e7\u0131lmas\u0131 demek, burada insanlar\u0131m\u0131z\u0131n tedavi olmas\u0131 demek. O y\u00fczden bu hassasiyeti herkesin \u00f6zenle g\u00f6stermesini istiyorum. Buras\u0131 benim il\u00e7e ba\u015fkanl\u0131\u011f\u0131m d\u00f6nemimde yat\u0131r\u0131m program\u0131na al\u0131nm\u0131\u015ft\u0131. \u0130n\u015fallah milletvekilli\u011fi d\u00f6nemimde de buran\u0131n kurdelesini sizlerle beraber, Say\u0131n Cumhurba\u015fkan\u0131m\u0131zla beraber, Sa\u011fl\u0131k Bakan\u0131m\u0131zla beraber keserek milletimizin hizmetine sunar\u0131z.<\/p>\n<p>&#8220;CUMHURBA\u015eKANIMIZ MERS\u0130N&#8217;\u0130 \u00c7OK \u00d6NEMS\u0130YOR&#8221;<\/p>\n<p>K\u0131ymetli Mersinli hem\u015fehrilerim. \u015eunu hi\u00e7bir zaman unutmay\u0131n. Cumhurba\u015fkan\u0131m\u0131z Mersin&#8217;i \u00e7ok \u00f6nemsiyor. Ula\u015ft\u0131rma Bakan\u0131m\u0131z atand\u0131ktan sonraki ilk ziyaretini Mersin&#8217;e yapm\u0131\u015ft\u0131. Bunu \u00f6zellikle ben kendilerine sordum. Neden Mersin diye? Cumhurba\u015fkan\u0131m\u0131z\u0131n bir \u00f6zelli\u011fi vard\u0131r. Gitti\u011fi b\u00fct\u00fcn illerde helikopterle \u00f6nce havadan bir tur atarak yap\u0131lan yat\u0131r\u0131mlara ve \u00e7al\u0131\u015fmalara bakar, inceler. Say\u0131n Cumhurba\u015fkan\u0131m\u0131z Mersin&#8217;e geldi\u011finde de havaalan\u0131yla ilgili eksiklikleri g\u00f6r\u00fcnce Ula\u015ft\u0131rma Bakan\u0131m\u0131za talimat veriyor ve \u00c7ukurova Havaalan\u0131n\u0131n kendisi i\u00e7in \u00e7ok \u00f6nemli oldu\u011funu ve ilk ziyaretini oraya yap\u0131yorsun diye talimat veriyor. Oradan bize bilgi getiriyorsun ve ak\u0131betine beraber bakaca\u011f\u0131z diyor. Hamdolsun ki say\u0131n bakan\u0131m\u0131z ilk ziyaretini buraya yap\u0131yor. \u00d6zellikle 280 bin metrekare alanda devasa bir proje y\u00fckseliyor. Bunun 50 bin metrekaresi kapal\u0131 alandan olu\u015fan, ilk etapta 150 yatakl\u0131, istenildi\u011fi takdirde 200 yatak kapasitesine \u00e7\u0131kabilen ve ayr\u0131 ayr\u0131 birbirinden ba\u011f\u0131ms\u0131z binalarda 50 \u00fcnitlik A\u011f\u0131z ve Di\u015f Sa\u011fl\u0131\u011f\u0131 Merkezini i\u00e7erisinde bar\u0131nd\u0131ran ve ayn\u0131 anda 10 ameliyat\u0131n yap\u0131labilece\u011fi bir kompleksten bahsediyoruz. Cumhurba\u015fkan\u0131m\u0131zdan Allah raz\u0131 olsun. Milletin dertleriyle dertlenmek b\u00f6yle bir \u015fey. Sa\u011fl\u0131k bakan\u0131m\u0131za \u00e7ok te\u015fekk\u00fcr ediyoruz. Mersinimize in\u015fallah bu hizmeti kazand\u0131raca\u011f\u0131z.<\/p>\n<p>&#8220;OLA\u011eAN\u00dcST\u00dc AFETLER OLMAZSA HASTANEM\u0130Z 2025 YILI SONUNDA H\u0130ZMETE A\u00c7ILACAK&#8221;<\/p>\n<p>\u0130n\u015faat\u0131n tamamlanmas\u0131 i\u00e7in s\u00f6zle\u015fmede yer alan s\u00fcre 700 g\u00fcn. Bunun alt\u0131n\u0131 \u00e7izerek \u015funu da belirtmek istiyorum. Biliyorsunuz havaalan\u0131 in\u015faat\u0131 devam ederken d\u00fcnyada son 500 y\u0131lda ya\u015fanmam\u0131\u015f bir depremi ya\u015fad\u0131k. Ola\u011fan\u00fcst\u00fc afetler ya\u015fanmazsa ve Allah nasip ederse 2025 y\u0131l\u0131 sonunda buran\u0131n tamamlanmas\u0131n\u0131 planl\u0131yoruz. Sizlerle beraber bu s\u00fcreci takip edece\u011fiz ve in\u015fallah da ba\u015faraca\u011f\u0131z.<\/p>\n","protected":false},"excerpt":{"rendered":"<p>AK Parti Mersin Milletvekili Ali K\u0131ratl\u0131, Mezitli&#8217;de yap\u0131m\u0131na ba\u015flanan Mezitli Devlet Hastanesinin in\u015faat\u0131nda incelemelerde bulundu. K\u0131ratl\u0131, 280 bin metrekare alanda in\u015faat\u0131 ba\u015flayan 150 yatakl\u0131 ve i\u00e7erisinde birbirinden ayr\u0131 binalardan olu\u015fan &hellip; <a href=\"https:\/\/akdenizolaygazetesi.com\/?p=27060\" class=\"more-link\">Devam\u0131n\u0131 Oku&#8230;<\/a><\/p>\n","protected":false},"author":2,"featured_media":27061,"comment_status":"open","ping_status":"open","sticky":false,"template":"","format":"standard","meta":[],"categories":[3,9],"tags":[],"_links":{"self":[{"href":"https:\/\/akdenizolaygazetesi.com\/index.php?rest_route=\/wp\/v2\/posts\/27060"}],"collection":[{"href":"https:\/\/akdenizolaygazetesi.com\/index.php?rest_route=\/wp\/v2\/posts"}],"about":[{"href":"https:\/\/akdenizolaygazetesi.com\/index.php?rest_route=\/wp\/v2\/types\/post"}],"author":[{"embeddable":true,"href":"https:\/\/akdenizolaygazetesi.com\/index.php?rest_route=\/wp\/v2\/users\/2"}],"replies":[{"embeddable":true,"href":"https:\/\/akdenizolaygazetesi.com\/index.php?rest_route=%2Fwp%2Fv2%2Fcomments&post=27060"}],"version-history":[{"count":1,"href":"https:\/\/akdenizolaygazetesi.com\/index.php?rest_route=\/wp\/v2\/posts\/27060\/revisions"}],"predecessor-version":[{"id":27062,"href":"https:\/\/akdenizolaygazetesi.com\/index.php?rest_route=\/wp\/v2\/posts\/27060\/revisions\/27062"}],"wp:featuredmedia":[{"embeddable":true,"href":"https:\/\/akdenizolaygazetesi.com\/index.php?rest_route=\/wp\/v2\/media\/27061"}],"wp:attachment":[{"href":"https:\/\/akdenizolaygazetesi.com\/index.php?rest_route=%2Fwp%2Fv2%2Fmedia&parent=27060"}],"wp:term":[{"taxonomy":"category","embeddable":true,"href":"https:\/\/akdenizolaygazetesi.com\/index.php?rest_route=%2Fwp%2Fv2%2Fcategories&post=27060"},{"taxonomy":"post_tag","embeddable":true,"href":"https:\/\/akdenizolaygazetesi.com\/index.php?rest_route=%2Fwp%2Fv2%2Ftags&post=27060"}],"curies":[{"name":"wp","href":"https:\/\/api.w.org\/{rel}","templated":true}]}}