{"id":27063,"date":"2023-08-02T13:24:58","date_gmt":"2023-08-02T10:24:58","guid":{"rendered":"http:\/\/akdenizolaygazetesi.com\/?p=27063"},"modified":"2023-08-02T13:24:58","modified_gmt":"2023-08-02T10:24:58","slug":"mersinli-sanayici-savunma-sanayindeki-gucunu-artirmak-istiyor","status":"publish","type":"post","link":"https:\/\/akdenizolaygazetesi.com\/?p=27063","title":{"rendered":"Mersinli sanayici, savunma sanayindeki g\u00fcc\u00fcn\u00fc art\u0131rmak istiyor"},"content":{"rendered":"<p>Mersinli sanayiciler g\u00fc\u00e7lerini birle\u015ftirip savunma sanayi alan\u0131nda tedarik\u00e7i olmaktan \u00e7\u0131k\u0131p \u00fcrettikleri \u00fcr\u00fcnlerle pazarda s\u00f6z sahibi olmak istiyor. MTSO ve MTOSB i\u015fbirli\u011finde kat\u0131ld\u0131klar\u0131 \u0130DEF2023 Uluslararas\u0131 Savunma Sanayi Fuar\u0131\u2019yla g\u00fc\u00e7 birli\u011finin ilk ad\u0131m\u0131n\u0131 atan firmalar, \u00f6n\u00fcm\u00fczdeki s\u00fcre\u00e7te olu\u015fturulmas\u0131 planlanan Savunma Sanayi K\u00fcmesi\u2019nde birlikte hareket ederek pastadan daha b\u00fcy\u00fck paylar alma hedefinde. <\/p>\n<p>\u0130stanbul T\u00dcYAP Fuar Merkezi\u2019nde bu y\u0131l 16\u2019\u0131nc\u0131s\u0131 d\u00fczenlenen \u0130DEF 2023 Uluslararas\u0131 Savunma Sanayi Fuar\u0131\u2019na Mersin Ticaret ve Sanayi Odas\u0131 (MTSO) ile Mersin Tarsus Organize Sanayi B\u00f6lgesi (MTOSB) i\u015fbirli\u011finde Mersin\u2019den 10 firma kat\u0131ld\u0131. Kat\u0131l\u0131mc\u0131lar \u0130stanbul d\u00f6n\u00fc\u015f\u00fcnde MTSO Y\u00f6netim Kurulu Ba\u015fkan\u0131 Hakan Sefa \u00c7ak\u0131r ile MTOSB Y\u00f6netim Kurulu Ba\u015fkan\u0131 Sabri Tekli evsahipli\u011finde d\u00fczenlenen toplant\u0131da bir araya geldi. Fuar\u0131n genel de\u011ferlendirmesinin yap\u0131ld\u0131\u011f\u0131 toplant\u0131da bir taraftan sekt\u00f6r\u00fcn geli\u015fimi ad\u0131na \u00f6n\u00fcm\u00fczdeki s\u00fcre\u00e7te neler yap\u0131labilece\u011fi ele al\u0131n\u0131rken di\u011fer taraftan gelecek fuarlara kat\u0131l\u0131m konusunda nas\u0131l bir yol izlenmesi gerekti\u011fi tart\u0131\u015f\u0131ld\u0131.  MTSO Y\u00f6netim Kurulu Sayman \u00dcyesi Alpay Seyhan, Y\u00f6netim Kurulu \u00dcyeleri G\u00f6kben G\u00f6kbulut, \u0130dris \u00dcstemel, Murat Akto\u011f, \u0130stiklal Ko\u00e7yi\u011fit ve Abdulkadir Or\u011fun da toplant\u0131ya kat\u0131larak g\u00f6r\u00fc\u015flerini aktard\u0131. <\/p>\n<p>\u00c7ak\u0131r: \u201cFirmalar\u0131m\u0131z\u0131n g\u00fcc\u00fcn\u00fc Savunma Sanayi Ba\u015fkanl\u0131\u011f\u0131 ile payla\u015faca\u011f\u0131z\u201d<br \/>\nToplant\u0131da s\u00f6z alan MTSO Y\u00f6netim Kurulu Ba\u015fkan\u0131 Hakan Sefa \u00c7ak\u0131r, ba\u015far\u0131l\u0131 bir fuar\u0131n geride kald\u0131\u011f\u0131n\u0131 belirterek, \u00f6n\u00fcm\u00fczdeki s\u00fcre\u00e7te daha \u00e7ok firman\u0131n bu fuarda yer almas\u0131n\u0131 istediklerini s\u00f6yledi. Organizasyon s\u00fcrecinde \u00e7ok \u00f6nemli g\u00f6r\u00fc\u015fmeler yap\u0131ld\u0131\u011f\u0131na da de\u011finen \u00c7ak\u0131r, Savunma Sanayi Ba\u015fkanl\u0131\u011f\u0131 ile g\u00f6r\u00fc\u015ft\u00fcklerini belirterek \u015fu bilgileri payla\u015ft\u0131:<br \/>\n\u201cYapt\u0131\u011f\u0131m\u0131z g\u00f6r\u00fc\u015fmede, mevcut \u00fcretimlere rakip olmak yerine savunma sanayinin ihtiya\u00e7lar\u0131na y\u00f6nelik \u00e7al\u0131\u015fma y\u00fcr\u00fct\u00fclmesi tavsiyesinde bulunuldu. Biz de firmalar\u0131m\u0131z\u0131n potansiyelini belirleyen bir \u00e7al\u0131\u015fma yaparak Ekim ay\u0131nda Savunma Sanayi Ba\u015fkanl\u0131\u011f\u0131\u2019na ger\u00e7ekle\u015ftirece\u011fimiz ziyaretle firmalar\u0131m\u0131z\u0131 tan\u0131taca\u011f\u0131z.\u201d<br \/>\nYine fuar s\u00fcrecinde Milli Savunma Bakanl\u0131\u011f\u0131 Tedarik Hizmetleri Genel M\u00fcd\u00fcrl\u00fc\u011f\u00fc ile g\u00f6r\u00fc\u015f\u00fcld\u00fc\u011f\u00fcne de de\u011finen \u00c7ak\u0131r, \u00f6n\u00fcm\u00fczdeki s\u00fcre\u00e7te bu kurum yetkililerinin Mersin\u2019e gelerek bakanl\u0131k projeleri ve destekleri hakk\u0131nda bilgilendirme yapaca\u011f\u0131n\u0131 s\u00f6yledi.<br \/>\nMersinli firmalar\u0131n fuar s\u00fcrecinde sekt\u00f6r\u00fcn g\u00fc\u00e7l\u00fc firmalar\u0131yla temas kurup \u00f6nemli ba\u011flant\u0131lara imza att\u0131\u011f\u0131na da dikkat \u00e7eken \u00c7ak\u0131r, \u00f6nemli tecr\u00fcbe payla\u015f\u0131mlar\u0131 ya\u015fand\u0131\u011f\u0131n\u0131 s\u00f6yledi. \u00d6ncelikli hedefin Mersin\u2019de savunma sanayine hizmet veren firmalar\u0131n kendi i\u00e7indeki ticaretini art\u0131rmak olmas\u0131 gerekti\u011fini kaydeden \u00c7ak\u0131r, ard\u0131ndan yap\u0131lacak UR-GE Projesi ile k\u00fcmelenmeye a\u011f\u0131rl\u0131k verip ulusal ve uluslararas\u0131 pazarlar\u0131n zorlanmas\u0131n\u0131n \u00f6nemine de\u011findi. \u201cHedef yaln\u0131zca tedarik\u00e7i olmak de\u011fil, pazarda somut \u00fcr\u00fcnlerle yer almak olmal\u0131\u201d diyen \u00c7ak\u0131r, olu\u015fturulacak birliktelikle bunun sa\u011flanabilece\u011fini s\u00f6zlerine ekledi. <\/p>\n<p>Tekli: \u201cHedef, savunma sanayinde Mersin\u2019e d\u00fc\u015fen pay\u0131 almak\u201d<br \/>\nMTOSB olarak savunma sanayi konusuna b\u00fcy\u00fck \u00f6nem verdiklerini kaydeden Y\u00f6netim Kurulu Ba\u015fkan\u0131 Sabri Tekli, bu alanda ilerlemek isteyen sanayiciye ne t\u00fcr destekler verebileceklerini a\u00e7\u0131klad\u0131. MTOSB b\u00fcnyesindeki Model Fabrika\u2019n\u0131n savunma sanayine b\u00fcy\u00fck destekleri olaca\u011f\u0131n\u0131 dile getiren Tekli, firmalara durum analizleri yapabileceklerini, sekt\u00f6re yeni girecek firmalara b\u00f6lgede 500 ile bin metrekarelik alanlar olu\u015fturup yat\u0131r\u0131ma g\u00fcc\u00fc yetmeyen firmalara kiralayabileceklerini, b\u00fcy\u00fck firmalara OSB\u2019de yeni yerler tahsis ederken indirimler uygulayabileceklerini s\u00f6yledi. \u201cHedefimiz savunma sanayinde Mersin\u2019e d\u00fc\u015fen pay\u0131 almak\u201d diyen Tekli, birlik ve beraberlik i\u00e7inde bu hedefe ula\u015fabileceklerine inand\u0131\u011f\u0131n\u0131 vurgulad\u0131. Ortada b\u00fcy\u00fck bir pazar oldu\u011funu ve \u00f6nemli olan\u0131n d\u00fczg\u00fcn planlamalarla hatas\u0131z \u015fekilde bu pazara girmek oldu\u011funu belirten Tekli, art\u0131k t\u00fcm d\u00fcnyan\u0131n kendisine hedef olarak savunma sanayini koydu\u011funu Mersin\u2019in de bu konuda yola \u00e7\u0131kt\u0131\u011f\u0131n\u0131 s\u00f6yledi.<br \/>\nYaln\u0131zca fuarlara kat\u0131lmak istemediklerini belirten firma temsilcileri ise askeri fabrikalarla, tersanelerle bir araya gelmek, ziyaret etmek istediklerini belirtti. Bu sekt\u00f6rde \u00f6zellikle belgelendirmenin b\u00fcy\u00fck \u00f6nem ta\u015f\u0131d\u0131\u011f\u0131n\u0131 vurgulayan firma temsilcileri, d\u00fcnyan\u0131n en iyi \u00fcretimi yap\u0131lsa dahi belge eksi\u011fi olmas\u0131 durumunda pazarda yer alamad\u0131klar\u0131n\u0131 hat\u0131rlatt\u0131. Bu ve benzeri sorunlar\u0131n \u00e7\u00f6z\u00fcm\u00fc i\u00e7in eksik kald\u0131klar\u0131 noktalarda ortak e\u011fitimler d\u00fczenlenmesi talep edildi.  <\/p>\n","protected":false},"excerpt":{"rendered":"<p>Mersinli sanayiciler g\u00fc\u00e7lerini birle\u015ftirip savunma sanayi alan\u0131nda tedarik\u00e7i olmaktan \u00e7\u0131k\u0131p \u00fcrettikleri \u00fcr\u00fcnlerle pazarda s\u00f6z sahibi olmak istiyor. MTSO ve MTOSB i\u015fbirli\u011finde kat\u0131ld\u0131klar\u0131 \u0130DEF2023 Uluslararas\u0131 Savunma Sanayi Fuar\u0131\u2019yla g\u00fc\u00e7 birli\u011finin ilk &hellip; <a href=\"https:\/\/akdenizolaygazetesi.com\/?p=27063\" class=\"more-link\">Devam\u0131n\u0131 Oku&#8230;<\/a><\/p>\n","protected":false},"author":2,"featured_media":27064,"comment_status":"open","ping_status":"open","sticky":false,"template":"","format":"standard","meta":[],"categories":[8,2,3,11],"tags":[],"_links":{"self":[{"href":"https:\/\/akdenizolaygazetesi.com\/index.php?rest_route=\/wp\/v2\/posts\/27063"}],"collection":[{"href":"https:\/\/akdenizolaygazetesi.com\/index.php?rest_route=\/wp\/v2\/posts"}],"about":[{"href":"https:\/\/akdenizolaygazetesi.com\/index.php?rest_route=\/wp\/v2\/types\/post"}],"author":[{"embeddable":true,"href":"https:\/\/akdenizolaygazetesi.com\/index.php?rest_route=\/wp\/v2\/users\/2"}],"replies":[{"embeddable":true,"href":"https:\/\/akdenizolaygazetesi.com\/index.php?rest_route=%2Fwp%2Fv2%2Fcomments&post=27063"}],"version-history":[{"count":1,"href":"https:\/\/akdenizolaygazetesi.com\/index.php?rest_route=\/wp\/v2\/posts\/27063\/revisions"}],"predecessor-version":[{"id":27065,"href":"https:\/\/akdenizolaygazetesi.com\/index.php?rest_route=\/wp\/v2\/posts\/27063\/revisions\/27065"}],"wp:featuredmedia":[{"embeddable":true,"href":"https:\/\/akdenizolaygazetesi.com\/index.php?rest_route=\/wp\/v2\/media\/27064"}],"wp:attachment":[{"href":"https:\/\/akdenizolaygazetesi.com\/index.php?rest_route=%2Fwp%2Fv2%2Fmedia&parent=27063"}],"wp:term":[{"taxonomy":"category","embeddable":true,"href":"https:\/\/akdenizolaygazetesi.com\/index.php?rest_route=%2Fwp%2Fv2%2Fcategories&post=27063"},{"taxonomy":"post_tag","embeddable":true,"href":"https:\/\/akdenizolaygazetesi.com\/index.php?rest_route=%2Fwp%2Fv2%2Ftags&post=27063"}],"curies":[{"name":"wp","href":"https:\/\/api.w.org\/{rel}","templated":true}]}}