{"id":27069,"date":"2023-08-02T16:57:14","date_gmt":"2023-08-02T13:57:14","guid":{"rendered":"http:\/\/akdenizolaygazetesi.com\/?p=27069"},"modified":"2023-08-02T16:57:14","modified_gmt":"2023-08-02T13:57:14","slug":"toroslarin-kuvayi-milliye-karargahi-yogun-ilgi-goruyor","status":"publish","type":"post","link":"https:\/\/akdenizolaygazetesi.com\/?p=27069","title":{"rendered":"TOROSLAR&#8217;IN &#8220;KUVAY\u0130 M\u0130LL\u0130YE KARARG\u00c2HI&#8221; YO\u011eUN \u0130LG\u0130 G\u00d6R\u00dcYOR"},"content":{"rendered":"<p>Toroslar Belediye Ba\u015fkan\u0131 Ats\u0131z Af\u015f\u0131n Y\u0131lmaz&#8217;\u0131n Buluklu Mahallesi&#8217;nde kente kazand\u0131rd\u0131\u011f\u0131 Kuvayi Milliye Kararg\u00e2h\u0131, kap\u0131lar\u0131n\u0131 ziyarete a\u00e7t\u0131\u011f\u0131 g\u00fcnden itibaren yo\u011fun bir \u015fekilde yerli ve yabanc\u0131 turistleri a\u011f\u0131rlamaya devam ediyor.<\/p>\n<p>Mersin&#8217;de milli m\u00fccadelenin destans\u0131 hik\u00e2yesinin ya\u015fayan bir \u00f6rne\u011fi olan foto\u011fraflar, belgeler ve etnografik eserlerle donat\u0131lan yakla\u015f\u0131k 200 y\u0131ll\u0131k tarihi binada Ba\u015fkan Y\u0131lmaz da misafirlerine bizzat kendisi rehberlik ederek, kararg\u00e2h ile ilgili bilgiler veriyor. Ziyaret\u00e7iler, kararg\u00e2hta adeta ge\u00e7mi\u015fe yolculuk yap\u0131yor.<\/p>\n<p>Restore \u00e7al\u0131\u015fmalar\u0131n\u0131n ard\u0131ndan 3 Ocak Mersin&#8217;in D\u00fc\u015fman \u0130\u015fgalinden Kurtulu\u015fu&#8217;nun 100&#8217;\u00fcnc\u00fc y\u0131l d\u00f6n\u00fcm\u00fcnde a\u00e7\u0131lan m\u00fczeyi bug\u00fcne kadar binlerce ki\u015fi ziyaret etti.<\/p>\n<p>\u00d6zellikle \u00f6\u011frenciler olmak \u00fczere yerli ve yabanc\u0131 turistlerin yo\u011fun ilgi g\u00f6sterdi\u011fi ve toplumun her kesiminden vatanda\u015f\u0131 a\u011f\u0131rlayan kararg\u00e2h, hafta i\u00e7i her g\u00fcn ziyaret edilebiliyor.<\/p>\n<p>BA\u015eKAN YILMAZ; &#8220;HEM K\u00dcLT\u00dcREL M\u0130RASIMIZI KORUYOR, HEM DE KENT\u0130M\u0130Z\u0130N TUR\u0130ZM\u0130NE KATKI SA\u011eLIYORUZ&#8221;<\/p>\n<p>Toroslar Belediye Ba\u015fkan\u0131 Ats\u0131z Af\u015f\u0131n Y\u0131lmaz, k\u00fclt\u00fcrel miras\u0131n gelecek nesillere aktar\u0131lmas\u0131na b\u00fcy\u00fck \u00f6nem verdiklerini belirterek; &#8220;\u00d6nemli olan bu m\u00fczeyi a\u00e7mak de\u011fil. Bunu s\u00fcrd\u00fcrebilmek ve tarih \u015fuurunu yeni nesle aktarabilmek. Biz de Toroslar Belediyesi olarak bunu ama\u00e7l\u0131yoruz. Ve bu \u00e7er\u00e7evede restore ederek kente kazand\u0131rd\u0131\u011f\u0131m\u0131z kararg\u00e2h\u0131m\u0131zda ata yadig\u00e2r\u0131 tarihimizi ya\u015fatman\u0131n b\u00fcy\u00fck gururu i\u00e7erisindeyiz. T\u00fcm \u00e7ocuklar\u0131m\u0131z\u0131, gen\u00e7lerimizi ve hem\u015fehrilerimizi kararg\u00e2h\u0131m\u0131za bekliyoruz&#8221; diye konu\u015ftu.<\/p>\n","protected":false},"excerpt":{"rendered":"<p>Toroslar Belediye Ba\u015fkan\u0131 Ats\u0131z Af\u015f\u0131n Y\u0131lmaz&#8217;\u0131n Buluklu Mahallesi&#8217;nde kente kazand\u0131rd\u0131\u011f\u0131 Kuvayi Milliye Kararg\u00e2h\u0131, kap\u0131lar\u0131n\u0131 ziyarete a\u00e7t\u0131\u011f\u0131 g\u00fcnden itibaren yo\u011fun bir \u015fekilde yerli ve yabanc\u0131 turistleri a\u011f\u0131rlamaya devam ediyor. Mersin&#8217;de milli &hellip; <a href=\"https:\/\/akdenizolaygazetesi.com\/?p=27069\" class=\"more-link\">Devam\u0131n\u0131 Oku&#8230;<\/a><\/p>\n","protected":false},"author":2,"featured_media":27070,"comment_status":"open","ping_status":"open","sticky":false,"template":"","format":"standard","meta":[],"categories":[1,2,3],"tags":[],"_links":{"self":[{"href":"https:\/\/akdenizolaygazetesi.com\/index.php?rest_route=\/wp\/v2\/posts\/27069"}],"collection":[{"href":"https:\/\/akdenizolaygazetesi.com\/index.php?rest_route=\/wp\/v2\/posts"}],"about":[{"href":"https:\/\/akdenizolaygazetesi.com\/index.php?rest_route=\/wp\/v2\/types\/post"}],"author":[{"embeddable":true,"href":"https:\/\/akdenizolaygazetesi.com\/index.php?rest_route=\/wp\/v2\/users\/2"}],"replies":[{"embeddable":true,"href":"https:\/\/akdenizolaygazetesi.com\/index.php?rest_route=%2Fwp%2Fv2%2Fcomments&post=27069"}],"version-history":[{"count":1,"href":"https:\/\/akdenizolaygazetesi.com\/index.php?rest_route=\/wp\/v2\/posts\/27069\/revisions"}],"predecessor-version":[{"id":27071,"href":"https:\/\/akdenizolaygazetesi.com\/index.php?rest_route=\/wp\/v2\/posts\/27069\/revisions\/27071"}],"wp:featuredmedia":[{"embeddable":true,"href":"https:\/\/akdenizolaygazetesi.com\/index.php?rest_route=\/wp\/v2\/media\/27070"}],"wp:attachment":[{"href":"https:\/\/akdenizolaygazetesi.com\/index.php?rest_route=%2Fwp%2Fv2%2Fmedia&parent=27069"}],"wp:term":[{"taxonomy":"category","embeddable":true,"href":"https:\/\/akdenizolaygazetesi.com\/index.php?rest_route=%2Fwp%2Fv2%2Fcategories&post=27069"},{"taxonomy":"post_tag","embeddable":true,"href":"https:\/\/akdenizolaygazetesi.com\/index.php?rest_route=%2Fwp%2Fv2%2Ftags&post=27069"}],"curies":[{"name":"wp","href":"https:\/\/api.w.org\/{rel}","templated":true}]}}