{"id":27075,"date":"2023-08-03T12:51:23","date_gmt":"2023-08-03T09:51:23","guid":{"rendered":"http:\/\/akdenizolaygazetesi.com\/?p=27075"},"modified":"2023-08-03T12:51:23","modified_gmt":"2023-08-03T09:51:23","slug":"buyuksehir-kariyer-merkezi-mersin-tarsus-osb-ile-is-birligine-hazirlaniyor","status":"publish","type":"post","link":"https:\/\/akdenizolaygazetesi.com\/?p=27075","title":{"rendered":"B\u00dcY\u00dcK\u015eEH\u0130R KAR\u0130YER MERKEZ\u0130, MERS\u0130N TARSUS OSB \u0130LE \u0130\u015e B\u0130RL\u0130\u011e\u0130NE HAZIRLANIYOR"},"content":{"rendered":"<p>Mersin B\u00fcy\u00fck\u015fehir Belediyesi&#8217;nin vizyon projesi Kariyer Merkezi, i\u015f d\u00fcnyas\u0131na y\u00f6nelik \u00e7al\u0131\u015fmalar\u0131 geli\u015ftirmek \u00fczere Mersin Tarsus Organize Sanayi B\u00f6lgesi ile i\u015f birli\u011fine haz\u0131rlan\u0131yor.<\/p>\n<p>\u0130\u015f arayanlara, \u00f6\u011frencilere, gen\u00e7lere ve i\u015fverenlere y\u00f6nelik rehberlik ve dan\u0131\u015fmanl\u0131k hizmeti sunan Kariyer Merkezi, \u00fcniversite sanayi kent i\u015f birli\u011fine katk\u0131 sunmak \u00fczere; &#8216;istihdam, mesleki e\u011fitim, yetenek d\u00f6n\u00fc\u015f\u00fcm\u00fc, belgelendirme, giri\u015fimcilik, \u00e7al\u0131\u015fanlar\u0131n kurumsal geli\u015fimi&#8217; gibi konularda Mersin Tarsus Organize Sanayi B\u00f6lgesi firmalar\u0131na destek sunacak.<\/p>\n<p>Proje kapsam\u0131nda; Mersin Tarsus Organize Sanayi B\u00f6lgesi Y\u00f6netim Kurulu Ba\u015fkan\u0131 Sabri Tekli&#8217;nin ev sahipli\u011finde yap\u0131lan programa; Mersin B\u00fcy\u00fck\u015fehir Belediyesi Genel Sekreter Yard\u0131mc\u0131s\u0131 Serdal G\u00f6kayaz,  Kariyer Merkezi M\u00fcd\u00fcr\u00fc Serkan \u00d6zada, OSB B\u00f6lge M\u00fcd\u00fcr\u00fc Halil Y\u0131lmaz, Mersin \u00dcniversitesi \u00d6\u011fretim G\u00f6revlisi Prof. Dr. H\u00fcseyin Mualla Y\u00fcceol, Tarsus \u00dcniversitesi Dr. \u00d6\u011fretim G\u00f6revlisi Zehra Y\u0131ld\u0131z, \u0130l Milli E\u011fitim M\u00fcd\u00fcrl\u00fc\u011f\u00fc KARGEM Yetkilisi Aynur Evecen, Giri\u015fimci \u0130nsan Kaynaklar\u0131 Derne\u011fi Ba\u015fkan Dan\u0131\u015fman\u0131 Umut O\u011fur, ve sanayi sekt\u00f6r\u00fc temsilcileri kat\u0131l\u0131m sa\u011flad\u0131.<\/p>\n<p>\u0130\u015f birli\u011fi konular\u0131 masaya yat\u0131r\u0131ld\u0131<br \/>\nMersin B\u00fcy\u00fck\u015fehir Belediyesi Kariyer Merkezi \u00f6nc\u00fcl\u00fc\u011f\u00fcnde ger\u00e7ekle\u015ftirilen ziyarette b\u00f6lgede bulunan sanayi firmalar\u0131n\u0131n personel ihtiya\u00e7lar\u0131, ara eleman yeti\u015ftirme programlar\u0131, mesleki e\u011fitim ve belgelendirme, giri\u015fimcilik, i\u015fveren ve \u00e7al\u0131\u015fanlara y\u00f6nelik e\u011fitim mod\u00fclleri gibi konularda ger\u00e7ekle\u015ftirilecek i\u015f birlikleri ve projeler konu\u015fuldu.<\/p>\n<p>Mersin B\u00fcy\u00fck\u015fehir Belediyesi Genel Sekreter Yard\u0131mc\u0131s\u0131 G\u00f6kayaz, yapt\u0131\u011f\u0131 de\u011ferlendirmede; Mersin&#8217;in istihdam potansiyelini art\u0131rmak, mesleki e\u011fitimi g\u00fc\u00e7lendirmek ve giri\u015fimcili\u011fi desteklemek gibi bir\u00e7ok konuda Mersin B\u00fcy\u00fck\u015fehir Belediyesi olarak kurumlarla i\u015f birli\u011fi yapt\u0131klar\u0131n\u0131 belirtti.<\/p>\n<p>Kariyer Merkezi M\u00fcd\u00fcr\u00fc \u00d6zada, Mersin B\u00fcy\u00fck\u015fehir Belediyesi olarak, i\u015fg\u00fcc\u00fc piyasas\u0131n\u0131n ihtiya\u00e7lar\u0131na uygun nitelikli i\u015fg\u00fcc\u00fcn\u00fc yeti\u015ftirmek ve i\u015fverenlerle i\u015f adaylar\u0131n\u0131 bulu\u015fturmak i\u00e7in \u00e7al\u0131\u015ft\u0131klar\u0131n\u0131 s\u00f6yledi. Mersin Tarsus Organize Sanayi B\u00f6lgesi&#8217;nin Mersin&#8217;in en \u00f6nemli sanayi ve \u00fcretim merkezi oldu\u011funu belirten \u00d6zada, geleneksel i\u015f modellerinden dijital i\u015f modellerine ge\u00e7i\u015f s\u00fcrecinde; insan kaynaklar\u0131 s\u00fcre\u00e7lerinde de b\u00fcy\u00fck bir de\u011fi\u015fim ya\u015fand\u0131\u011f\u0131n\u0131n alt\u0131n\u0131 \u00e7izdi. \u00d6zada, sanayi sekt\u00f6r\u00fc ile i\u015f birli\u011fini geli\u015ftirerek, b\u00f6lgede yer alan firmalara insan kaynaklar\u0131 konusunda destek sunmak ve i\u015fg\u00fcc\u00fc ihtiyac\u0131n\u0131 kar\u015f\u0131lamak \u00fczere projeler geli\u015ftirmek istediklerini s\u00f6yledi.<\/p>\n<p>Mersin Tarsus Organize Sanayi B\u00f6lgesi Y\u00f6netim Kurulu Ba\u015fkan\u0131 Sabri Tekli de, T\u00fcrkiye&#8217;nin en \u00f6nemli sanayi b\u00f6lgelerinden birisi olduklar\u0131n\u0131, b\u00f6lgeye yat\u0131r\u0131mlar\u0131n gelmesi ve b\u00f6lgenin cazibe merkezi olmas\u0131 amac\u0131yla \u00e7al\u0131\u015fmalar\u0131n\u0131 s\u00fcrd\u00fcrd\u00fcklerini s\u00f6yledi. Tekli, b\u00f6lgenin istihdam potansiyelinin art\u0131r\u0131lmas\u0131, sanayi sekt\u00f6r\u00fcn\u00fcn ara eleman ihtiyac\u0131n\u0131n kar\u015f\u0131lanmas\u0131 ve firmalara y\u00f6nelik e\u011fitimler konusunda i\u015f birli\u011finin \u00f6nemine de\u011findi.<\/p>\n<p>Model fabrika gezildi<br \/>\nGer\u00e7ekle\u015fen sunumlar sonras\u0131nda; dijital d\u00f6n\u00fc\u015f\u00fcm ve yal\u0131n \u00fcretim s\u00fcre\u00e7lerinde firmalara e\u011fitim ve dan\u0131\u015fmanl\u0131k hizmeti sunan MTOSB b\u00fcnyesinde yer alan model fabrika ziyaret edildi.<\/p>\n","protected":false},"excerpt":{"rendered":"<p>Mersin B\u00fcy\u00fck\u015fehir Belediyesi&#8217;nin vizyon projesi Kariyer Merkezi, i\u015f d\u00fcnyas\u0131na y\u00f6nelik \u00e7al\u0131\u015fmalar\u0131 geli\u015ftirmek \u00fczere Mersin Tarsus Organize Sanayi B\u00f6lgesi ile i\u015f birli\u011fine haz\u0131rlan\u0131yor. \u0130\u015f arayanlara, \u00f6\u011frencilere, gen\u00e7lere ve i\u015fverenlere y\u00f6nelik rehberlik &hellip; <a href=\"https:\/\/akdenizolaygazetesi.com\/?p=27075\" class=\"more-link\">Devam\u0131n\u0131 Oku&#8230;<\/a><\/p>\n","protected":false},"author":2,"featured_media":27076,"comment_status":"open","ping_status":"open","sticky":false,"template":"","format":"standard","meta":[],"categories":[8,2,3],"tags":[],"_links":{"self":[{"href":"https:\/\/akdenizolaygazetesi.com\/index.php?rest_route=\/wp\/v2\/posts\/27075"}],"collection":[{"href":"https:\/\/akdenizolaygazetesi.com\/index.php?rest_route=\/wp\/v2\/posts"}],"about":[{"href":"https:\/\/akdenizolaygazetesi.com\/index.php?rest_route=\/wp\/v2\/types\/post"}],"author":[{"embeddable":true,"href":"https:\/\/akdenizolaygazetesi.com\/index.php?rest_route=\/wp\/v2\/users\/2"}],"replies":[{"embeddable":true,"href":"https:\/\/akdenizolaygazetesi.com\/index.php?rest_route=%2Fwp%2Fv2%2Fcomments&post=27075"}],"version-history":[{"count":1,"href":"https:\/\/akdenizolaygazetesi.com\/index.php?rest_route=\/wp\/v2\/posts\/27075\/revisions"}],"predecessor-version":[{"id":27077,"href":"https:\/\/akdenizolaygazetesi.com\/index.php?rest_route=\/wp\/v2\/posts\/27075\/revisions\/27077"}],"wp:featuredmedia":[{"embeddable":true,"href":"https:\/\/akdenizolaygazetesi.com\/index.php?rest_route=\/wp\/v2\/media\/27076"}],"wp:attachment":[{"href":"https:\/\/akdenizolaygazetesi.com\/index.php?rest_route=%2Fwp%2Fv2%2Fmedia&parent=27075"}],"wp:term":[{"taxonomy":"category","embeddable":true,"href":"https:\/\/akdenizolaygazetesi.com\/index.php?rest_route=%2Fwp%2Fv2%2Fcategories&post=27075"},{"taxonomy":"post_tag","embeddable":true,"href":"https:\/\/akdenizolaygazetesi.com\/index.php?rest_route=%2Fwp%2Fv2%2Ftags&post=27075"}],"curies":[{"name":"wp","href":"https:\/\/api.w.org\/{rel}","templated":true}]}}