{"id":27090,"date":"2023-08-03T16:38:23","date_gmt":"2023-08-03T13:38:23","guid":{"rendered":"http:\/\/akdenizolaygazetesi.com\/?p=27090"},"modified":"2023-08-03T16:38:23","modified_gmt":"2023-08-03T13:38:23","slug":"toroslar-gencligi-doga-kampinda","status":"publish","type":"post","link":"https:\/\/akdenizolaygazetesi.com\/?p=27090","title":{"rendered":"TOROSLAR GEN\u00c7L\u0130\u011e\u0130 DO\u011eA KAMPI&#8217;NDA"},"content":{"rendered":"<p>Toroslar Belediye Ba\u015fkan\u0131 Ats\u0131z Af\u015f\u0131n Y\u0131lmaz, bu yaz tatilinde de gen\u00e7leri unutmad\u0131. Toroslar Belediyesi, Mersin \u0130l Emniyet M\u00fcd\u00fcrl\u00fc\u011f\u00fc (B\u00d6F) ve T\u00fcrkiye \u0130zcilik Federasyonu Mersin \u0130l Temsilcili\u011fi i\u015fbirli\u011finde d\u00fczenlenen &#8220;Toroslar Gen\u00e7li\u011fi Do\u011fa Kamp\u0131&#8217;nda&#8221; etkinli\u011finde, 450 gen\u00e7 kamp deneyimi ya\u015fayacak.<\/p>\n<p>Ba\u015fkan Y\u0131lmaz, G\u00fczelyayla Mahallesi&#8217;nde ger\u00e7ekle\u015fen kamp\u0131n ilk d\u00f6nemine kat\u0131lan gen\u00e7leri Yunus Emre K\u00fclt\u00fcr Merkezi \u00f6n\u00fcnden u\u011furlayarak, iyi e\u011flenceler diledi.<\/p>\n<p>\u0130l\u00e7enin d\u00f6rt bir yan\u0131ndan gelen gen\u00e7ler ise do\u011fan\u0131n tad\u0131n\u0131 \u00e7\u0131kar\u0131rken,  e\u011fitici ve \u00f6\u011fretici etkinliklerin yan\u0131 s\u0131ra spor ve e\u011flence dolu aktivitelerle moral depoluyor.<\/p>\n<p>&#8220;KAMP, 9 D\u00d6NEM YAPILACAK&#8221;<\/p>\n<p>7 Eyl\u00fcl 2023 tarihinde sona erecek ve 9 d\u00f6nem boyunca 3&#8217;er g\u00fcn yap\u0131lacak etkinli\u011fe; ortaokul ve lisede e\u011fitim g\u00f6ren k\u0131z ve erkek \u00f6\u011frenciler kat\u0131l\u0131yor. Her d\u00f6nem i\u00e7in 50 gencin yer alaca\u011f\u0131 etkinli\u011fin ilk d\u00f6nemi olduk\u00e7a heyecanl\u0131 ge\u00e7ti.<\/p>\n<p>Kampta yeni dostluklar kurarak, unutulmaz anlar ya\u015fayan gen\u00e7ler; hem e\u011fitici hem de e\u011flenceli bir kamp yapt\u0131klar\u0131n\u0131 belirterek, kendilerine b\u00f6yle bir imkan sunan Toroslar Belediye Ba\u015fkan\u0131 Ats\u0131z Af\u015f\u0131n Y\u0131lmaz&#8217;a ve Mersin \u0130l Emniyet M\u00fcd\u00fcrl\u00fc\u011f\u00fc&#8217;ne te\u015fekk\u00fcr etti.<\/p>\n<p>BA\u015eKAN YILMAZ; &#8220;GEN\u00c7LER\u0130M\u0130ZE G\u00dcVEN\u0130YORUZ&#8221;<\/p>\n<p>Toroslar Belediye Ba\u015fkan\u0131 Ats\u0131z Af\u015f\u0131n Y\u0131lmaz, gen\u00e7lerin yaz d\u00f6nemini daha verimli ge\u00e7irmeleri amac\u0131yla &#8220;Torolar \u0130lerle Gen\u00e7lik Seninle&#8221; Projesi kapsam\u0131nda gen\u00e7lik kamplar\u0131 d\u00fczenlediklerini s\u00f6yledi.<\/p>\n<p>Gen\u00e7lere y\u00f6nelik sosyal ve k\u00fclt\u00fcrel faaliyetlerine devam edeceklerini belirten Ba\u015fkan Y\u0131lmaz, Mersin \u0130l Emniyet M\u00fcd\u00fcrl\u00fc\u011f\u00fc i\u015fbirli\u011finde ger\u00e7ekle\u015ftirdikleri kamp etkinli\u011fine kat\u0131lan t\u00fcm gen\u00e7leri bu \u00f6zg\u00fcvenleri dolay\u0131s\u0131yla tebrik ederek; &#8220;Gen\u00e7lik kamplar\u0131n\u0131n en g\u00fczel ya\u015fanm\u0131\u015fl\u0131\u011f\u0131, yeni dostluklar\u0131n kurulmas\u0131 ve kamp deneyimlerinin y\u0131llarca unutulmamas\u0131d\u0131r. Biz de Toroslar Belediyesi olarak gen\u00e7lerimizin hayallerini ger\u00e7e\u011fe d\u00f6n\u00fc\u015ft\u00fcrmenin mutlulu\u011funu ya\u015f\u0131yoruz. Gen\u00e7lerimiz, bizim gelece\u011fimiz. Onlara g\u00fcveniyoruz. Onlarla birlikte yol y\u00fcr\u00fcmeye ve projeler ger\u00e7ekle\u015ftirmeye devam edece\u011fiz&#8221; dedi.<\/p>\n","protected":false},"excerpt":{"rendered":"<p>Toroslar Belediye Ba\u015fkan\u0131 Ats\u0131z Af\u015f\u0131n Y\u0131lmaz, bu yaz tatilinde de gen\u00e7leri unutmad\u0131. Toroslar Belediyesi, Mersin \u0130l Emniyet M\u00fcd\u00fcrl\u00fc\u011f\u00fc (B\u00d6F) ve T\u00fcrkiye \u0130zcilik Federasyonu Mersin \u0130l Temsilcili\u011fi i\u015fbirli\u011finde d\u00fczenlenen &#8220;Toroslar Gen\u00e7li\u011fi &hellip; <a href=\"https:\/\/akdenizolaygazetesi.com\/?p=27090\" class=\"more-link\">Devam\u0131n\u0131 Oku&#8230;<\/a><\/p>\n","protected":false},"author":2,"featured_media":27091,"comment_status":"open","ping_status":"open","sticky":false,"template":"","format":"standard","meta":[],"categories":[3,10],"tags":[],"_links":{"self":[{"href":"https:\/\/akdenizolaygazetesi.com\/index.php?rest_route=\/wp\/v2\/posts\/27090"}],"collection":[{"href":"https:\/\/akdenizolaygazetesi.com\/index.php?rest_route=\/wp\/v2\/posts"}],"about":[{"href":"https:\/\/akdenizolaygazetesi.com\/index.php?rest_route=\/wp\/v2\/types\/post"}],"author":[{"embeddable":true,"href":"https:\/\/akdenizolaygazetesi.com\/index.php?rest_route=\/wp\/v2\/users\/2"}],"replies":[{"embeddable":true,"href":"https:\/\/akdenizolaygazetesi.com\/index.php?rest_route=%2Fwp%2Fv2%2Fcomments&post=27090"}],"version-history":[{"count":1,"href":"https:\/\/akdenizolaygazetesi.com\/index.php?rest_route=\/wp\/v2\/posts\/27090\/revisions"}],"predecessor-version":[{"id":27092,"href":"https:\/\/akdenizolaygazetesi.com\/index.php?rest_route=\/wp\/v2\/posts\/27090\/revisions\/27092"}],"wp:featuredmedia":[{"embeddable":true,"href":"https:\/\/akdenizolaygazetesi.com\/index.php?rest_route=\/wp\/v2\/media\/27091"}],"wp:attachment":[{"href":"https:\/\/akdenizolaygazetesi.com\/index.php?rest_route=%2Fwp%2Fv2%2Fmedia&parent=27090"}],"wp:term":[{"taxonomy":"category","embeddable":true,"href":"https:\/\/akdenizolaygazetesi.com\/index.php?rest_route=%2Fwp%2Fv2%2Fcategories&post=27090"},{"taxonomy":"post_tag","embeddable":true,"href":"https:\/\/akdenizolaygazetesi.com\/index.php?rest_route=%2Fwp%2Fv2%2Ftags&post=27090"}],"curies":[{"name":"wp","href":"https:\/\/api.w.org\/{rel}","templated":true}]}}