{"id":27093,"date":"2023-08-03T16:39:33","date_gmt":"2023-08-03T13:39:33","guid":{"rendered":"http:\/\/akdenizolaygazetesi.com\/?p=27093"},"modified":"2023-08-03T16:39:33","modified_gmt":"2023-08-03T13:39:33","slug":"pehlivan-bilisim-kenti-mersin-projesi-kapsaminda-millet-bahcesinde-incelemelerde-bulundu","status":"publish","type":"post","link":"https:\/\/akdenizolaygazetesi.com\/?p=27093","title":{"rendered":"PEHL\u0130VAN, \u2018B\u0130L\u0130\u015e\u0130M KENT\u0130 MERS\u0130N\u2019 PROJES\u0130 KAPSAMINDA M\u0130LLET BAH\u00c7ES\u0130NDE \u0130NCELEMELERDE BULUNDU"},"content":{"rendered":"<p>Mersin Valisi Ali Hamza Pehlivan, \u201cBili\u015fim Kenti Mersin\u201d projesi kapsam\u0131nda kurulmas\u0131 planlanan bili\u015fim merkezi i\u00e7in Yeni\u015fehir \u0130l\u00e7esi\u2019nde bulunan Millet Bah\u00e7esi\u2019nde yer alan a\u00e7\u0131k ve kapal\u0131 alanlarda incelemelerde bulundu.<\/p>\n<p>Vali Pehlivan, Mersin\u2019in sahip oldu\u011fu potansiyelini, gen\u00e7 n\u00fcfusunu ve konumunu, s\u00fcrd\u00fcr\u00fclebilir ekonomik b\u00fcy\u00fcmeye d\u00f6n\u00fc\u015ft\u00fcrme konusunda katma de\u011feri y\u00fcksek alanlardan biri olan bili\u015fim sekt\u00f6r\u00fcnde, Milli Teknoloji Hamlesi hedefleri do\u011frultusunda, Hazine ve Maliye Bakanl\u0131\u011f\u0131 Bilgi Teknolojileri Genel M\u00fcd\u00fcrl\u00fc\u011f\u00fc, Mersin Valili\u011fi ve Mersin Yat\u0131r\u0131mc\u0131 \u0130\u015f \u0130nsanlar\u0131 Derne\u011fi i\u015fbirli\u011finde ba\u015flat\u0131lan &#8220;Bili\u015fim Kenti Mersin&#8221; vizyon projesi kapsam\u0131nda kurulacak bili\u015fim merkezleri ile gen\u00e7lerimizin bu alandaki fikirlerini ve projelerini \u015fekillendirebilecekleri, bu konuda e\u011fitim ve rehberlik hizmeti alabilecekleri, yaz\u0131l\u0131m yapabilecekler, proje ve \u00fcr\u00fcn geli\u015ftirebilecekleri uygun ortamlar haz\u0131rlamay\u0131 hedeflediklerini belirtti. (Haber Merkezi)<\/p>\n","protected":false},"excerpt":{"rendered":"<p>Mersin Valisi Ali Hamza Pehlivan, \u201cBili\u015fim Kenti Mersin\u201d projesi kapsam\u0131nda kurulmas\u0131 planlanan bili\u015fim merkezi i\u00e7in Yeni\u015fehir \u0130l\u00e7esi\u2019nde bulunan Millet Bah\u00e7esi\u2019nde yer alan a\u00e7\u0131k ve kapal\u0131 alanlarda incelemelerde bulundu. Vali Pehlivan, &hellip; <a href=\"https:\/\/akdenizolaygazetesi.com\/?p=27093\" class=\"more-link\">Devam\u0131n\u0131 Oku&#8230;<\/a><\/p>\n","protected":false},"author":2,"featured_media":27094,"comment_status":"open","ping_status":"open","sticky":false,"template":"","format":"standard","meta":[],"categories":[3],"tags":[],"_links":{"self":[{"href":"https:\/\/akdenizolaygazetesi.com\/index.php?rest_route=\/wp\/v2\/posts\/27093"}],"collection":[{"href":"https:\/\/akdenizolaygazetesi.com\/index.php?rest_route=\/wp\/v2\/posts"}],"about":[{"href":"https:\/\/akdenizolaygazetesi.com\/index.php?rest_route=\/wp\/v2\/types\/post"}],"author":[{"embeddable":true,"href":"https:\/\/akdenizolaygazetesi.com\/index.php?rest_route=\/wp\/v2\/users\/2"}],"replies":[{"embeddable":true,"href":"https:\/\/akdenizolaygazetesi.com\/index.php?rest_route=%2Fwp%2Fv2%2Fcomments&post=27093"}],"version-history":[{"count":1,"href":"https:\/\/akdenizolaygazetesi.com\/index.php?rest_route=\/wp\/v2\/posts\/27093\/revisions"}],"predecessor-version":[{"id":27095,"href":"https:\/\/akdenizolaygazetesi.com\/index.php?rest_route=\/wp\/v2\/posts\/27093\/revisions\/27095"}],"wp:featuredmedia":[{"embeddable":true,"href":"https:\/\/akdenizolaygazetesi.com\/index.php?rest_route=\/wp\/v2\/media\/27094"}],"wp:attachment":[{"href":"https:\/\/akdenizolaygazetesi.com\/index.php?rest_route=%2Fwp%2Fv2%2Fmedia&parent=27093"}],"wp:term":[{"taxonomy":"category","embeddable":true,"href":"https:\/\/akdenizolaygazetesi.com\/index.php?rest_route=%2Fwp%2Fv2%2Fcategories&post=27093"},{"taxonomy":"post_tag","embeddable":true,"href":"https:\/\/akdenizolaygazetesi.com\/index.php?rest_route=%2Fwp%2Fv2%2Ftags&post=27093"}],"curies":[{"name":"wp","href":"https:\/\/api.w.org\/{rel}","templated":true}]}}