{"id":27100,"date":"2023-08-04T12:55:27","date_gmt":"2023-08-04T09:55:27","guid":{"rendered":"http:\/\/akdenizolaygazetesi.com\/?p=27100"},"modified":"2023-08-04T12:55:27","modified_gmt":"2023-08-04T09:55:27","slug":"vali-ali-hamza-pehlivan-baskanliginda-tarim-koordinasyon-kurulu-toplantisi-gerceklestirildi","status":"publish","type":"post","link":"https:\/\/akdenizolaygazetesi.com\/?p=27100","title":{"rendered":"VAL\u0130 AL\u0130 HAMZA PEHL\u0130VAN BA\u015eKANLI\u011eINDA, TARIM KOORD\u0130NASYON KURULU TOPLANTISI GER\u00c7EKLE\u015eT\u0130R\u0130LD\u0130"},"content":{"rendered":"<p>Valimiz Ali Hamza Pehlivan ba\u015fkanl\u0131\u011f\u0131nda, Tar\u0131m Koordinasyon Kurulu toplant\u0131s\u0131 \u201cAkdeniz Meyve Sine\u011fi ile M\u00fccadele Eylem Plan\u0131\u201d g\u00fcndemi ile ilk toplant\u0131s\u0131n\u0131 ger\u00e7ekle\u015ftirildi.<\/p>\n<p>Vali Pehlivan toplant\u0131da yapm\u0131\u015f oldu\u011fu konu\u015fmas\u0131nda; \u201cMersin \u0130limiz, bereketli \u00c7ukurova topraklar\u0131n\u0131n i\u00e7erisinde yer al\u0131yor. \u0130limizin ekonomik faaliyetleri aras\u0131nda tar\u0131m sekt\u00f6r\u00fc, tar\u0131msal \u00fcretim, \u00fcr\u00fcnlerin i\u015flenmesi, pazarlanmas\u0131 \u00f6nemli bir yer tutuyor. Mersin olarak 29 tar\u0131msal \u00fcr\u00fcn has\u0131lat\u0131nda \u00fclke genelinde ilk 3\u2019te yer al\u0131yoruz. 8 \u00fcr\u00fcnde birinci, 13 \u00fcr\u00fcnde ikinci, 8 \u00fcr\u00fcnde \u00fc\u00e7\u00fcnc\u00fc durumday\u0131z.<\/p>\n<p>Bu \u00fcretim ba\u015far\u0131s\u0131nda emektar \u00e7ift\u00e7ilerimizin al\u0131n teri \u00e7ok b\u00fcy\u00fck yer tutuyor. \u00c7ift\u00e7ilerimizi, \u00fcretilen bu \u00fcr\u00fcnlerin i\u015flenmesinden pazarlanmas\u0131na kadar emek veren b\u00fct\u00fcn payda\u015flar\u0131m\u0131z\u0131 tebrik ediyorum. \u00dcr\u00fcnlere de\u011fer katan,katma de\u011fer olu\u015fturanlara m\u00fcte\u015fekkiriz.<\/p>\n<p>Tar\u0131m sekt\u00f6r\u00fc, her ge\u00e7en g\u00fcn b\u00fcy\u00fcyen, geli\u015fen, yenilenen ve teknolojiyle birlikte di\u011fer sekt\u00f6rlerle daha da entegre bir hale gelen, insanl\u0131k i\u00e7in b\u00fcy\u00fck \u00f6nem arz eden bir sekt\u00f6rd\u00fcr.<\/p>\n<p>Ge\u00e7en bir y\u0131l i\u00e7inde tar\u0131m sekt\u00f6r temsilcileri ile bir \u00e7ok toplant\u0131 yapt\u0131k. Tarlalarda,seralarda \u00e7ift\u00e7ilerimizle m\u00fctemadiyen bir araya geldik. \u0130l\u00e7elerimizde toplant\u0131lar yapt\u0131k. Tar\u0131m ve Orman Bakan\u0131m\u0131z\u0131n te\u015frifleriyle de tar\u0131m sekt\u00f6r\u00fc i\u00e7erisinde bulunan b\u00fct\u00fcn payda\u015flar\u0131m\u0131z\u0131n kat\u0131l\u0131m\u0131yla ge\u00e7ti\u011fimiz y\u0131l, \u00e7ok verimli bir toplant\u0131 ger\u00e7ekle\u015ftirdik. Bu toplant\u0131da, g\u00fcndeme gelen sorunlar\u0131n \u00f6nemli bir k\u0131sm\u0131na ili\u015fkin \u00e7\u00f6z\u00fcmler \u00fcretildi ve hayata ge\u00e7irildi. Tar\u0131m ve Orman Bakanl\u0131\u011f\u0131m\u0131z\u2019\u0131n ilgili birimleri, sahada \u00e7ift\u00e7ilerimizi ziyaret ederek tespitler yapt\u0131lar, at\u0131lmas\u0131 gereken ad\u0131mlar\u0131 belirlediler ve bunlara y\u00f6nelik teknik toplant\u0131lar ger\u00e7ekle\u015ftirdiler.<\/p>\n<p>Bug\u00fcn, bu toplant\u0131da ele alaca\u011f\u0131m\u0131z Akdeniz Meyve Sine\u011fi, sadece g\u00fcn\u00fcm\u00fcz\u00fcn de\u011fil y\u0131llara sarih devam eden ve b\u00f6lgemizdeki tar\u0131m sekt\u00f6r\u00fc a\u00e7\u0131s\u0131ndan hayati \u00f6nem arz eden bir konu olarak g\u00fcndemimizi olu\u015fturmaktad\u0131r. Akdeniz Meyve Sine\u011fi ile m\u00fccadele konusunda, bilimsel \u00e7al\u0131\u015fmalar \u0131\u015f\u0131\u011f\u0131nda geli\u015ftirilen \u00e7\u00f6z\u00fcm \u00f6nerileri, at\u0131lacak ad\u0131mlar ve sonu\u00e7lar\u0131 \u00fczerinde belirleyece\u011fimiz yol haritas\u0131 tar\u0131m sekt\u00f6r\u00fc a\u00e7\u0131s\u0131ndan \u00e7ok faydal\u0131 bir ad\u0131m olacakt\u0131r.\u201d ifadelerini kulland\u0131.<\/p>\n<p>Akdeniz \u0130hracat\u00e7\u0131 Birlikleri toplant\u0131 salonunda ger\u00e7ekle\u015ftirilen ve g\u00fcndeme ili\u015fkin sunumlar yap\u0131lan toplant\u0131da; Tar\u0131m ve Orman Bakanl\u0131\u011f\u0131 G\u0131da ve Kontrol Genel M\u00fcd\u00fcr Yard\u0131mc\u0131s\u0131 Do\u00e7. Dr. Yunus Bayram, Tar\u0131m ve Orman Bakanl\u0131\u011f\u0131 M\u00fc\u015faviri Muharrem Sel\u00e7uk, Oda Ba\u015fkanlar\u0131, \u00dcniversite temsilcileri, tar\u0131m sekt\u00f6r\u00fc temsilcileri ve i\u015f insanlar\u0131, Akdeniz Meyve Sine\u011fi ile m\u00fccadele y\u00f6nelik tespitlerini ve \u00e7\u00f6z\u00fcm \u00f6nerilerini dile getirdi.<\/p>\n<p>Eylem plan\u0131 \u00e7er\u00e7evesinde ge\u00e7mi\u015fte yerine getirilen \u00e7al\u0131\u015fma ve faaliyetlerin devam\u0131 niteli\u011finde k\u0131sa,orta ve uzun vadede yerine getirilmesi gereken i\u015f ve i\u015flemler maddeler halinde s\u0131raland\u0131. Bu konudaki \u00e7al\u0131\u015fmalar\u0131 takip etmek \u00fczere bir alt komisyon olu\u015fturulmas\u0131 karar\u0131 al\u0131nd\u0131. Ayr\u0131ca Mersin \u0130limizdeki tar\u0131m,hayvanc\u0131l\u0131k,ar\u0131c\u0131l\u0131k,bal\u0131k\u00e7\u0131l\u0131k gibi konular\u0131n de\u011ferlendirilmesi maksad\u0131yla Tar\u0131m Koordinasyon Kurulu\u2019nun belli aral\u0131klarla toplanmas\u0131 kararla\u015ft\u0131r\u0131ld\u0131.<\/p>\n","protected":false},"excerpt":{"rendered":"<p>Valimiz Ali Hamza Pehlivan ba\u015fkanl\u0131\u011f\u0131nda, Tar\u0131m Koordinasyon Kurulu toplant\u0131s\u0131 \u201cAkdeniz Meyve Sine\u011fi ile M\u00fccadele Eylem Plan\u0131\u201d g\u00fcndemi ile ilk toplant\u0131s\u0131n\u0131 ger\u00e7ekle\u015ftirildi. Vali Pehlivan toplant\u0131da yapm\u0131\u015f oldu\u011fu konu\u015fmas\u0131nda; \u201cMersin \u0130limiz, bereketli &hellip; <a href=\"https:\/\/akdenizolaygazetesi.com\/?p=27100\" class=\"more-link\">Devam\u0131n\u0131 Oku&#8230;<\/a><\/p>\n","protected":false},"author":2,"featured_media":27101,"comment_status":"open","ping_status":"open","sticky":false,"template":"","format":"standard","meta":[],"categories":[2,3],"tags":[],"_links":{"self":[{"href":"https:\/\/akdenizolaygazetesi.com\/index.php?rest_route=\/wp\/v2\/posts\/27100"}],"collection":[{"href":"https:\/\/akdenizolaygazetesi.com\/index.php?rest_route=\/wp\/v2\/posts"}],"about":[{"href":"https:\/\/akdenizolaygazetesi.com\/index.php?rest_route=\/wp\/v2\/types\/post"}],"author":[{"embeddable":true,"href":"https:\/\/akdenizolaygazetesi.com\/index.php?rest_route=\/wp\/v2\/users\/2"}],"replies":[{"embeddable":true,"href":"https:\/\/akdenizolaygazetesi.com\/index.php?rest_route=%2Fwp%2Fv2%2Fcomments&post=27100"}],"version-history":[{"count":1,"href":"https:\/\/akdenizolaygazetesi.com\/index.php?rest_route=\/wp\/v2\/posts\/27100\/revisions"}],"predecessor-version":[{"id":27102,"href":"https:\/\/akdenizolaygazetesi.com\/index.php?rest_route=\/wp\/v2\/posts\/27100\/revisions\/27102"}],"wp:featuredmedia":[{"embeddable":true,"href":"https:\/\/akdenizolaygazetesi.com\/index.php?rest_route=\/wp\/v2\/media\/27101"}],"wp:attachment":[{"href":"https:\/\/akdenizolaygazetesi.com\/index.php?rest_route=%2Fwp%2Fv2%2Fmedia&parent=27100"}],"wp:term":[{"taxonomy":"category","embeddable":true,"href":"https:\/\/akdenizolaygazetesi.com\/index.php?rest_route=%2Fwp%2Fv2%2Fcategories&post=27100"},{"taxonomy":"post_tag","embeddable":true,"href":"https:\/\/akdenizolaygazetesi.com\/index.php?rest_route=%2Fwp%2Fv2%2Ftags&post=27100"}],"curies":[{"name":"wp","href":"https:\/\/api.w.org\/{rel}","templated":true}]}}