{"id":27115,"date":"2023-08-04T15:56:09","date_gmt":"2023-08-04T12:56:09","guid":{"rendered":"http:\/\/akdenizolaygazetesi.com\/?p=27115"},"modified":"2023-08-04T15:56:09","modified_gmt":"2023-08-04T12:56:09","slug":"toroslar-ve-camliyayla-belediyesinden-7-geleneksel-igne-oyasi-festivali","status":"publish","type":"post","link":"https:\/\/akdenizolaygazetesi.com\/?p=27115","title":{"rendered":"TOROSLAR VE \u00c7AMLIYAYLA BELED\u0130YES\u0130NDEN 7. GELENEKSEL \u0130\u011eNE OYASI FEST\u0130VAL\u0130"},"content":{"rendered":"<p>Toroslar Belediyesi ile \u00c7aml\u0131yayla Belediyesi taraf\u0131ndan bu y\u0131l 7&#8217;ncisi d\u00fczenlenecek olan Geleneksel \u00c7aml\u0131yayla \u0130\u011fne Oyas\u0131 Festivali; 11 A\u011fustos&#8217;ta \u00c7aml\u0131yayla&#8217;da, 13 A\u011fustos&#8217;ta Toroslar&#8217;da yap\u0131lacak.<\/p>\n<p>Festivalde, \u00c7aml\u0131yaylal\u0131 kad\u0131nlar\u0131n yan\u0131 s\u0131ra Toroslar Belediyesi Teknik ve Mesleki E\u011fitim Kurslar\u0131&#8217;nda (TORTEK) e\u011fitim g\u00f6ren kursiyerlerin \u00fcretti\u011fi \u00fcr\u00fcnler, g\u00f6r\u00fcc\u00fcye \u00e7\u0131kacak.<\/p>\n<p>Sergilerden halk oyunlar\u0131na, TORTEK defilesinden konserlere kadar birbirinden renkli programlar\u0131n yer alaca\u011f\u0131 festival, Mersinlileri bekliyor.<\/p>\n<p>T\u00fcrk k\u00fclt\u00fcr\u00fcn\u00fcn en g\u00fczel \u00f6rneklerinden biri olan; yazma, boh\u00e7a, havlu, \u00e7ar\u015faf kenarlar\u0131nda kullan\u0131lan, g\u00fcn\u00fcm\u00fczde tak\u0131 tasar\u0131mlar\u0131na ve k\u0131yafetlere de ayr\u0131 bir renk katan i\u011fne oyalar\u0131n\u0131n gelecek ku\u015faklara aktar\u0131lmas\u0131 ve d\u00fcnyaya tan\u0131t\u0131lmas\u0131 ama\u00e7lan\u0131yor.<\/p>\n<p>FEST\u0130VAL, 2 G\u00dcN S\u00dcRECEK!   \u00c7AMLIYAYLA VE TOROSLAR&#8217;DA MUHTE\u015eEM B\u0130R G\u00d6RSEL \u015e\u00d6LEN YA\u015eANACAK<\/p>\n<p>Geleneksel olarak yap\u0131lan festivalin ilki; 11 A\u011fustos 2023 Cuma g\u00fcn\u00fc \u00c7aml\u0131yayla \u0130l\u00e7esi&#8217;nin Zevzek Tepesi&#8217;nde saat 10.00&#8217;da ba\u015flayacak. TRT T\u00fcrk Halk M\u00fczi\u011fi Sanat\u00e7\u0131s\u0131 Selma Ge\u00e7er ile Mersinli Halk M\u00fczi\u011fi sanat\u00e7\u0131s\u0131 G\u00fcrhan \u00d6t\u00fcn ise saat 19.00&#8217;da sahne alacak.<\/p>\n<p>Toroslar \u0130l\u00e7esi&#8217;nde Ayvagedi\u011fi Mahallesi&#8217;nin k\u00f6y meydan\u0131nda 13 A\u011fustos Pazar g\u00fcn\u00fc d\u00fczenlenecek etkinlikler de saat 10.00&#8217;da ba\u015flayacak. Festival, saat 19.00&#8217;da ger\u00e7ekle\u015ftirilecek olan TRT T\u00fcrk Halk M\u00fczi\u011fi Sanat\u00e7\u0131s\u0131 Selma Ge\u00e7er ile Mersinli Halk M\u00fczi\u011fi sanat\u00e7\u0131s\u0131 G\u00fcrhan \u00d6t\u00fcn&#8217;\u00fcn konserleriyle son bulacak.<\/p>\n<p>BA\u015eKAN YILMAZ; &#8220;B\u0130R FEST\u0130VALDEN \u00c7OK \u00d6TES\u0130&#8221;<\/p>\n<p>Toroslar Belediye Ba\u015fkan\u0131 Ats\u0131z Af\u015f\u0131n Y\u0131lmaz, t\u00fcm hem\u015fehrilerini \u00c7aml\u0131yayla Belediyesi ile ortakla\u015fa d\u00fczenleyecekleri 7. Geleneksel \u00c7aml\u0131yayla \u0130\u011fne Oyas\u0131 Festivali&#8217;ne davet etti.<\/p>\n<p>&#8220;Oyan\u0131n \u00f6z\u00fc, kad\u0131n\u0131n s\u00f6ylenmeyen s\u00f6z\u00fcd\u00fcr&#8221; diyerek i\u011fne oyalar\u0131n\u0131n bir anlamda da duygular\u0131n aktar\u0131m\u0131 oldu\u011funu belirten Ba\u015fkan Y\u0131lmaz; &#8220;Binlerce y\u0131ldan beri atalar\u0131m\u0131z, duygular\u0131n\u0131, d\u00fc\u015f\u00fcncelerini \u00fcrettikleri i\u011fne oyalar\u0131nda, i\u015fledikleri motiflerle kilimlerde ifade ettiler. \u0130\u011fne oyas\u0131, k\u00fclt\u00fcrd\u00fcr ve mirast\u0131r.  Bu k\u00fclt\u00fcrel miras\u0131m\u0131z\u0131 gelecek nesillere aktarmay\u0131 ve t\u00fcm d\u00fcnyaya tan\u0131tmay\u0131 ama\u00e7l\u0131yoruz. \u00c7aml\u0131yayla ve Toroslar\u0131m\u0131zda 2 g\u00fcn s\u00fcrecek festivalimize t\u00fcm hem\u015fehrilerimizi bekliyoruz&#8221; \u015feklinde konu\u015ftu.<\/p>\n","protected":false},"excerpt":{"rendered":"<p>Toroslar Belediyesi ile \u00c7aml\u0131yayla Belediyesi taraf\u0131ndan bu y\u0131l 7&#8217;ncisi d\u00fczenlenecek olan Geleneksel \u00c7aml\u0131yayla \u0130\u011fne Oyas\u0131 Festivali; 11 A\u011fustos&#8217;ta \u00c7aml\u0131yayla&#8217;da, 13 A\u011fustos&#8217;ta Toroslar&#8217;da yap\u0131lacak. Festivalde, \u00c7aml\u0131yaylal\u0131 kad\u0131nlar\u0131n yan\u0131 s\u0131ra Toroslar Belediyesi &hellip; <a href=\"https:\/\/akdenizolaygazetesi.com\/?p=27115\" class=\"more-link\">Devam\u0131n\u0131 Oku&#8230;<\/a><\/p>\n","protected":false},"author":2,"featured_media":27116,"comment_status":"open","ping_status":"open","sticky":false,"template":"","format":"standard","meta":[],"categories":[3],"tags":[],"_links":{"self":[{"href":"https:\/\/akdenizolaygazetesi.com\/index.php?rest_route=\/wp\/v2\/posts\/27115"}],"collection":[{"href":"https:\/\/akdenizolaygazetesi.com\/index.php?rest_route=\/wp\/v2\/posts"}],"about":[{"href":"https:\/\/akdenizolaygazetesi.com\/index.php?rest_route=\/wp\/v2\/types\/post"}],"author":[{"embeddable":true,"href":"https:\/\/akdenizolaygazetesi.com\/index.php?rest_route=\/wp\/v2\/users\/2"}],"replies":[{"embeddable":true,"href":"https:\/\/akdenizolaygazetesi.com\/index.php?rest_route=%2Fwp%2Fv2%2Fcomments&post=27115"}],"version-history":[{"count":1,"href":"https:\/\/akdenizolaygazetesi.com\/index.php?rest_route=\/wp\/v2\/posts\/27115\/revisions"}],"predecessor-version":[{"id":27117,"href":"https:\/\/akdenizolaygazetesi.com\/index.php?rest_route=\/wp\/v2\/posts\/27115\/revisions\/27117"}],"wp:featuredmedia":[{"embeddable":true,"href":"https:\/\/akdenizolaygazetesi.com\/index.php?rest_route=\/wp\/v2\/media\/27116"}],"wp:attachment":[{"href":"https:\/\/akdenizolaygazetesi.com\/index.php?rest_route=%2Fwp%2Fv2%2Fmedia&parent=27115"}],"wp:term":[{"taxonomy":"category","embeddable":true,"href":"https:\/\/akdenizolaygazetesi.com\/index.php?rest_route=%2Fwp%2Fv2%2Fcategories&post=27115"},{"taxonomy":"post_tag","embeddable":true,"href":"https:\/\/akdenizolaygazetesi.com\/index.php?rest_route=%2Fwp%2Fv2%2Ftags&post=27115"}],"curies":[{"name":"wp","href":"https:\/\/api.w.org\/{rel}","templated":true}]}}