{"id":27154,"date":"2023-08-08T13:03:59","date_gmt":"2023-08-08T10:03:59","guid":{"rendered":"http:\/\/akdenizolaygazetesi.com\/?p=27154"},"modified":"2023-08-08T13:03:59","modified_gmt":"2023-08-08T10:03:59","slug":"cimsa-2023un-ilk-yarisinda-cirosunu-yillik-%51-artirarak-54-milyar-tlye-cikardi","status":"publish","type":"post","link":"https:\/\/akdenizolaygazetesi.com\/?p=27154","title":{"rendered":"\u00c7imsa 2023\u2019\u00fcn ilk yar\u0131s\u0131nda cirosunu y\u0131ll\u0131k %51 art\u0131rarak 5,4 milyar TL\u2019ye \u00e7\u0131kard\u0131"},"content":{"rendered":"<p>Sabanc\u0131 Holding i\u015ftiraki \u00c7imsa 2023\u2019\u00fcn ilk 6 ayl\u0131k finansal sonu\u00e7lar\u0131n\u0131 a\u00e7\u0131klad\u0131.<br \/>\nY\u0131l\u0131n ilk yar\u0131s\u0131nda ge\u00e7en y\u0131l\u0131n ayn\u0131 d\u00f6nemine g\u00f6re, cirosunu y\u00fczde 51 art\u0131rarak 3,6 milyar TL\u2019den 5,4 milyar TL\u2019ye \u00e7\u0131kard\u0131.<\/p>\n<p>Sabanc\u0131 Toplulu\u011fu\u2019nun global markas\u0131 \u00c7imsa, ilk 6 ayl\u0131k finansal sonu\u00e7lar\u0131n\u0131 a\u00e7\u0131klad\u0131. \u00c7imsa, cirosunu 5,4 milyar TL\u2019ye; ana ortakl\u0131k net k\u00e2r\u0131n\u0131 ise 1,2 milyar TL\u2019ye \u00e7\u0131kard\u0131. <\/p>\n<p>\u00c7imsa CEO\u2019su Umut Zenar, \u015firketin ilk 6 ayl\u0131k finansal sonu\u00e7lar\u0131n\u0131 de\u011ferlendirirken \u015funlar\u0131 s\u00f6yledi: \u201cAtt\u0131\u011f\u0131m\u0131z operasyonel ve stratejik ad\u0131mlarla t\u00fcm payda\u015flar\u0131m\u0131z i\u00e7in de\u011fer yaratmaya devam ediyoruz. Y\u0131l\u0131n ilk yar\u0131s\u0131nda y\u00fcksek kapasite kulan\u0131m oran\u0131 ve sat\u0131\u015f kanallar\u0131n\u0131n etkin kullan\u0131m\u0131 ile birlikte enerji verimlilik yat\u0131r\u0131mlar\u0131 ve artan alternatif yak\u0131t kullan\u0131m\u0131 ile ge\u00e7en y\u0131l\u0131n ayn\u0131 d\u00f6nemine g\u00f6re y\u00fckselen bir finansal performans sergilemi\u015f olduk. S\u00fcrd\u00fcr\u00fclebilirli\u011fi oda\u011f\u0131m\u0131za alarak y\u00fcr\u00fctt\u00fc\u011f\u00fcm\u00fcz faaliyetlerimizle BIST S\u00fcrd\u00fcr\u00fclebilirlik 25 Endeksi\u2019ndeki ilk ve tek \u00e7imento \u015firketi olmaya devam etmemizin yan\u0131 s\u0131ra de\u011fer zincirimizdeki t\u00fcm payda\u015flar\u0131m\u0131z\u0131 dahil eden b\u00fct\u00fcnsel yakla\u015f\u0131m\u0131m\u0131z; finansal sonu\u00e7lar\u0131m\u0131za pozitif olarak yans\u0131yor.\u201d <\/p>\n<p>Sabanc\u0131 Holding liderli\u011finde hayata ge\u00e7irdikleri dekarbonizasyon projesi kapsam\u0131nda 2030 y\u0131l\u0131na kadar karbon emisyonlar\u0131n\u0131 azaltma hedefleri oldu\u011funu belirten Umut Zenar, \u201cBu hedefin \u00f6nemli yap\u0131ta\u015flar\u0131ndan biri olarak hayata ge\u00e7irdi\u011fimiz Afyon At\u0131ktan T\u00fcretilmi\u015f Yak\u0131t Besleme Tesisi ile enerji verimlili\u011fi ve s\u00fcrd\u00fcr\u00fclebilirlik hedeflerimize katk\u0131 anlam\u0131nda \u00f6nemli bir ad\u0131m att\u0131k. Bu yat\u0131r\u0131mla yakla\u015f\u0131k 45 milyon a\u011fac\u0131n y\u0131ll\u0131k karbon yakalama kapasitesine e\u015f de\u011fer olan 46.200 ton karbondioksit sal\u0131n\u0131m\u0131n\u0131 engelliyoruz. Yine bu do\u011frultuda \u00e7ok \u00f6nemli bir geli\u015fme olarak Bilim Temelli Hedefler Giri\u015fimi (Science Based Target Initiative)\u2019ne verdi\u011fimiz taahh\u00fcd\u00fcn onaylanmas\u0131ndan b\u00fcy\u00fck mutluluk duyuyoruz\u201d diye konu\u015ftu. <\/p>\n<p>Enerji verimlili\u011fi ve \u00e7e\u015fitlili\u011finin, \u00c7imsa\u2019n\u0131n karbon n\u00f6tr yolculu\u011funun \u00f6nemli ad\u0131mlar\u0131ndan birini olu\u015fturdu\u011funu vurgulayan Umut Zenar \u015fu de\u011ferlendirmede bulundu: \u201cMevcut teknolojilerin optimizasyonunun yan\u0131nda yenilenebilir kaynaklardan elde etti\u011fimiz enerjiyi de art\u0131rmak i\u00e7in \u00e7al\u0131\u015f\u0131yoruz. Yenilenebilir enerji kaynaklar\u0131ndan elde edilen elektrik enerjisi kullan\u0131m oran\u0131m\u0131z 2022&#8217;de %58,2 olarak ger\u00e7ekle\u015firken 2030 y\u0131l\u0131nda bu oran\u0131 %80\u2019in \u00fczerine \u00e7\u0131karmay\u0131 hedefliyoruz. Bu kapsamda hayata ge\u00e7irdi\u011fimiz \u0130spanya ve Afyon GES projelerimizin t\u00fcm d\u00fcnyan\u0131n ortak sorunu olan emisyonlar\u0131n azalt\u0131lmas\u0131 konusuna b\u00fcy\u00fck katk\u0131 sa\u011flayaca\u011f\u0131n\u0131 \u00f6ng\u00f6r\u00fcyoruz. \u0130spanya GES projemiz 7,2 MW kurulu g\u00fcce sahip olacak ve y\u0131lda yakla\u015f\u0131k 12 GWh elektrik \u00fcretecek. Tamamlanmak \u00fczere olan Afyon GES projemiz ise 3.3 MW kurulu g\u00fcce sahip olacak ve y\u0131ll\u0131k yakla\u015f\u0131k 4,2 milyon kWh elektrik enerjisi \u00fcretecek\u201d.<\/p>\n<p>D\u00fc\u015f\u00fck karbon ekonomisine ge\u00e7i\u015fi s\u00fcrd\u00fcr\u00fclebilir \u00fcr\u00fcnler kanal\u0131yla da desteklediklerini dile getiren Umut Zenar, \u201cSekt\u00f6r\u00fcm\u00fczden beklentiler de\u011fi\u015firken, global bir \u00e7imento \u015firketi olarak emisyon yo\u011funlu\u011fu d\u00fc\u015f\u00fck ve d\u00f6ng\u00fcsel ekonomiye katk\u0131da bulunan katma de\u011feri y\u00fcksek \u00fcr\u00fcnler geli\u015ftirmek i\u00e7in \u00e7al\u0131\u015f\u0131yoruz. \u00c7imsa Form\u00fclhane&#8217;de geli\u015ftirdi\u011fimiz yeni \u00fcr\u00fcn\u00fcm\u00fcz Flycrete havalimanlar\u0131n\u0131n pist tamirlerinde h\u0131zl\u0131 donmas\u0131 ve direnci nedeniyle m\u00fckemmel \u00e7\u00f6z\u00fcm sunuyor. \u00c7imsa S\u00fcper Gri \u00c7imento Ailesi\u2019nin \u00fcr\u00fcn gam\u0131nda bulunan s\u00fcrd\u00fcr\u00fclebilir \u00fcr\u00fcnlerden \u00c7imsa Izo Power 42,5 klasik Portland \u00e7imentosuna oranla %15&#8217;e kadar, \u00c7imsa Master Power ise %50&#8217;ye kadar karbon emisyonlar\u0131n\u0131n azalt\u0131lmas\u0131n\u0131 sa\u011fl\u0131yor\u201d dedi.<\/p>\n","protected":false},"excerpt":{"rendered":"<p>Sabanc\u0131 Holding i\u015ftiraki \u00c7imsa 2023\u2019\u00fcn ilk 6 ayl\u0131k finansal sonu\u00e7lar\u0131n\u0131 a\u00e7\u0131klad\u0131. Y\u0131l\u0131n ilk yar\u0131s\u0131nda ge\u00e7en y\u0131l\u0131n ayn\u0131 d\u00f6nemine g\u00f6re, cirosunu y\u00fczde 51 art\u0131rarak 3,6 milyar TL\u2019den 5,4 milyar TL\u2019ye \u00e7\u0131kard\u0131. &hellip; <a href=\"https:\/\/akdenizolaygazetesi.com\/?p=27154\" class=\"more-link\">Devam\u0131n\u0131 Oku&#8230;<\/a><\/p>\n","protected":false},"author":2,"featured_media":27155,"comment_status":"open","ping_status":"open","sticky":false,"template":"","format":"standard","meta":[],"categories":[8,2,3,11],"tags":[],"_links":{"self":[{"href":"https:\/\/akdenizolaygazetesi.com\/index.php?rest_route=\/wp\/v2\/posts\/27154"}],"collection":[{"href":"https:\/\/akdenizolaygazetesi.com\/index.php?rest_route=\/wp\/v2\/posts"}],"about":[{"href":"https:\/\/akdenizolaygazetesi.com\/index.php?rest_route=\/wp\/v2\/types\/post"}],"author":[{"embeddable":true,"href":"https:\/\/akdenizolaygazetesi.com\/index.php?rest_route=\/wp\/v2\/users\/2"}],"replies":[{"embeddable":true,"href":"https:\/\/akdenizolaygazetesi.com\/index.php?rest_route=%2Fwp%2Fv2%2Fcomments&post=27154"}],"version-history":[{"count":1,"href":"https:\/\/akdenizolaygazetesi.com\/index.php?rest_route=\/wp\/v2\/posts\/27154\/revisions"}],"predecessor-version":[{"id":27156,"href":"https:\/\/akdenizolaygazetesi.com\/index.php?rest_route=\/wp\/v2\/posts\/27154\/revisions\/27156"}],"wp:featuredmedia":[{"embeddable":true,"href":"https:\/\/akdenizolaygazetesi.com\/index.php?rest_route=\/wp\/v2\/media\/27155"}],"wp:attachment":[{"href":"https:\/\/akdenizolaygazetesi.com\/index.php?rest_route=%2Fwp%2Fv2%2Fmedia&parent=27154"}],"wp:term":[{"taxonomy":"category","embeddable":true,"href":"https:\/\/akdenizolaygazetesi.com\/index.php?rest_route=%2Fwp%2Fv2%2Fcategories&post=27154"},{"taxonomy":"post_tag","embeddable":true,"href":"https:\/\/akdenizolaygazetesi.com\/index.php?rest_route=%2Fwp%2Fv2%2Ftags&post=27154"}],"curies":[{"name":"wp","href":"https:\/\/api.w.org\/{rel}","templated":true}]}}