{"id":27157,"date":"2023-08-08T13:05:13","date_gmt":"2023-08-08T10:05:13","guid":{"rendered":"http:\/\/akdenizolaygazetesi.com\/?p=27157"},"modified":"2023-08-08T13:05:13","modified_gmt":"2023-08-08T10:05:13","slug":"asurenin-bereketi-buyuksehirle-paylastikca-cogaliyor","status":"publish","type":"post","link":"https:\/\/akdenizolaygazetesi.com\/?p=27157","title":{"rendered":"A\u015eUREN\u0130N BEREKET\u0130 B\u00dcY\u00dcK\u015eEH\u0130R&#8217;LE PAYLA\u015eTIK\u00c7A \u00c7O\u011eALIYOR"},"content":{"rendered":"<p>Mersin B\u00fcy\u00fck\u015fehir Belediyesi Muharrem Ay\u0131 dolay\u0131s\u0131yla; ho\u015fg\u00f6r\u00fcn\u00fcn, birlik ve beraberli\u011fin simgesi olan a\u015fure tatl\u0131s\u0131 ikram etme gelene\u011fini bu y\u0131l da s\u00fcrd\u00fcr\u00fcyor. Sosyal Hizmetler Dairesi Ba\u015fkanl\u0131\u011f\u0131 koordinesinde A\u015fhane&#8217;de \u00f6zenle haz\u0131rlanan ve usta eller taraf\u0131ndan kaynat\u0131lan a\u015fureler, B\u00fcy\u00fck\u015fehir&#8217;in mobil ara\u00e7lar\u0131 ile kentin farkl\u0131 noktalar\u0131nda vatanda\u015flarla bulu\u015fturuluyor. Bu kapsamda Mezitli \u0130l\u00e7esi&#8217;nde de ikram edilen a\u015fureler, vatanda\u015f\u0131n g\u00f6nl\u00fcne s\u0131cakl\u0131k katt\u0131. A\u015fure da\u011f\u0131t\u0131m\u0131ndan memnuniyetini dile getiren vatanda\u015flar, B\u00fcy\u00fck\u015fehir ekiplerine te\u015fekk\u00fcr etti.<\/p>\n<p>B\u00fcy\u00fckg\u00fcrses: &#8220;\u015eu ana kadar 13 il\u00e7ede toplam 22 bin adet a\u015fureyi vatanda\u015flar\u0131m\u0131za da\u011f\u0131tt\u0131k&#8221;<\/p>\n<p>A\u015furenin anlam\u0131n\u0131n, birlik ve beraberli\u011fi insanlara yans\u0131tmak oldu\u011funu ifade eden B\u00fcy\u00fck\u015fehir Belediyesi Sosyal Hizmetler Dairesi Ba\u015fkanl\u0131\u011f\u0131&#8217;nda Sosyolog Nazire B\u00fcy\u00fckg\u00fcrses, &#8220;Muharrem Ay\u0131 i\u00e7erisindeyiz. B\u00fcy\u00fck\u015fehir Belediyemize ait A\u015fhane&#8217;de a\u015furelerimizi kaynatt\u0131k ve vatanda\u015flar\u0131m\u0131za ikram ediyoruz. \u015eu ana kadar 13 il\u00e7emizde, toplam 22 bin adet a\u015fureyi vatanda\u015flar\u0131m\u0131za da\u011f\u0131tt\u0131k&#8221; dedi.<\/p>\n<p>A\u015furenin lezzeti g\u00f6n\u00fcllere s\u0131cakl\u0131k katt\u0131<\/p>\n<p>A\u015fure tatl\u0131s\u0131n\u0131n en sevdi\u011fi tatl\u0131 oldu\u011funu dile getiren vatanda\u015flardan Fatma Levent, &#8220;Ben \u015feker hastas\u0131y\u0131m, ama a\u015fureye yok diyemem. Muharrem Ay\u0131 \u00e7ok g\u00fczel ve bereketli bir ay. A\u015fure malzemelerinin pahal\u0131 olmas\u0131ndan dolay\u0131 herkes bu tatl\u0131y\u0131 yapamayabilir, ama bir\u00e7ok insan\u0131n bu sayede a\u015fureye ula\u015fabilece\u011fi \u00e7ok g\u00fczel bir yakla\u015f\u0131m&#8221; diye konu\u015ftu.<\/p>\n<p>Muharrem Ay\u0131&#8217;nda a\u015fure ikram\u0131n\u0131n, B\u00fcy\u00fck\u015fehir Belediyesi taraf\u0131ndan sa\u011flanan g\u00fczel bir hizmet oldu\u011funu vurgulayan vatanda\u015flardan Erol Ya\u011fl\u0131c\u0131, &#8220;Her y\u0131l bu da\u011f\u0131t\u0131m\u0131n yap\u0131ld\u0131\u011f\u0131n\u0131 g\u00f6r\u00fcyorum. K\u00f6ylerde, il\u00e7elerde gitti\u011fim her yerde a\u015fure da\u011f\u0131t\u0131ld\u0131\u011f\u0131n\u0131 g\u00f6r\u00fcyorum ve yiyorum. B\u00fcy\u00fck\u015fehir Belediyesi&#8217;ne te\u015fekk\u00fcr ediyorum&#8221; diye konu\u015ftu.<\/p>\n<p>Vatanda\u015flardan Hatice Y\u0131lmaz ise, &#8220;B\u00fcy\u00fck\u015fehir Belediyesi kazanlar\u0131n\u0131n bereketi, r\u0131zk\u0131 \u00e7ok olsun. Art\u0131k a\u015fure yapmak kolay de\u011fil. Hele ki bu maa\u015flarla&#8230; \u00d6zellikle bir emeklinin a\u015fure yap\u0131p, yemesi m\u00fcmk\u00fcn de\u011fil. B\u00fcy\u00fck\u015fehir Belediyesi&#8217;ne, bu hizmeti i\u00e7in \u00e7ok te\u015fekk\u00fcr ederim&#8221; ifadelerini kulland\u0131.<\/p>\n<p>T\u00fcm il\u00e7elerde a\u015fure da\u011f\u0131t\u0131m\u0131 yap\u0131ld\u0131<\/p>\n<p>B\u00fcy\u00fck\u015fehir Belediyesi&#8217;nin usta a\u015f\u00e7\u0131lar\u0131 taraf\u0131ndan enfes \u015fekilde haz\u0131rlanan a\u015fureler, Tarsus ve \u00c7aml\u0131yayla&#8217;da da da\u011f\u0131t\u0131ld\u0131. Vatanda\u015flar, Tarsus Yarenlik Alan\u0131 Halk E\u011fitim Merkezi \u00f6n b\u00f6l\u00fcm\u00fcnde kurulan stanttan ikram edilen a\u015fureler i\u00e7in, B\u00fcy\u00fck\u015fehir Belediyesi&#8217;ne te\u015fekk\u00fcr ettiler.<\/p>\n","protected":false},"excerpt":{"rendered":"<p>Mersin B\u00fcy\u00fck\u015fehir Belediyesi Muharrem Ay\u0131 dolay\u0131s\u0131yla; ho\u015fg\u00f6r\u00fcn\u00fcn, birlik ve beraberli\u011fin simgesi olan a\u015fure tatl\u0131s\u0131 ikram etme gelene\u011fini bu y\u0131l da s\u00fcrd\u00fcr\u00fcyor. Sosyal Hizmetler Dairesi Ba\u015fkanl\u0131\u011f\u0131 koordinesinde A\u015fhane&#8217;de \u00f6zenle haz\u0131rlanan ve &hellip; <a href=\"https:\/\/akdenizolaygazetesi.com\/?p=27157\" class=\"more-link\">Devam\u0131n\u0131 Oku&#8230;<\/a><\/p>\n","protected":false},"author":2,"featured_media":27158,"comment_status":"open","ping_status":"open","sticky":false,"template":"","format":"standard","meta":[],"categories":[2,3],"tags":[],"_links":{"self":[{"href":"https:\/\/akdenizolaygazetesi.com\/index.php?rest_route=\/wp\/v2\/posts\/27157"}],"collection":[{"href":"https:\/\/akdenizolaygazetesi.com\/index.php?rest_route=\/wp\/v2\/posts"}],"about":[{"href":"https:\/\/akdenizolaygazetesi.com\/index.php?rest_route=\/wp\/v2\/types\/post"}],"author":[{"embeddable":true,"href":"https:\/\/akdenizolaygazetesi.com\/index.php?rest_route=\/wp\/v2\/users\/2"}],"replies":[{"embeddable":true,"href":"https:\/\/akdenizolaygazetesi.com\/index.php?rest_route=%2Fwp%2Fv2%2Fcomments&post=27157"}],"version-history":[{"count":1,"href":"https:\/\/akdenizolaygazetesi.com\/index.php?rest_route=\/wp\/v2\/posts\/27157\/revisions"}],"predecessor-version":[{"id":27159,"href":"https:\/\/akdenizolaygazetesi.com\/index.php?rest_route=\/wp\/v2\/posts\/27157\/revisions\/27159"}],"wp:featuredmedia":[{"embeddable":true,"href":"https:\/\/akdenizolaygazetesi.com\/index.php?rest_route=\/wp\/v2\/media\/27158"}],"wp:attachment":[{"href":"https:\/\/akdenizolaygazetesi.com\/index.php?rest_route=%2Fwp%2Fv2%2Fmedia&parent=27157"}],"wp:term":[{"taxonomy":"category","embeddable":true,"href":"https:\/\/akdenizolaygazetesi.com\/index.php?rest_route=%2Fwp%2Fv2%2Fcategories&post=27157"},{"taxonomy":"post_tag","embeddable":true,"href":"https:\/\/akdenizolaygazetesi.com\/index.php?rest_route=%2Fwp%2Fv2%2Ftags&post=27157"}],"curies":[{"name":"wp","href":"https:\/\/api.w.org\/{rel}","templated":true}]}}