{"id":27163,"date":"2023-08-09T12:59:17","date_gmt":"2023-08-09T09:59:17","guid":{"rendered":"http:\/\/akdenizolaygazetesi.com\/?p=27163"},"modified":"2023-08-09T12:59:17","modified_gmt":"2023-08-09T09:59:17","slug":"toroslar-ve-camliyayla-igne-oyasi-festivaline-hazir","status":"publish","type":"post","link":"https:\/\/akdenizolaygazetesi.com\/?p=27163","title":{"rendered":"TOROSLAR VE \u00c7AMLIYAYLA, \u0130\u011eNE OYASI FEST\u0130VAL\u0130&#8217;NE HAZIR"},"content":{"rendered":"<p>Toroslar ve \u00c7aml\u0131yayla Belediyeleri, bu y\u0131l 7&#8217;ncisi d\u00fczenlenecek olan \u00c7aml\u0131yayla \u0130\u011fne Oyas\u0131 Festivali&#8217;ne haz\u0131r.<\/p>\n<p>Mersinliler, Toroslar ve \u00c7aml\u0131yayla \u0130l\u00e7elerinde 2 g\u00fcn boyunca sergiler, halk oyunlar\u0131, defile, konserler ve etkinliklerle bulu\u015farak, sanat dolu bir festivalin tad\u0131n\u0131 \u00e7\u0131karacak.<\/p>\n<p>Toroslar Belediye Ba\u015fkan\u0131 Ats\u0131z Af\u015f\u0131n Y\u0131lmaz; 11 A\u011fustos Cuma g\u00fcn\u00fc \u00c7aml\u0131yayla&#8217;da, 13 A\u011fustos Pazar g\u00fcn\u00fc Toroslar&#8217;da yap\u0131lacak festivale t\u00fcm hem\u015fehrilerini davet etti.<\/p>\n<p>Teknik ve Mesleki E\u011fitim Kurslar\u0131&#8217;nda (TORTEK) sanat\u0131n farkl\u0131 dallar\u0131nda verdi\u011fi e\u011fitimlerle ad\u0131ndan s\u00f6z ettiren Toroslar Belediyesi, \u0130\u011fne Oyas\u0131 Festivali ile bu \u00e7al\u0131\u015fmalar\u0131n\u0131 ta\u00e7land\u0131racak.<\/p>\n<p>FEST\u0130VAL, 11 A\u011eUSTOS&#8217;TA \u00c7AMLAYLA&#8217;DA, 13 A\u011eUSTOS&#8217;TA TOROSLAR&#8217;DA YAPILACAK<\/p>\n<p>Mersin&#8217;de el eme\u011fi g\u00f6z nuru ile \u00fcretilen i\u011fne oyalar\u0131n\u0131n d\u00fcnyaya tan\u0131t\u0131lmas\u0131n\u0131n ama\u00e7land\u0131\u011f\u0131 festivalin ilki; 11 A\u011fustos 2023 Cuma g\u00fcn\u00fc \u00c7aml\u0131yayla \u0130l\u00e7esi&#8217;nin Zevzek Tepesi&#8217;nde saat 10.00&#8217;da ba\u015flayacak. TRT T\u00fcrk Halk M\u00fczi\u011fi Sanat\u00e7\u0131s\u0131 Selma Ge\u00e7er ile Mersinli Halk M\u00fczi\u011fi sanat\u00e7\u0131s\u0131 G\u00fcrhan \u00d6t\u00fcn ise saat 19.00&#8217;da sahne alacak.<\/p>\n<p>Toroslar \u0130l\u00e7esi&#8217;nde Ayvagedi\u011fi Mahallesi&#8217;nin k\u00f6y meydan\u0131nda 13 A\u011fustos Pazar g\u00fcn\u00fc d\u00fczenlenecek etkinlikler de saat 10.00&#8217;da ba\u015flayacak. Festival, saat 19.00&#8217;da ger\u00e7ekle\u015ftirilecek olan TRT T\u00fcrk Halk M\u00fczi\u011fi Sanat\u00e7\u0131s\u0131 Selma Ge\u00e7er ile Mersinli Halk M\u00fczi\u011fi sanat\u00e7\u0131s\u0131 G\u00fcrhan \u00d6t\u00fcn&#8217;\u00fcn konserleriyle son bulacak.<\/p>\n<p>&#8220;FEST\u0130VAL\u0130M\u0130ZE HERKES\u0130 BEKL\u0130YORUZ&#8221;<\/p>\n<p>Toroslar Belediye Ba\u015fkan\u0131 Ats\u0131z Af\u015f\u0131n Y\u0131lmaz; &#8220;Kad\u0131nlar\u0131m\u0131z hem \u00fcretime hem de ev ekonomisine katk\u0131 sunuyorlar. Onlar\u0131 bu \u00e7al\u0131\u015fmalar\u0131ndan dolay\u0131 tebrik ediyorum. Biz Toroslar Belediyesi olarak ger\u00e7ekle\u015ftirdi\u011fimiz bu festivallerle kad\u0131nlar\u0131m\u0131z\u0131n el eme\u011fi g\u00f6z nuru ile \u00fcrettikleri \u00fcr\u00fcnleri daha profesyonel bir \u015fekilde d\u00fcnyaya tan\u0131tmak istiyoruz. Giri\u015fimcili\u011fi her zaman destekleyece\u011fiz. T\u00fcm heme\u015fehrilerimizi festivalimize bekliyoruz&#8221; dedi.<\/p>\n","protected":false},"excerpt":{"rendered":"<p>Toroslar ve \u00c7aml\u0131yayla Belediyeleri, bu y\u0131l 7&#8217;ncisi d\u00fczenlenecek olan \u00c7aml\u0131yayla \u0130\u011fne Oyas\u0131 Festivali&#8217;ne haz\u0131r. Mersinliler, Toroslar ve \u00c7aml\u0131yayla \u0130l\u00e7elerinde 2 g\u00fcn boyunca sergiler, halk oyunlar\u0131, defile, konserler ve etkinliklerle bulu\u015farak, &hellip; <a href=\"https:\/\/akdenizolaygazetesi.com\/?p=27163\" class=\"more-link\">Devam\u0131n\u0131 Oku&#8230;<\/a><\/p>\n","protected":false},"author":2,"featured_media":27164,"comment_status":"open","ping_status":"open","sticky":false,"template":"","format":"standard","meta":[],"categories":[2,3],"tags":[],"_links":{"self":[{"href":"https:\/\/akdenizolaygazetesi.com\/index.php?rest_route=\/wp\/v2\/posts\/27163"}],"collection":[{"href":"https:\/\/akdenizolaygazetesi.com\/index.php?rest_route=\/wp\/v2\/posts"}],"about":[{"href":"https:\/\/akdenizolaygazetesi.com\/index.php?rest_route=\/wp\/v2\/types\/post"}],"author":[{"embeddable":true,"href":"https:\/\/akdenizolaygazetesi.com\/index.php?rest_route=\/wp\/v2\/users\/2"}],"replies":[{"embeddable":true,"href":"https:\/\/akdenizolaygazetesi.com\/index.php?rest_route=%2Fwp%2Fv2%2Fcomments&post=27163"}],"version-history":[{"count":1,"href":"https:\/\/akdenizolaygazetesi.com\/index.php?rest_route=\/wp\/v2\/posts\/27163\/revisions"}],"predecessor-version":[{"id":27165,"href":"https:\/\/akdenizolaygazetesi.com\/index.php?rest_route=\/wp\/v2\/posts\/27163\/revisions\/27165"}],"wp:featuredmedia":[{"embeddable":true,"href":"https:\/\/akdenizolaygazetesi.com\/index.php?rest_route=\/wp\/v2\/media\/27164"}],"wp:attachment":[{"href":"https:\/\/akdenizolaygazetesi.com\/index.php?rest_route=%2Fwp%2Fv2%2Fmedia&parent=27163"}],"wp:term":[{"taxonomy":"category","embeddable":true,"href":"https:\/\/akdenizolaygazetesi.com\/index.php?rest_route=%2Fwp%2Fv2%2Fcategories&post=27163"},{"taxonomy":"post_tag","embeddable":true,"href":"https:\/\/akdenizolaygazetesi.com\/index.php?rest_route=%2Fwp%2Fv2%2Ftags&post=27163"}],"curies":[{"name":"wp","href":"https:\/\/api.w.org\/{rel}","templated":true}]}}