{"id":27190,"date":"2023-08-10T13:08:34","date_gmt":"2023-08-10T10:08:34","guid":{"rendered":"http:\/\/akdenizolaygazetesi.com\/?p=27190"},"modified":"2023-08-10T13:08:34","modified_gmt":"2023-08-10T10:08:34","slug":"iskur-mtosbde-hizmet-noktasi-aciyor","status":"publish","type":"post","link":"https:\/\/akdenizolaygazetesi.com\/?p=27190","title":{"rendered":"\u0130\u015eKUR, MTOSB&#8217;de hizmet noktas\u0131 a\u00e7\u0131yor"},"content":{"rendered":"<p>MTOSB Ba\u015fkan\u0131 Sabri Tekli ve \u0130\u015eKUR \u0130l M\u00fcd\u00fcr Vekili Ercan G\u00f6n aras\u0131nda, MTOSB b\u00fcnyesinde kurulacak olan \u0130\u015eKUR Hizmet Noktas\u0131&#8217;n\u0131n protokol\u00fc imzaland\u0131.<\/p>\n<p>Mersin Tarsus Organize Sanayi B\u00f6lgesi M\u00fcd\u00fcrl\u00fck Binas\u0131&#8217;nda imzalanan protokol ile birlikte sanayicilerin ihtiya\u00e7 duydu\u011fu kalifiye elemana daha h\u0131zl\u0131 ula\u015fmas\u0131 sa\u011flanacak.<\/p>\n<p>\u0130mza t\u00f6reni sonras\u0131nda konu\u015fan MTOSB Ba\u015fkan\u0131 Sabri Tekli, &#8216;D\u00fczenlenen protokol ile birlikte MTOSB b\u00fcnyesinde kurulacak olan \u0130\u015eKUR Hizmet Noktas\u0131&#8217;nda g\u00f6revlendirilecek i\u015f ve meslek dan\u0131\u015fmanlar\u0131, sanayicilerimiz ile ileti\u015fime ge\u00e7erek, firmalar\u0131n ihtiya\u00e7 duydu\u011fu personel kriterleri do\u011frultusunda i\u015fg\u00fcc\u00fc talebi olu\u015fturup, uygun olan personelleri sanayicilerimize y\u00f6nlendirecekler. MTOSB \u0130\u015eKUR Hizmet Noktas\u0131, kurum ile sanayicilerimiz aras\u0131nda k\u00f6pr\u00fc g\u00f6revi \u00fcstlenerek istihdam\u0131 art\u0131r\u0131c\u0131 \u00e7al\u0131\u015fmalar ger\u00e7ekle\u015ftirecekler&#8217; dedi.<\/p>\n<p>&#8216;KAL\u0130F\u0130YE ELEMAN B\u00dcY\u00dcK SORUN&#8217;<\/p>\n<p>G\u00fcn\u00fcm\u00fczde T\u00fcrk sanayisinin en b\u00fcy\u00fck sorunlar\u0131ndan birisinin kalifiye eleman a\u00e7\u0131\u011f\u0131 oldu\u011funu ifade eden Ba\u015fkan Tekli, &#8216;Ara eleman konusunda b\u00fcy\u00fck s\u0131k\u0131nt\u0131lar ya\u015f\u0131yoruz. M\u00fchendis var, i\u015fletme mezunu var, k\u0131sacas\u0131 \u00fcniversite mezunu beyaz yakal\u0131 var ama ara eleman yok. Biz bu sorunu \u00e7\u00f6zmek ve sanayicilerimize yeti\u015fmi\u015f ara elemanlar y\u00f6nlendirebilmek ad\u0131na 2011-2012 e\u011fitim \u00f6\u011fretim d\u00f6neminde MTOSB \u00d6zel \u015ei\u015fecam Mesleki ve Teknik Anadolu Lisemizi faaliyete ald\u0131k. Okulumuz ara eleman yeti\u015ftirmek d\u00fc\u015f\u00fcncesi ile harekete ge\u00e7mi\u015fken \u015fu an &#8216;aranan elemanlar&#8217; yeti\u015ftiriyoruz. Burada b\u00fcy\u00fck bir ba\u015far\u0131 oran\u0131 yakalad\u0131k. Ama sanayicilerimiz a\u00e7\u0131s\u0131ndan sadece okulumuzdan mezun olan \u00f6\u011frencilerimiz yeterli olmuyor. Bu a\u00e7\u0131dan \u0130\u015eKUR ile ortakla\u015fa ger\u00e7ekle\u015ftirece\u011fimiz bu \u00e7al\u0131\u015fma, kalifiye eleman s\u0131k\u0131nt\u0131s\u0131n\u0131 a\u015fmak ad\u0131na b\u00fcy\u00fck \u00f6nem ta\u015f\u0131yor&#8217; dedi.<\/p>\n<p>Protokol T\u00f6renine Y\u00f6netim Kurulu Ba\u015fkan Vekili Seyfetullah I\u015f\u0131k, Y\u00f6netim Kurulu \u00dcyeleri Mehmet Orgun, Denetim Kurulu \u00dcyeleri Bedri Aky\u00fcz, Mehmet Atilla, M\u00fcte\u015febbis Heyet \u00dcyesi Ali K\u0131ra\u00e7, MTOSB B\u00f6lge M\u00fcd\u00fcr\u00fc Halil Y\u0131lmaz ve B\u00f6lge M\u00fcd\u00fcr Yard\u0131mc\u0131s\u0131 P\u0131nar \u00d6zal Kan\u0131k kat\u0131ld\u0131lar.<\/p>\n","protected":false},"excerpt":{"rendered":"<p>MTOSB Ba\u015fkan\u0131 Sabri Tekli ve \u0130\u015eKUR \u0130l M\u00fcd\u00fcr Vekili Ercan G\u00f6n aras\u0131nda, MTOSB b\u00fcnyesinde kurulacak olan \u0130\u015eKUR Hizmet Noktas\u0131&#8217;n\u0131n protokol\u00fc imzaland\u0131. Mersin Tarsus Organize Sanayi B\u00f6lgesi M\u00fcd\u00fcrl\u00fck Binas\u0131&#8217;nda imzalanan protokol &hellip; <a href=\"https:\/\/akdenizolaygazetesi.com\/?p=27190\" class=\"more-link\">Devam\u0131n\u0131 Oku&#8230;<\/a><\/p>\n","protected":false},"author":2,"featured_media":27191,"comment_status":"open","ping_status":"open","sticky":false,"template":"","format":"standard","meta":[],"categories":[8,1,2,3],"tags":[],"_links":{"self":[{"href":"https:\/\/akdenizolaygazetesi.com\/index.php?rest_route=\/wp\/v2\/posts\/27190"}],"collection":[{"href":"https:\/\/akdenizolaygazetesi.com\/index.php?rest_route=\/wp\/v2\/posts"}],"about":[{"href":"https:\/\/akdenizolaygazetesi.com\/index.php?rest_route=\/wp\/v2\/types\/post"}],"author":[{"embeddable":true,"href":"https:\/\/akdenizolaygazetesi.com\/index.php?rest_route=\/wp\/v2\/users\/2"}],"replies":[{"embeddable":true,"href":"https:\/\/akdenizolaygazetesi.com\/index.php?rest_route=%2Fwp%2Fv2%2Fcomments&post=27190"}],"version-history":[{"count":1,"href":"https:\/\/akdenizolaygazetesi.com\/index.php?rest_route=\/wp\/v2\/posts\/27190\/revisions"}],"predecessor-version":[{"id":27192,"href":"https:\/\/akdenizolaygazetesi.com\/index.php?rest_route=\/wp\/v2\/posts\/27190\/revisions\/27192"}],"wp:featuredmedia":[{"embeddable":true,"href":"https:\/\/akdenizolaygazetesi.com\/index.php?rest_route=\/wp\/v2\/media\/27191"}],"wp:attachment":[{"href":"https:\/\/akdenizolaygazetesi.com\/index.php?rest_route=%2Fwp%2Fv2%2Fmedia&parent=27190"}],"wp:term":[{"taxonomy":"category","embeddable":true,"href":"https:\/\/akdenizolaygazetesi.com\/index.php?rest_route=%2Fwp%2Fv2%2Fcategories&post=27190"},{"taxonomy":"post_tag","embeddable":true,"href":"https:\/\/akdenizolaygazetesi.com\/index.php?rest_route=%2Fwp%2Fv2%2Ftags&post=27190"}],"curies":[{"name":"wp","href":"https:\/\/api.w.org\/{rel}","templated":true}]}}