{"id":27202,"date":"2023-08-10T16:42:29","date_gmt":"2023-08-10T13:42:29","guid":{"rendered":"http:\/\/akdenizolaygazetesi.com\/?p=27202"},"modified":"2023-08-10T16:42:29","modified_gmt":"2023-08-10T13:42:29","slug":"depremde-yikima-ugrayan-kentleri-tekrar-ayaga-kaldirmak-lazim","status":"publish","type":"post","link":"https:\/\/akdenizolaygazetesi.com\/?p=27202","title":{"rendered":"&#8220;DEPREMDE YIKIMA U\u011eRAYAN KENTLER\u0130 TEKRAR AYA\u011eA KALDIRMAK LAZIM&#8221;"},"content":{"rendered":"<p>Mersin B\u00fcy\u00fck\u015fehir Belediyesi Ba\u015fkan\u0131 Vahap Se\u00e7er, T\u00fcrkiye Ermenileri Patri\u011fi Sahak Ma\u015falyan, Anadolu Ermeni Cemaatleri G\u00f6zetmeni Peder Avedis Taba\u015fyan ve Patrik Ma\u015falyan&#8217;\u0131n yard\u0131mc\u0131s\u0131 Peder \u015eirvan M\u00fcrzyan&#8217;\u0131 makam\u0131nda a\u011f\u0131rlad\u0131.<\/p>\n<p>Ziyarette, deprem b\u00f6lgelerini aya\u011fa kald\u0131rmak ve hem b\u00f6lgedeki hem Mersin&#8217;deki depremzede yurtta\u015flar\u0131n ihtiya\u00e7lar\u0131n\u0131 kar\u015f\u0131lamak i\u00e7in t\u00fcm imk\u00e2nlar\u0131 seferber ettiklerini s\u00f6yleyen Ba\u015fkan Se\u00e7er, bu hizmetleri hi\u00e7bir \u0131rk, dil, din ve mezhep ayr\u0131m\u0131 yapmadan ger\u00e7ekle\u015ftirdiklerini vurgulad\u0131. T\u00fcrkiye Ermenileri Patri\u011fi Sahak Ma\u015falyan ise, Mersin&#8217;in deprem s\u00fcrecinde \u00e7ok i\u015flevsel bir rol oynad\u0131\u011f\u0131n\u0131 ve deprem b\u00f6lgeleri i\u00e7in \u00e7al\u0131\u015ft\u0131\u011f\u0131n\u0131 g\u00f6zlemlediklerini belirterek, B\u00fcy\u00fck\u015fehir&#8217;in kentte ve deprem b\u00f6lgelerinde yapt\u0131\u011f\u0131 \u00e7al\u0131\u015fmalardan dolay\u0131 Ba\u015fkan Se\u00e7er&#8217;e te\u015fekk\u00fcrlerini iletti.<\/p>\n<p>&#8220;Depremde y\u0131k\u0131ma u\u011frayan kentleri tekrar aya\u011fa kald\u0131rmak laz\u0131m&#8221;<\/p>\n<p>Ziyarette ge\u00e7ti\u011fimiz aylarda ya\u015fanan deprem felaketiyle ilgili konu\u015fan Ba\u015fkan Se\u00e7er, deprem b\u00f6lgelerini aya\u011fa kald\u0131rmak gerekti\u011fine dikkat \u00e7ekerek, &#8220;\u00c7ok say\u0131da insan hayat\u0131n\u0131 kaybetti, aileler da\u011f\u0131ld\u0131,. Hayatta kalanlar\u0131n hayata sevgisi, ya\u015fama sa\u011fl\u0131\u011f\u0131, ya\u015fam arzusu ortadan kalkt\u0131. Kolay de\u011fil, kurulu bir d\u00fczen darmada\u011f\u0131n oldu. \u0130nsan\u0131n d\u00fc\u015f\u00fcn\u00fcrken bile kalbi s\u0131k\u0131\u015f\u0131yor. \u0130nsan a\u00e7\u0131s\u0131ndan bu derece zor bir durum. Di\u011fer taraftan devlet a\u00e7\u0131s\u0131ndan da \u00e7ok b\u00fcy\u00fck bir sorun. Hem ekonomik hem toplumsal sorun. Depremde y\u0131k\u0131ma u\u011frayan kentleri tekrar aya\u011fa kald\u0131rmak laz\u0131m. Yeniden in\u015fa etmek, orada \u00e7ark\u0131 tekrar d\u00f6nd\u00fcrmek i\u00e7in do\u011fru ad\u0131mlar atmak gerekir. Zaman ge\u00e7irmeden, tahribat\u0131n derinli\u011fini art\u0131rmadan bunlar\u0131 yapmak laz\u0131m&#8221; dedi.<\/p>\n<p>&#8220;Hatay, Kahramanmara\u015f ve Ad\u0131yaman&#8217;a derhal ekiplerimizi g\u00f6nderdik&#8221;<\/p>\n<p>Depremin ilk g\u00fcn\u00fcnden itibaren b\u00f6lgeye ekipleri g\u00f6nderdiklerini ve depremin 2. g\u00fcn\u00fc kendisinin de CHP Genel Ba\u015fkan\u0131 Kemal K\u0131l\u0131\u00e7daro\u011flu ve CHP&#8217;li B\u00fcy\u00fck\u015fehir Belediye Ba\u015fkanlar\u0131 ile birlikte depremin ya\u015fand\u0131\u011f\u0131 \u015fehirlere gitti\u011fini aktaran Se\u00e7er, &#8220;G\u00f6rd\u00fc\u011f\u00fcm kadar\u0131yla en \u00e7ok tahribat\u0131n oldu\u011fu yer Hatay. Depremin 2. g\u00fcn\u00fc oradayd\u0131m ben. Defne&#8217;ye gittik, Samanda\u011f&#8217;a gittik. \u0130nsanlar \u00e7aresizce bizden yard\u0131m istiyordu. \u0130zah edilemeyecek sahneler g\u00f6rd\u00fck. Ad\u0131yaman da \u00f6yle, Kahramanmara\u015f, Ad\u0131yaman, Pazarc\u0131k da \u00f6yle. E\u015fimin k\u00f6y\u00fc yok oldu Pazarc\u0131k&#8217;ta. Hatay, Kahramanmara\u015f ve Ad\u0131yaman&#8217;a derhal ekiplerimizi g\u00f6nderdik&#8221; ifadelerini kulland\u0131.<\/p>\n<p>&#8220;Biz kamuyuz daha bilin\u00e7li davranmak zorunday\u0131z&#8221;<\/p>\n<p>Mersin&#8217;de bir y\u0131k\u0131m olmad\u0131\u011f\u0131n\u0131 ancak depremin daha yak\u0131n bir b\u00f6lgede olmas\u0131 takdirde Mersin&#8217;de b\u00fcy\u00fck y\u0131k\u0131mlar\u0131n ortaya \u00e7\u0131kabilece\u011fini belirten Se\u00e7er, &#8220;Belediyenin bir binas\u0131n\u0131 bo\u015faltt\u0131k tedbir olarak. Biz kamuyuz, daha bilin\u00e7li davranmak zorunday\u0131z. O d\u00f6nemde yine bir site bo\u015falt\u0131ld\u0131. \u00c7\u00fcnk\u00fc zemini s\u0131k\u0131nt\u0131l\u0131yd\u0131. Mersin&#8217;de yap\u0131 stokunda ciddi sorun var. Sahilde zemin sorunu da var. Zaman\u0131nda kurallara uyulmadan \u00e7ok bina yap\u0131lm\u0131\u015f, in\u015faat kalitesi de zemin emniyeti de \u00e7ok uygun de\u011fil. Bu binalar\u0131n d\u00f6n\u00fc\u015fmesi laz\u0131m. Ayn\u0131 \u015fiddette bir deprem daha yak\u0131n bir co\u011frafyada olsayd\u0131 buras\u0131 \u00e7ok ciddi hasar g\u00f6rebilirdi&#8221; \u015feklinde konu\u015ftu.<\/p>\n<p>&#8220;\u0130mk\u00e2nlar\u0131m\u0131z\u0131 depremzedeler i\u00e7in seferber ettik&#8221;<\/p>\n<p>Deprem s\u00fcrecinde b\u00f6lgeden gelen binlerce insana ev sahipli\u011fi yapt\u0131klar\u0131n\u0131 hat\u0131rlatan Se\u00e7er, &#8220;\u0130nsanlar da yard\u0131mc\u0131 oldu. Evlerine ald\u0131lar. Bizler de hem insani olarak hem vicdan hem de tabi ki g\u00f6revimiz gere\u011fi b\u00fct\u00fcn \u00e7al\u0131\u015fmalar\u0131 durdurup, hep oraya aktard\u0131k. \u00d6\u011fretmenlerimizi, sanat\u00e7\u0131lar\u0131m\u0131z\u0131 hep oraya g\u00f6nderdik. G\u00fcnl\u00fck 35-40 bin civar\u0131nda yemek \u00e7\u0131kartt\u0131k. \u0130mk\u00e2nlar\u0131m\u0131z\u0131 depremzedeler i\u00e7in seferber ettik. Ama d\u0131\u015far\u0131dan da imk\u00e2n\u0131 olan \u015firketler, hatta fakir halk bile yard\u0131mc\u0131 oldu. Hi\u00e7bir \u015fey yapam\u0131yorsa bile ekme\u011finin yar\u0131s\u0131n\u0131 verdi&#8221; dedi ve bu imkanlar\u0131 hi\u00e7bir \u0131rk, dil, din ve mezhep ayr\u0131m\u0131 yapmadan ger\u00e7ekle\u015ftirdiklerini vurgulad\u0131.<\/p>\n<p>Se\u00e7er, ziyarette Patrik Ma\u015falyan ve cemaatinin de herhangi bir talepte her zaman B\u00fcy\u00fck\u015fehir&#8217;in kap\u0131s\u0131n\u0131 \u00e7alabileceklerini ve depremzedeler i\u00e7in ellerinden geleni yapacaklar\u0131n\u0131 vurgulad\u0131.<\/p>\n<p>Ma\u015falyan: &#8220;Mersin depremde \u00e7ok i\u015flevsel bir rol oynad\u0131&#8221;<\/p>\n<p>Cemaatlerini ziyaret etmek ve depremzedelere destek olmak i\u00e7in geldiklerini belirten T\u00fcrkiye Ermenileri Patri\u011fi Sahak Ma\u015falyan da &#8220;Mersin depremde \u00e7ok i\u015flevsel bir rol oynad\u0131. Zaten depremzedelerin \u00e7o\u011fu Mersin&#8217;e geldi. Ortodokslar da \u00e7ok geldi&#8221; diyerek B\u00fcy\u00fck\u015fehir&#8217;in kentte ve deprem b\u00f6lgelerinde yapt\u0131\u011f\u0131 \u00e7al\u0131\u015fmalardan dolay\u0131 Ba\u015fkan Se\u00e7er&#8217;e te\u015fekk\u00fcrlerini iletti.<\/p>\n<p>M\u00fcrzyan: &#8220;B\u00f6yle g\u00fcnlerde herkes birbirine din, dil ay\u0131rmadan destek oluyor&#8221;<\/p>\n<p>Patrik Ma\u015falyan&#8217;\u0131n Yard\u0131mc\u0131s\u0131 Peder \u015eirvan M\u00fcrzyan ise deprem s\u00fcrecinde T\u00fcrkiye&#8217;nin b\u00fcy\u00fck bir yard\u0131mla\u015fma ve dayan\u0131\u015fma sergiledi\u011fini s\u00f6yleyerek, &#8220;B\u00f6yle g\u00fcnlerde herkes birbirine din, dil ay\u0131rmadan destek oluyor, insan oldu\u011fumuzu hissettik. \u00dclke vatanda\u015f\u0131 olmak ve birlikte ya\u015famak b\u00f6yle bir \u015fey. Bunu gerektiren bir \u015fey. Bu davran\u0131\u015flar\u0131ndan dolay\u0131 size \u00e7ok te\u015fekk\u00fcr ederiz&#8221; dedi.<\/p>\n","protected":false},"excerpt":{"rendered":"<p>Mersin B\u00fcy\u00fck\u015fehir Belediyesi Ba\u015fkan\u0131 Vahap Se\u00e7er, T\u00fcrkiye Ermenileri Patri\u011fi Sahak Ma\u015falyan, Anadolu Ermeni Cemaatleri G\u00f6zetmeni Peder Avedis Taba\u015fyan ve Patrik Ma\u015falyan&#8217;\u0131n yard\u0131mc\u0131s\u0131 Peder \u015eirvan M\u00fcrzyan&#8217;\u0131 makam\u0131nda a\u011f\u0131rlad\u0131. Ziyarette, deprem b\u00f6lgelerini &hellip; <a href=\"https:\/\/akdenizolaygazetesi.com\/?p=27202\" class=\"more-link\">Devam\u0131n\u0131 Oku&#8230;<\/a><\/p>\n","protected":false},"author":2,"featured_media":27203,"comment_status":"open","ping_status":"open","sticky":false,"template":"","format":"standard","meta":[],"categories":[2,3],"tags":[],"_links":{"self":[{"href":"https:\/\/akdenizolaygazetesi.com\/index.php?rest_route=\/wp\/v2\/posts\/27202"}],"collection":[{"href":"https:\/\/akdenizolaygazetesi.com\/index.php?rest_route=\/wp\/v2\/posts"}],"about":[{"href":"https:\/\/akdenizolaygazetesi.com\/index.php?rest_route=\/wp\/v2\/types\/post"}],"author":[{"embeddable":true,"href":"https:\/\/akdenizolaygazetesi.com\/index.php?rest_route=\/wp\/v2\/users\/2"}],"replies":[{"embeddable":true,"href":"https:\/\/akdenizolaygazetesi.com\/index.php?rest_route=%2Fwp%2Fv2%2Fcomments&post=27202"}],"version-history":[{"count":1,"href":"https:\/\/akdenizolaygazetesi.com\/index.php?rest_route=\/wp\/v2\/posts\/27202\/revisions"}],"predecessor-version":[{"id":27204,"href":"https:\/\/akdenizolaygazetesi.com\/index.php?rest_route=\/wp\/v2\/posts\/27202\/revisions\/27204"}],"wp:featuredmedia":[{"embeddable":true,"href":"https:\/\/akdenizolaygazetesi.com\/index.php?rest_route=\/wp\/v2\/media\/27203"}],"wp:attachment":[{"href":"https:\/\/akdenizolaygazetesi.com\/index.php?rest_route=%2Fwp%2Fv2%2Fmedia&parent=27202"}],"wp:term":[{"taxonomy":"category","embeddable":true,"href":"https:\/\/akdenizolaygazetesi.com\/index.php?rest_route=%2Fwp%2Fv2%2Fcategories&post=27202"},{"taxonomy":"post_tag","embeddable":true,"href":"https:\/\/akdenizolaygazetesi.com\/index.php?rest_route=%2Fwp%2Fv2%2Ftags&post=27202"}],"curies":[{"name":"wp","href":"https:\/\/api.w.org\/{rel}","templated":true}]}}