{"id":27242,"date":"2023-08-14T13:08:24","date_gmt":"2023-08-14T10:08:24","guid":{"rendered":"http:\/\/akdenizolaygazetesi.com\/?p=27242"},"modified":"2023-08-14T13:08:24","modified_gmt":"2023-08-14T10:08:24","slug":"mersin-buyuksehirden-yetiskin-ve-cocuk-atolyeleri","status":"publish","type":"post","link":"https:\/\/akdenizolaygazetesi.com\/?p=27242","title":{"rendered":"MERS\u0130N B\u00dcY\u00dcK\u015eEH\u0130R&#8217;DEN YET\u0130\u015eK\u0130N VE \u00c7OCUK AT\u00d6LYELER\u0130"},"content":{"rendered":"<p>Mersin B\u00fcy\u00fck\u015fehir Belediyesi&#8217;nin 4-5-6 A\u011fustos tarihlerinde Palm City AVM&#8217;de d\u00fczenledi\u011fi yeti\u015fkin ve \u00e7ocuk at\u00f6lyeleri, birbirinden farkl\u0131 etkinliklere ev sahipli\u011fi yaparak, kat\u0131l\u0131mc\u0131lar\u0131n dolu dolu bir hafta sonu ge\u00e7irmesini sa\u011flad\u0131. Kad\u0131n ve Aile Hizmetleri Dairesi Ba\u015fkanl\u0131\u011f\u0131, Sa\u011fl\u0131k Hizmetleri Dairesi Ba\u015fkanl\u0131\u011f\u0131, \u00c7evre Koruma ve Kontrol Dairesi Ba\u015fkanl\u0131\u011f\u0131, \u0130klim De\u011fi\u015fikli\u011fi ve S\u0131f\u0131r At\u0131k Dairesi Ba\u015fkanl\u0131\u011f\u0131, Tar\u0131msal Hizmetler Dairesi Ba\u015fkanl\u0131\u011f\u0131, Park Bah\u00e7eler Dairesi Ba\u015fkanl\u0131\u011f\u0131 ve MESK\u0130 taraf\u0131ndan, Palm City AVM etkinlik alan\u0131nda bir\u00e7ok at\u00f6lye ve etkinlik ger\u00e7ekle\u015ftirildi. Ayn\u0131 zamanda alanda yerini alan \u00fcretici kad\u0131nlar kurduklar\u0131 stantlarda, gelen misafirlere el eme\u011fi g\u00f6z nuru \u00fcr\u00fcnlerini sunma imkan\u0131 yakalad\u0131.<\/p>\n<p>S\u0131f\u0131r At\u0131k At\u00f6lyesi&#8217;nden Di\u015f Tarama At\u00f6lyesi&#8217;ne, \u00c7evre ve \u00c7ocuk At\u00f6lyesi&#8217;nden \u00c7i\u00e7ek Dikim At\u00f6lyesi&#8217;ne, Su Deneyi At\u00f6lyesi&#8217;nden E\u015fitlik At\u00f6lyesi&#8217;ne kadar bir\u00e7ok at\u00f6lye \u00e7al\u0131\u015fmas\u0131n\u0131n yap\u0131ld\u0131\u011f\u0131 alanda; yeti\u015fkinler i\u00e7in sa\u011fl\u0131k taramas\u0131, \u00e7ocuklara di\u015f macunu ve f\u0131r\u00e7as\u0131 da\u011f\u0131t\u0131m\u0131, \u00e7evre bilincini olu\u015fturan kitap ve s\u00fct da\u011f\u0131t\u0131m\u0131 gibi bir\u00e7ok etkinlik de ger\u00e7ekle\u015ftirildi. Daire Ba\u015fkanl\u0131klar\u0131n\u0131n ortak d\u00fczenledi\u011fi at\u00f6lye ve etkinliklere yo\u011fun ilgi g\u00f6steren yeti\u015fkinler ve \u00e7ocuklar, dolu dolu bir 3 g\u00fcn ge\u00e7irdi.<\/p>\n<p>Altun: &#8220;Vatanda\u015flar\u0131m\u0131z\u0131 ve \u00e7ocuklar\u0131m\u0131z\u0131 bilin\u00e7lendirmeye \u00e7al\u0131\u015f\u0131yoruz&#8221;<\/p>\n<p>B\u00fcy\u00fck\u015fehir Belediyesi \u0130klim De\u011fi\u015fikli\u011fi ve S\u0131f\u0131r At\u0131k Daire Ba\u015fkanl\u0131\u011f\u0131&#8217;nda g\u00f6rev alan \u00c7evre Y\u00fcksek M\u00fchendisi Zeki Altun, Daire Ba\u015fkanl\u0131\u011f\u0131 olarak yapt\u0131klar\u0131 etkinlik ve at\u00f6lyeler hakk\u0131nda bilgi vererek, &#8220;Gelen vatanda\u015flara ve \u00e7ocuklar\u0131m\u0131za; \u00f6ncelikle s\u0131f\u0131r at\u0131k yakla\u015f\u0131m\u0131n\u0131n ne demek oldu\u011fu, at\u0131klar\u0131n kayna\u011f\u0131nda ayr\u0131\u015ft\u0131r\u0131lmas\u0131n\u0131n \u00f6nemi, belli at\u0131klar\u0131n geri d\u00f6n\u00fc\u015f\u00fcm yoluyla ekonomiye tekrar kazand\u0131r\u0131lmas\u0131, kompost \u00fcretim \u00e7al\u0131\u015fmalar\u0131 ve kat\u0131 at\u0131k depolama sahalar\u0131ndan elde edilen elektrik enerjisi hakk\u0131nda bilgi veriyoruz&#8221; dedi.<\/p>\n<p>Cumhuriyetin 100. y\u0131l\u0131 olan 29 Ekim 2023 tarihinde a\u00e7\u0131lmas\u0131 planlanan \u0130klim ve \u00c7evre Bilim Merkezi&#8217;nin de \u00f6n tan\u0131t\u0131m\u0131n\u0131 yapt\u0131klar\u0131n\u0131 aktaran Altun, &#8220;Orada ger\u00e7ekle\u015fecek olan etkinlik ve d\u00fczeneklerin i\u00e7eriklerine y\u00f6nelik, Bilim Merkezi&#8217;mizde g\u00f6rev alacak \u00f6\u011fretmenlerimizle be\u015f farkl\u0131 deney d\u00fczene\u011fini canl\u0131 olarak deneyimliyoruz. Hem bilim merkezimizi ve daire ba\u015fkanl\u0131klar\u0131m\u0131z\u0131n faaliyetlerini tan\u0131t\u0131rken, hem de vatanda\u015flar\u0131m\u0131z\u0131 ve \u00e7ocuklar\u0131m\u0131z\u0131 bilin\u00e7lendiriyoruz&#8221; diye konu\u015ftu.<\/p>\n<p>Yazgan: &#8220;B\u00fcy\u00fck\u015fehir Belediyesi&#8217;nin etkinliklerine ev sahipli\u011fi yapmaktan mutluyuz&#8221;<\/p>\n<p>Mersin Palm City Al\u0131\u015fveri\u015f Merkezi Pazarlama Y\u00f6neticisi Can Yazgan ise, B\u00fcy\u00fck\u015fehir&#8217;in bir etkinli\u011fine daha ev sahipli\u011fi yapmaktan dolay\u0131 mutluluk duyduklar\u0131n\u0131 belirterek, &#8220;Bu hafta Mersin B\u00fcy\u00fck\u015fehir Belediyesi Daire Ba\u015fkanl\u0131klar\u0131n\u0131n etkinliklerine, Palm City Al\u0131\u015fveri\u015f Merkezi olarak ev sahipli\u011fi yapt\u0131k. Etkinlikler kapsam\u0131nda \u00e7ocuklar, bilim sanat at\u00f6lyeleriyle bulu\u015ftu. Bunun d\u0131\u015f\u0131nda Mersin B\u00fcy\u00fck\u015fehir Belediyesi&#8217;ne ba\u011fl\u0131 \u00fcretici kad\u0131n stantlar\u0131n\u0131 da \u00fc\u00e7 g\u00fcn boyunca a\u011f\u0131rlad\u0131k. Kad\u0131n elinden \u00fcretimi destekleyen bir al\u0131\u015fveri\u015f merkezi olarak, onlara da ev sahipli\u011fi yapt\u0131k&#8221; ifadelerini kulland\u0131.<\/p>\n<p>Yi\u011fit: &#8220;B\u00fcy\u00fck\u015fehir stantlar\u0131nda her \u015fey \u00e7ok g\u00fczel ge\u00e7iyor&#8221;<\/p>\n<p>B\u00f6yle bir organizasyonda yer almas\u0131n\u0131 sa\u011flad\u0131\u011f\u0131 i\u00e7in B\u00fcy\u00fck\u015fehir&#8217;e te\u015fekk\u00fcr eden \u00fcretici kad\u0131nlardan \u0130rem Yi\u011fit ise ailesinin deste\u011fi ile \u00fcretime devam etti\u011fini s\u00f6yledi. Anne-babas\u0131 ve e\u015finin yan\u0131 s\u0131ra di\u011fer aile fertlerinin de kendisine \u00e7ok yard\u0131mc\u0131 oldu\u011funu ifade eden Yi\u011fit, &#8220;Kurumsal hayat\u0131 b\u0131rakt\u0131ktan sonra evde \u00fcretim yaparak, aileme bir \u015feyler kazand\u0131rmaya \u00e7al\u0131\u015f\u0131yordum. Onunla beraber belediyenin bu tarz etkinliklerini duydu\u011fumda, gelir sa\u011flamak ad\u0131na, ailemin de deste\u011fiyle \u00fcretim yaparak stantlarda yer ald\u0131k ve \u00e7ok g\u00fczel ge\u00e7ti\u011fini s\u00f6yleyebilirim&#8221; dedi.<\/p>\n<p>Da\u011fl\u0131: &#8220;B\u00fcy\u00fck\u015fehir&#8217;in di\u011fer yerlerdeki etkinliklerine de kat\u0131l\u0131yoruz&#8221;<\/p>\n<p>Etkinlik alan\u0131nda ailesiyle birlikte e\u011flenceli bir hafta sonu ge\u00e7iren Umut Da\u011fl\u0131 ise, &#8220;\u00d6ncelikle b\u00f6yle bir etkinlik d\u00fczenledi\u011fi i\u00e7in B\u00fcy\u00fck\u015fehir Belediyesi&#8217;ne \u00e7ok te\u015fekk\u00fcr ederiz. Di\u011fer yerlerdeki t\u00fcm etkinliklere kat\u0131lmaya \u00e7al\u0131\u015f\u0131yorduk. T\u00fcm ailemizle beraber sergiyi gezdik. \u00dcretici kad\u0131nlardan al\u0131\u015fveri\u015f yapmam\u0131z\u0131 sa\u011flad\u0131lar&#8221; diye konu\u015ftu.<\/p>\n","protected":false},"excerpt":{"rendered":"<p>Mersin B\u00fcy\u00fck\u015fehir Belediyesi&#8217;nin 4-5-6 A\u011fustos tarihlerinde Palm City AVM&#8217;de d\u00fczenledi\u011fi yeti\u015fkin ve \u00e7ocuk at\u00f6lyeleri, birbirinden farkl\u0131 etkinliklere ev sahipli\u011fi yaparak, kat\u0131l\u0131mc\u0131lar\u0131n dolu dolu bir hafta sonu ge\u00e7irmesini sa\u011flad\u0131. Kad\u0131n ve &hellip; <a href=\"https:\/\/akdenizolaygazetesi.com\/?p=27242\" class=\"more-link\">Devam\u0131n\u0131 Oku&#8230;<\/a><\/p>\n","protected":false},"author":2,"featured_media":27243,"comment_status":"open","ping_status":"open","sticky":false,"template":"","format":"standard","meta":[],"categories":[1,3],"tags":[],"_links":{"self":[{"href":"https:\/\/akdenizolaygazetesi.com\/index.php?rest_route=\/wp\/v2\/posts\/27242"}],"collection":[{"href":"https:\/\/akdenizolaygazetesi.com\/index.php?rest_route=\/wp\/v2\/posts"}],"about":[{"href":"https:\/\/akdenizolaygazetesi.com\/index.php?rest_route=\/wp\/v2\/types\/post"}],"author":[{"embeddable":true,"href":"https:\/\/akdenizolaygazetesi.com\/index.php?rest_route=\/wp\/v2\/users\/2"}],"replies":[{"embeddable":true,"href":"https:\/\/akdenizolaygazetesi.com\/index.php?rest_route=%2Fwp%2Fv2%2Fcomments&post=27242"}],"version-history":[{"count":1,"href":"https:\/\/akdenizolaygazetesi.com\/index.php?rest_route=\/wp\/v2\/posts\/27242\/revisions"}],"predecessor-version":[{"id":27244,"href":"https:\/\/akdenizolaygazetesi.com\/index.php?rest_route=\/wp\/v2\/posts\/27242\/revisions\/27244"}],"wp:featuredmedia":[{"embeddable":true,"href":"https:\/\/akdenizolaygazetesi.com\/index.php?rest_route=\/wp\/v2\/media\/27243"}],"wp:attachment":[{"href":"https:\/\/akdenizolaygazetesi.com\/index.php?rest_route=%2Fwp%2Fv2%2Fmedia&parent=27242"}],"wp:term":[{"taxonomy":"category","embeddable":true,"href":"https:\/\/akdenizolaygazetesi.com\/index.php?rest_route=%2Fwp%2Fv2%2Fcategories&post=27242"},{"taxonomy":"post_tag","embeddable":true,"href":"https:\/\/akdenizolaygazetesi.com\/index.php?rest_route=%2Fwp%2Fv2%2Ftags&post=27242"}],"curies":[{"name":"wp","href":"https:\/\/api.w.org\/{rel}","templated":true}]}}