{"id":27245,"date":"2023-08-14T13:10:11","date_gmt":"2023-08-14T10:10:11","guid":{"rendered":"http:\/\/akdenizolaygazetesi.com\/?p=27245"},"modified":"2023-08-14T13:10:11","modified_gmt":"2023-08-14T10:10:11","slug":"akdeniz-belediyesinden-vuslatinin-750nci-yildonumunde-mevlanayi-anma-etkinligi","status":"publish","type":"post","link":"https:\/\/akdenizolaygazetesi.com\/?p=27245","title":{"rendered":"AKDEN\u0130Z BELED\u0130YES\u0130\u2019NDEN  VUSLATININ 750\u2019NC\u0130 YILD\u00d6N\u00dcM\u00dcNDE MEVLANA\u2019YI ANMA ETK\u0130NL\u0130\u011e\u0130"},"content":{"rendered":"<p>Akdeniz Belediyesi\u2019nin, B\u00fcy\u00fck \u0130slam \u00c2limi Hz. Mevlana Celaleddin-i Rumi\u2019nin 750\u2019nci Vuslat Y\u0131ld\u00f6n\u00fcm\u00fc dolay\u0131s\u0131yla organize etti\u011fi anma etkinli\u011fi ve sema g\u00f6sterisi b\u00fcy\u00fck ilgi \u00e7ekti. Konya B\u00fcy\u00fck\u015fehir Belediyesi Sema Ekibinin de T\u00fcrk Tasavvuf Musikisinden se\u00e7kiler ile Sema \u00c2yini \u015eerifini icra etti\u011fi g\u00f6steriyi y\u00fczlerce vatanda\u015f b\u00fcy\u00fck ilgi, heyecan ve be\u011feniyle izledi.<br \/>\nVefat\u0131n\u0131n 750\u2019inci y\u0131ld\u00f6n\u00fcm\u00fc dolay\u0131s\u0131yla Mersin Millet Bah\u00e7esi eski stadyum etab\u0131nda ger\u00e7ekle\u015fen \u201cHz. Mevlana\u2019y\u0131 Anma ve Sema G\u00f6sterisine\u201d, Akdeniz Belediye Ba\u015fkan\u0131 M. Mustafa G\u00fcltak, Ba\u015fkan Yard\u0131mc\u0131lar\u0131, meclis \u00fcyeleri ve birim m\u00fcd\u00fcrleri ile birlikte her ya\u015ftan vatanda\u015f kat\u0131ld\u0131. Bulu\u015fmada s\u00f6z alan Ba\u015fkan G\u00fcltak; Cumhurba\u015fkan\u0131 Recep Tayyip Erdo\u011fan taraf\u0131ndan 2023 y\u0131l\u0131n\u0131n Mevlana Y\u0131l\u0131 olarak ilan edildi\u011fini hat\u0131rlatarak; \u201cKonya B\u00fcy\u00fck\u015fehir Belediye Ba\u015fkan\u0131m\u0131z Say\u0131n U\u011fur \u0130brahim Altay ile g\u00f6r\u00fc\u015ft\u00fck. Konya, maddi veya manevi hizmetlerini eksik etmeyen bir belediyemizdir. Bizleri k\u0131rmad\u0131lar. Ekipleriyle birlikte, vuslat g\u00fcn\u00fc bu y\u0131la yay\u0131ld\u0131\u011f\u0131ndan, farkl\u0131 illerde programlar yap\u0131l\u0131yor. Sema ekibi bug\u00fcn de bizleri \u015fereflendirdi\u201d dedi.<br \/>\n\u201cVatanda\u015f\u0131m\u0131z\u0131n her zaman yan\u0131nda olaca\u011f\u0131z, taleplerini yerine getirece\u011fiz\u201d<br \/>\nKonu\u015fmas\u0131n\u0131; \u201cT\u00fcm insanl\u0131\u011f\u0131n; Hz. Mevlana gibi ulu zatlar\u0131n, Peygamberimiz Hz. Muhammed\u2019in ve kitab\u0131m\u0131z olan Kuran\u2019\u0131n, karde\u015flik ve bar\u0131\u015f felsefesini anlamas\u0131n\u0131 y\u00fcce Allah\u2019tan temenni ediyorum\u201d \u015feklinde s\u00fcrd\u00fcren Ba\u015fkan G\u00fcltak; \u201cBizler de g\u00f6reve geldi\u011fimiz ilk g\u00fcnden bu yana b\u00f6lgemizde ya\u015fayan farkl\u0131 din ve mezhep gruplar\u0131na mensup vatanda\u015flar\u0131m\u0131z\u0131n aras\u0131nda hi\u00e7bir ay\u0131r\u0131mc\u0131l\u0131k yapmad\u0131k, herkese e\u015fit davrand\u0131k. \u00d6zellikle kad\u0131nlar ve gen\u00e7lere y\u00f6nelik projeler ger\u00e7ekle\u015ftirdik. Gen\u00e7lerimiz i\u00e7in ilk kez et\u00fct merkezi ve ders \u00e7al\u0131\u015facaklar\u0131 k\u00fct\u00fcphaneler a\u00e7t\u0131k. Kad\u0131nlar\u0131 farkl\u0131 \u015fehirlere k\u00fclt\u00fcr, tarih ve do\u011fa gezilerine g\u00f6t\u00fcr\u00fcyoruz. K\u00fclt\u00fcr evlerimizi kad\u0131nlar\u0131n hizmetine sunduk. Sizler bizim yan\u0131m\u0131zda oldu\u011funuz s\u00fcrece, bizler de her zaman sizlerin yan\u0131nday\u0131z. Bu g\u00fczel bulu\u015fmay\u0131 organize eden b\u00fcrokratlar\u0131m\u0131za, Konya\u2019dan gelen misafirlerimize ve Konya B\u00fcy\u00fck\u015fehir Belediye Ba\u015fkan\u0131m\u0131za \u00e7ok te\u015fekk\u00fcr ediyorum\u201d ifadelerini kulland\u0131. Sema g\u00f6sterisinin sonunda Ba\u015fkan G\u00fcltak\u2019a semazen kavu\u011fu hediye edildi.<br \/>\nVuslat\u0131n\u0131n 750\u2019inci y\u0131ld\u00f6n\u00fcm\u00fcnde Hz. Mevlana\u2019y\u0131 anma etkinli\u011fine kat\u0131lan her ya\u015ftan vatanda\u015f da sema ayinini ilk kez izleyecek olmaktan dolay\u0131 mutlu ve heyecanl\u0131 olduklar\u0131n\u0131 dile getirerek, bu \u00f6zel program\u0131 d\u00fczenleyen Akdeniz Belediyesi\u2019ne te\u015fekk\u00fcr etti. <\/p>\n","protected":false},"excerpt":{"rendered":"<p>Akdeniz Belediyesi\u2019nin, B\u00fcy\u00fck \u0130slam \u00c2limi Hz. Mevlana Celaleddin-i Rumi\u2019nin 750\u2019nci Vuslat Y\u0131ld\u00f6n\u00fcm\u00fc dolay\u0131s\u0131yla organize etti\u011fi anma etkinli\u011fi ve sema g\u00f6sterisi b\u00fcy\u00fck ilgi \u00e7ekti. Konya B\u00fcy\u00fck\u015fehir Belediyesi Sema Ekibinin de T\u00fcrk &hellip; <a href=\"https:\/\/akdenizolaygazetesi.com\/?p=27245\" class=\"more-link\">Devam\u0131n\u0131 Oku&#8230;<\/a><\/p>\n","protected":false},"author":2,"featured_media":27246,"comment_status":"open","ping_status":"open","sticky":false,"template":"","format":"standard","meta":[],"categories":[2,3],"tags":[],"_links":{"self":[{"href":"https:\/\/akdenizolaygazetesi.com\/index.php?rest_route=\/wp\/v2\/posts\/27245"}],"collection":[{"href":"https:\/\/akdenizolaygazetesi.com\/index.php?rest_route=\/wp\/v2\/posts"}],"about":[{"href":"https:\/\/akdenizolaygazetesi.com\/index.php?rest_route=\/wp\/v2\/types\/post"}],"author":[{"embeddable":true,"href":"https:\/\/akdenizolaygazetesi.com\/index.php?rest_route=\/wp\/v2\/users\/2"}],"replies":[{"embeddable":true,"href":"https:\/\/akdenizolaygazetesi.com\/index.php?rest_route=%2Fwp%2Fv2%2Fcomments&post=27245"}],"version-history":[{"count":1,"href":"https:\/\/akdenizolaygazetesi.com\/index.php?rest_route=\/wp\/v2\/posts\/27245\/revisions"}],"predecessor-version":[{"id":27247,"href":"https:\/\/akdenizolaygazetesi.com\/index.php?rest_route=\/wp\/v2\/posts\/27245\/revisions\/27247"}],"wp:featuredmedia":[{"embeddable":true,"href":"https:\/\/akdenizolaygazetesi.com\/index.php?rest_route=\/wp\/v2\/media\/27246"}],"wp:attachment":[{"href":"https:\/\/akdenizolaygazetesi.com\/index.php?rest_route=%2Fwp%2Fv2%2Fmedia&parent=27245"}],"wp:term":[{"taxonomy":"category","embeddable":true,"href":"https:\/\/akdenizolaygazetesi.com\/index.php?rest_route=%2Fwp%2Fv2%2Fcategories&post=27245"},{"taxonomy":"post_tag","embeddable":true,"href":"https:\/\/akdenizolaygazetesi.com\/index.php?rest_route=%2Fwp%2Fv2%2Ftags&post=27245"}],"curies":[{"name":"wp","href":"https:\/\/api.w.org\/{rel}","templated":true}]}}