{"id":27251,"date":"2023-08-15T13:05:31","date_gmt":"2023-08-15T10:05:31","guid":{"rendered":"http:\/\/akdenizolaygazetesi.com\/?p=27251"},"modified":"2023-08-15T13:05:31","modified_gmt":"2023-08-15T10:05:31","slug":"toroslar-ve-camliyayla-kulturel-miras-igne-oyasina-sahip-cikiyor","status":"publish","type":"post","link":"https:\/\/akdenizolaygazetesi.com\/?p=27251","title":{"rendered":"TOROSLAR VE \u00c7AMLIYAYLA, K\u00dcLT\u00dcREL M\u0130RAS \u0130\u011eNE OYASINA SAH\u0130P \u00c7IKIYOR"},"content":{"rendered":"<p>Sanat\u0131n her dal\u0131na ev sahipli\u011fi yapan Toroslar Belediyesinin, \u00c7aml\u0131yayla Belediyesi ile birlikte d\u00fczenledi\u011fi 7. Geleneksel \u00c7aml\u0131yayla \u0130\u011fne Oyas\u0131 Festivali&#8217;nde, i\u011fne oyalar\u0131 ve el sanatlar\u0131 g\u00f6r\u00fcc\u00fcye \u00e7\u0131kt\u0131.<\/p>\n<p>Anadolu kad\u0131n\u0131n\u0131n e\u015farb\u0131n\u0131, boh\u00e7as\u0131n\u0131, \u00e7ar\u015faf ve havlu kenar\u0131n\u0131 s\u00fcsleyen i\u011fne oyalar\u0131, bug\u00fcn tak\u0131 tasar\u0131mlar\u0131na ve k\u0131yafetlere de ayr\u0131 bir renk katmas\u0131yla d\u00fcnyan\u0131n ilgisini \u00e7ekiyor. Mersin&#8217;in merkez il\u00e7esi Toroslar Belediyesi ile \u00c7aml\u0131yayla Belediyesi de Mersin&#8217;in bu k\u00fclt\u00fcrel miras\u0131 olan i\u011fne oyalar\u0131n\u0131, Geleneksel \u0130\u011fne Oyas\u0131 Festivali ile d\u00fcnyaya tan\u0131t\u0131yor.<\/p>\n<p>\u00c7aml\u0131yayla \u0130l\u00e7esinin Zevzek Tepesi&#8217;nde ba\u015flayan ve Toroslar \u0130l\u00e7esi&#8217;nin Ayvagedi\u011fi Mahallesi&#8217;nde sona eren festival; T\u00fcrk kad\u0131n\u0131n zerafetini, \u00fcretkenli\u011fini ve ba\u015far\u0131s\u0131n\u0131 da ortaya koydu. Sergiler, defile, konserler ve etkinliklerle ta\u00e7lanan ve iki g\u00fcn s\u00fcren festival, 7&#8217;den 70&#8217;e yo\u011fun ilgi g\u00f6rd\u00fc.<\/p>\n<p>Toroslar Belediye Ba\u015fkan\u0131 Ats\u0131z Af\u015f\u0131n Y\u0131lmaz, \u00c7aml\u0131yayla Belediyesinin geleneksel hale getirdi\u011fi festivale Toroslar Belediyesi olarak 2&#8217;nci kez destek vermenin mutlulu\u011funu ya\u015fad\u0131klar\u0131n\u0131 s\u00f6yledi.<\/p>\n<p>TRT T\u00fcrk Halk M\u00fczi\u011fi Sanat\u00e7\u0131s\u0131 Selma Ge\u00e7er ile Mersinli Halk M\u00fczi\u011fi sanat\u00e7\u0131s\u0131 G\u00fcrhan \u00d6t\u00fcn&#8217;\u00fcn konserleriyle co\u015fkuya d\u00f6n\u00fc\u015fen festivalde milli duygular da doruklara \u00e7\u0131kt\u0131.<\/p>\n<p>Programa;  MHP Mersin \u0130l Ba\u015fkan\u0131 Serdar Soydan, \u00dclk\u00fc Ocaklar\u0131 Mersin \u0130l Ba\u015fkan\u0131 Emre Celal G\u00fcl, Cumhur \u0130ttifak\u0131 \u0130l\u00e7e Te\u015fkilat Ba\u015fkanlar\u0131, Belediye Meclis \u00dcyeleri, Sivil Toplum Kurulu\u015flar\u0131n\u0131n Temsilcileri, Mahalle Muhtarlar\u0131 ve \u00e7ok say\u0131da vatanda\u015f kat\u0131ld\u0131.<\/p>\n<p>Ba\u015fkan Y\u0131lmaz, \u00c7aml\u0131yayla Belediye Ba\u015fkan\u0131 \u0130smail Tepeba\u011fl\u0131 ve protokol \u00fcyeleri ile birlikte sergilenen \u00fcr\u00fcnleri gezerek, el emekleri ile aile b\u00fct\u00e7elerine katk\u0131da bulunan t\u00fcm kad\u0131nlar\u0131 tebrik etti. Ba\u015fkan Y\u0131lmaz, hem\u015fehrileriyle de sohbet ederek, programa kat\u0131l\u0131mlar\u0131ndan dolay\u0131 te\u015fekk\u00fcr etti.<\/p>\n<p>BA\u015eKAN YILMAZ; &#8220;EL ELE, G\u00d6N\u00dcL G\u00d6N\u00dcLE DAHA G\u00dc\u00c7L\u00dc VE G\u00dcZEL G\u00dcNLERE ULA\u015eACA\u011eIZ&#8221;<\/p>\n<p>Toroslar Belediyesi Halk Oyunlar\u0131 Ekibinin g\u00f6sterileriyle devam eden programda t\u00fcm hem\u015fehrilerine seslenen Ba\u015fkan Y\u0131lmaz, birlik ve beraberli\u011fe vurgu yapt\u0131.<\/p>\n<p>&#8220;Bu g\u00fczelli\u011fi Toroslar\u0131m\u0131zda da ya\u015fatmak istedik&#8221; diyen Ba\u015fkan Y\u0131lmaz; &#8220;\u00c7aml\u0131yayla Belediyemiz ile birlikte \u0130\u011fne Oyas\u0131 Festivalimizin ikincisini d\u00fczenliyoruz. \u00c7aml\u0131yayla Belediyemiz bu festivali 7 y\u0131ld\u0131r ger\u00e7ekle\u015ftiriyor. Toroslar Belediyesi Teknik ve Mesleki E\u011fitim Kurslar\u0131m\u0131zda 16 merkezimizde ve 49 bran\u015fta e\u011fitim veriyoruz. Bu kurslar\u0131m\u0131zdan bir tanesi de i\u011fne oyas\u0131 kursumuzdur. Bu kurslar\u0131m\u0131zda han\u0131mefendiler, yeni bir el sanat\u0131 yapmay\u0131 \u00f6\u011freniyorlar. \u00dcretiyorlar, sat\u0131\u015f yap\u0131yorlar ve aile ekonomilerine katk\u0131da bulunuyorlar. Binlerce y\u0131l \u00f6teden gelen Atalar\u0131m\u0131z\u0131n, b\u00fcy\u00fcklerimizin, kad\u0131nlar\u0131m\u0131z\u0131n, gen\u00e7 k\u0131zlar\u0131m\u0131z\u0131n duygular\u0131n\u0131, d\u00fc\u015f\u00fcncelerini, isteklerini, dileklerini i\u015fledikleri ve motiflerle ortaya koyduklar\u0131 i\u011fne oyas\u0131 sanat\u0131n\u0131 tan\u0131tmak, te\u015fvik etmek ve bunu ya\u015fatmak istedik. Eme\u011fi ge\u00e7en Say\u0131n Valimize, Kaymakam\u0131m\u0131za, \u00c7aml\u0131yayla Belediye Ba\u015fkan\u0131m\u0131za, TORTEK e\u011fitmenlerimize, \u00fcreten, \u00fcretti\u011fini satan ve aile ekonomisine katk\u0131da bulunan k\u0131ymetli han\u0131mefendilere te\u015fekk\u00fcr ediyorum. Bir olaca\u011f\u0131z, iri olaca\u011f\u0131z ve diri olaca\u011f\u0131z. \u00dclkemizin, milletimizin, devletimizin tarihi bir m\u00fccadele verdi\u011fi bug\u00fcnlerde ayr\u0131\u015fman\u0131n de\u011fil birle\u015fmenin, birbirimizi sevmenin, sayman\u0131n yolunu bulaca\u011f\u0131z. Birbirimize sar\u0131laca\u011f\u0131z, kucakla\u015faca\u011f\u0131z, el ele g\u00f6n\u00fcl g\u00f6n\u00fcle daha g\u00fc\u00e7l\u00fc ve g\u00fczel g\u00fcnlere ula\u015faca\u011f\u0131z in\u015fallah&#8221; diye konu\u015ftu.<\/p>\n<p>BA\u015eKAN TEPEBA\u011eLI; &#8220;\u0130\u011eNE OYALARI, KADINLARIMIZIN S\u00d6YLENEMEYEN S\u00d6Z\u00dcD\u00dcR&#8221;<\/p>\n<p>\u00c7aml\u0131yayla Belediye Ba\u015fkan\u0131 \u0130smail Tepeba\u011fl\u0131 ise unutulmaya y\u00fcz tutmu\u015f k\u00fclt\u00fcrel varl\u0131klar\u0131m\u0131zdan olan i\u011fne oyalar\u0131na bu festival ile daha da ilgi duyuldu\u011funa dikkat \u00e7ekerek, desteklerinden dolay\u0131 Toroslar Belediye Ba\u015fkan\u0131 Ats\u0131z Af\u015f\u0131n Y\u0131lmaz&#8217;a ve \u00e7al\u0131\u015fma arkada\u015flar\u0131na te\u015fekk\u00fcr etti.<\/p>\n<p>Ba\u015fkan Tepeba\u011fl\u0131; &#8220;\u00c7aml\u0131yaylal\u0131 kad\u0131nlar\u0131m\u0131z, evlerinin ge\u00e7imine katk\u0131 sa\u011flamak i\u00e7in i\u011fne oyas\u0131 yaparlar. Ve bu i\u011fne oyas\u0131n\u0131 yazmalara, k\u0131yafetlere i\u015flerler. \u00c7aml\u0131yayla&#8217;n\u0131n birbirinden g\u00fczel do\u011fas\u0131n\u0131n ve k\u00fclt\u00fcrel motiflerinin i\u015flendi\u011f i\u011fne oyas\u0131, kad\u0131nlar\u0131m\u0131z\u0131n s\u00f6ylenemeyen s\u00f6z\u00fcd\u00fcr. Bazen bir sevin\u00e7 g\u00f6stergesi, bazen de bir sitem ifadesidir. \u0130\u011fne oyas\u0131n\u0131, kad\u0131nlar\u0131m\u0131z\u0131n g\u00fcnl\u00fck hayatta ortaya koydu\u011fu bir sanat eseri olarak de\u011ferlendiriyoruz. Bir i\u011fne oyas\u0131n\u0131n kopyas\u0131 yok. Bu \u00f6zel bir yap\u0131md\u0131r ve ayn\u0131 \u015fartlarda ayn\u0131 diki\u015flerle yap\u0131lm\u0131\u015f bir i\u011fne oyas\u0131 yoktur. Bu sanat eserine gereken hassasiyetin g\u00f6sterilmesini bekliyoruz&#8221; \u015feklinde konu\u015ftu.<\/p>\n<p>Ba\u015fkan Y\u0131lmaz daha sonra \u00c7aml\u0131yayla Belediye Ba\u015fkan\u0131 \u0130smail Tepeba\u011fl\u0131&#8217;ya TORTEK Merkezi&#8217;nde \u00fcretilen dokuma kilim hediye etti.<\/p>\n<p>Program, Mersinli Halk M\u00fczi\u011fi sanat\u00e7\u0131s\u0131 G\u00fcrhan \u00d6t\u00fcn ve TRT T\u00fcrk Halk M\u00fczi\u011fi Sanat\u00e7\u0131s\u0131 Selma Ge\u00e7er&#8217;in sahne ald\u0131\u011f\u0131 konserlerle sona erdi.<\/p>\n","protected":false},"excerpt":{"rendered":"<p>Sanat\u0131n her dal\u0131na ev sahipli\u011fi yapan Toroslar Belediyesinin, \u00c7aml\u0131yayla Belediyesi ile birlikte d\u00fczenledi\u011fi 7. Geleneksel \u00c7aml\u0131yayla \u0130\u011fne Oyas\u0131 Festivali&#8217;nde, i\u011fne oyalar\u0131 ve el sanatlar\u0131 g\u00f6r\u00fcc\u00fcye \u00e7\u0131kt\u0131. Anadolu kad\u0131n\u0131n\u0131n e\u015farb\u0131n\u0131, boh\u00e7as\u0131n\u0131, &hellip; <a href=\"https:\/\/akdenizolaygazetesi.com\/?p=27251\" class=\"more-link\">Devam\u0131n\u0131 Oku&#8230;<\/a><\/p>\n","protected":false},"author":2,"featured_media":27252,"comment_status":"open","ping_status":"open","sticky":false,"template":"","format":"standard","meta":[],"categories":[2,3],"tags":[],"_links":{"self":[{"href":"https:\/\/akdenizolaygazetesi.com\/index.php?rest_route=\/wp\/v2\/posts\/27251"}],"collection":[{"href":"https:\/\/akdenizolaygazetesi.com\/index.php?rest_route=\/wp\/v2\/posts"}],"about":[{"href":"https:\/\/akdenizolaygazetesi.com\/index.php?rest_route=\/wp\/v2\/types\/post"}],"author":[{"embeddable":true,"href":"https:\/\/akdenizolaygazetesi.com\/index.php?rest_route=\/wp\/v2\/users\/2"}],"replies":[{"embeddable":true,"href":"https:\/\/akdenizolaygazetesi.com\/index.php?rest_route=%2Fwp%2Fv2%2Fcomments&post=27251"}],"version-history":[{"count":1,"href":"https:\/\/akdenizolaygazetesi.com\/index.php?rest_route=\/wp\/v2\/posts\/27251\/revisions"}],"predecessor-version":[{"id":27253,"href":"https:\/\/akdenizolaygazetesi.com\/index.php?rest_route=\/wp\/v2\/posts\/27251\/revisions\/27253"}],"wp:featuredmedia":[{"embeddable":true,"href":"https:\/\/akdenizolaygazetesi.com\/index.php?rest_route=\/wp\/v2\/media\/27252"}],"wp:attachment":[{"href":"https:\/\/akdenizolaygazetesi.com\/index.php?rest_route=%2Fwp%2Fv2%2Fmedia&parent=27251"}],"wp:term":[{"taxonomy":"category","embeddable":true,"href":"https:\/\/akdenizolaygazetesi.com\/index.php?rest_route=%2Fwp%2Fv2%2Fcategories&post=27251"},{"taxonomy":"post_tag","embeddable":true,"href":"https:\/\/akdenizolaygazetesi.com\/index.php?rest_route=%2Fwp%2Fv2%2Ftags&post=27251"}],"curies":[{"name":"wp","href":"https:\/\/api.w.org\/{rel}","templated":true}]}}