{"id":27284,"date":"2023-08-16T13:01:55","date_gmt":"2023-08-16T10:01:55","guid":{"rendered":"http:\/\/akdenizolaygazetesi.com\/?p=27284"},"modified":"2023-08-16T13:01:55","modified_gmt":"2023-08-16T10:01:55","slug":"2023-2024-egitim-ogretim-yili-orgun-ve-yaygin-egitim-kurumlari-calisma-takvimi-toplantisi-gerceklestirildi","status":"publish","type":"post","link":"https:\/\/akdenizolaygazetesi.com\/?p=27284","title":{"rendered":"2023-2024 E\u011fitim \u00d6\u011fretim Y\u0131l\u0131 \u00d6rg\u00fcn ve Yayg\u0131n E\u011fitim Kurumlar\u0131 \u00c7al\u0131\u015fma Takvimi toplant\u0131s\u0131 ger\u00e7ekle\u015ftirildi"},"content":{"rendered":"<p>    E\u011fitim \u00d6\u011fretim y\u0131l\u0131 boyunca yap\u0131lacak \u00e7al\u0131\u015fmalar\u0131n de\u011ferlendirildi\u011fi toplant\u0131da Say\u0131n Adem KOCA, &#8220;\u0130limizde bug\u00fcnk\u00fc verilere g\u00f6re 1.394 okulumuzla, 16.171 dersli\u011fimizle, 29.076 \u00f6\u011fretmenimiz ve 329.884 \u00f6\u011frencimizle yeni bir e\u011fitim \u00f6\u011fretim y\u0131l\u0131na ba\u015fl\u0131yoruz. \u0130limiz genelinde t\u00fcm il\u00e7elerimizde haz\u0131rl\u0131klar\u0131m\u0131z planlar\u0131m\u0131za uygun \u015fekilde ilerliyor. Okul in\u015faatlar\u0131m\u0131z, bak\u0131m ve onar\u0131m \u00e7al\u0131\u015fmalar\u0131m\u0131z, Bakanl\u0131\u011f\u0131m\u0131z\u0131n da\u011f\u0131tt\u0131\u011f\u0131 kaynak ve ders kitaplar\u0131n\u0131n depolanmas\u0131 ve okullar\u0131m\u0131za da\u011f\u0131t\u0131m\u0131 ile ilgili i\u015f ve i\u015flemler takvimimize uygun \u015fekilde y\u00fcr\u00fct\u00fcl\u00fcyor. Bundan sonra da Mersin&#8217;de b\u00fcy\u00fck bir aile olarak \u00e7al\u0131\u015fmalar\u0131m\u0131z\u0131 Milli E\u011fitim Bakanl\u0131\u011f\u0131m\u0131z\u0131n y\u00f6nergelerine ve \u00e7al\u0131\u015fma takvimine uygun olarak i\u015f birli\u011fi i\u00e7inde y\u00fcr\u00fctmeye devam edece\u011fiz. Biz birlik oldu\u011fumuz s\u00fcrece ilimizde e\u011fitimle ilgili \u00e7\u00f6zemeyece\u011fimiz bir sorun olamaz. Hepimizin burada varl\u0131k sebebi \u00f6\u011frencilerimizin en iyi, en nitelikli e\u011fitimi almalar\u0131 ve gelece\u011fe emin ad\u0131mlarla y\u00fcr\u00fcyerek vatan\u0131m\u0131za, milletimize hay\u0131rl\u0131 evlatlar olarak yeti\u015fmeleridir. Bu bilin\u00e7le ve gayretle \u00e7al\u0131\u015fan t\u00fcm meslekta\u015flar\u0131ma te\u015fekk\u00fcr ediyor, yeni e\u011fitim \u00f6\u011fretim y\u0131l\u0131n\u0131n milletimize, e\u011fitim camiam\u0131za hay\u0131rl\u0131 u\u011furlu olmas\u0131n\u0131 temenni ediyorum.&#8221; dedi.<\/p>\n","protected":false},"excerpt":{"rendered":"<p>E\u011fitim \u00d6\u011fretim y\u0131l\u0131 boyunca yap\u0131lacak \u00e7al\u0131\u015fmalar\u0131n de\u011ferlendirildi\u011fi toplant\u0131da Say\u0131n Adem KOCA, &#8220;\u0130limizde bug\u00fcnk\u00fc verilere g\u00f6re 1.394 okulumuzla, 16.171 dersli\u011fimizle, 29.076 \u00f6\u011fretmenimiz ve 329.884 \u00f6\u011frencimizle yeni bir e\u011fitim \u00f6\u011fretim y\u0131l\u0131na ba\u015fl\u0131yoruz. &hellip; <a href=\"https:\/\/akdenizolaygazetesi.com\/?p=27284\" class=\"more-link\">Devam\u0131n\u0131 Oku&#8230;<\/a><\/p>\n","protected":false},"author":2,"featured_media":27285,"comment_status":"open","ping_status":"open","sticky":false,"template":"","format":"standard","meta":[],"categories":[3],"tags":[],"_links":{"self":[{"href":"https:\/\/akdenizolaygazetesi.com\/index.php?rest_route=\/wp\/v2\/posts\/27284"}],"collection":[{"href":"https:\/\/akdenizolaygazetesi.com\/index.php?rest_route=\/wp\/v2\/posts"}],"about":[{"href":"https:\/\/akdenizolaygazetesi.com\/index.php?rest_route=\/wp\/v2\/types\/post"}],"author":[{"embeddable":true,"href":"https:\/\/akdenizolaygazetesi.com\/index.php?rest_route=\/wp\/v2\/users\/2"}],"replies":[{"embeddable":true,"href":"https:\/\/akdenizolaygazetesi.com\/index.php?rest_route=%2Fwp%2Fv2%2Fcomments&post=27284"}],"version-history":[{"count":1,"href":"https:\/\/akdenizolaygazetesi.com\/index.php?rest_route=\/wp\/v2\/posts\/27284\/revisions"}],"predecessor-version":[{"id":27286,"href":"https:\/\/akdenizolaygazetesi.com\/index.php?rest_route=\/wp\/v2\/posts\/27284\/revisions\/27286"}],"wp:featuredmedia":[{"embeddable":true,"href":"https:\/\/akdenizolaygazetesi.com\/index.php?rest_route=\/wp\/v2\/media\/27285"}],"wp:attachment":[{"href":"https:\/\/akdenizolaygazetesi.com\/index.php?rest_route=%2Fwp%2Fv2%2Fmedia&parent=27284"}],"wp:term":[{"taxonomy":"category","embeddable":true,"href":"https:\/\/akdenizolaygazetesi.com\/index.php?rest_route=%2Fwp%2Fv2%2Fcategories&post=27284"},{"taxonomy":"post_tag","embeddable":true,"href":"https:\/\/akdenizolaygazetesi.com\/index.php?rest_route=%2Fwp%2Fv2%2Ftags&post=27284"}],"curies":[{"name":"wp","href":"https:\/\/api.w.org\/{rel}","templated":true}]}}