{"id":27287,"date":"2023-08-16T13:04:01","date_gmt":"2023-08-16T10:04:01","guid":{"rendered":"http:\/\/akdenizolaygazetesi.com\/?p=27287"},"modified":"2023-08-16T13:04:01","modified_gmt":"2023-08-16T10:04:01","slug":"milletvekili-ozkan-mersin-amator-spor-kulupleri-federasyonunu-ziyaret-etti","status":"publish","type":"post","link":"https:\/\/akdenizolaygazetesi.com\/?p=27287","title":{"rendered":"Milletvekili \u00d6zkan, Mersin Amat\u00f6r Spor K\u00fcl\u00fcpleri Federasyonu&#8217;nu Ziyaret etti"},"content":{"rendered":"<p>Mersin&#8217;in spor ve amat\u00f6r spor kul\u00fcpleri alan\u0131nda \u00f6nemli isimlerinden biri olan 26. ve 27. D\u00f6nem Mersin Milletvekili Hac\u0131 \u00d6zkan, Mersin Amat\u00f6r Spor K\u00fcl\u00fcpleri Federasyonu&#8217;na anlaml\u0131 bir ziyaret ger\u00e7ekle\u015ftirdi..<br \/>\nMilletvekili Hac\u0131 \u00d6zkan, 26. ve 27. D\u00f6nemlerde Mersin&#8217;i temsil etmi\u015f, ayn\u0131 zamanda Mersin Amat\u00f6r Spor K\u00fcl\u00fcpleri Federasyonu&#8217;nda Ba\u015fkan Vekilli\u011fi g\u00f6revini \u00fcstlenmi\u015f bir isim olarak spor camias\u0131nda \u00f6nemli bir yer edinmi\u015fti.<br \/>\nBu deneyimi ve katk\u0131lar\u0131yla dikkat \u00e7eken \u00d6zkan, Mersin Amat\u00f6r Spor K\u00fcl\u00fcpleri Federasyonu Ba\u015fkan\u0131 Mithat Erta\u015f ve y\u00f6netimi ile bir araya geldi.<br \/>\nZiyaret s\u0131ras\u0131nda yap\u0131lan g\u00f6r\u00fc\u015fmede Hac\u0131 \u00d6zkan, Mersin sporunun geli\u015fimi ve desteklenmesi i\u00e7in elinden geleni yapmaya kararl\u0131 oldu\u011funu belirtti. Kent i\u00e7in yararl\u0131 projelerin hayata ge\u00e7irilmesi ad\u0131na gereken \u00e7abay\u0131 g\u00f6sterece\u011fi s\u00f6z\u00fcn\u00fc veren \u00d6zkan, sporun ve sporcular\u0131n yan\u0131nda olmay\u0131 hedefledi\u011fini vurgulad\u0131.<br \/>\nMersin Amat\u00f6r Spor K\u00fcl\u00fcpleri Federasyonu Ba\u015fkan\u0131 Say\u0131n Mithat Erta\u015f ise Hac\u0131 \u00d6zkan&#8217;a g\u00f6sterdi\u011fi ilgi ve deste\u011fi i\u00e7in te\u015fekk\u00fcr etti.<\/p>\n","protected":false},"excerpt":{"rendered":"<p>Mersin&#8217;in spor ve amat\u00f6r spor kul\u00fcpleri alan\u0131nda \u00f6nemli isimlerinden biri olan 26. ve 27. D\u00f6nem Mersin Milletvekili Hac\u0131 \u00d6zkan, Mersin Amat\u00f6r Spor K\u00fcl\u00fcpleri Federasyonu&#8217;na anlaml\u0131 bir ziyaret ger\u00e7ekle\u015ftirdi.. Milletvekili Hac\u0131 &hellip; <a href=\"https:\/\/akdenizolaygazetesi.com\/?p=27287\" class=\"more-link\">Devam\u0131n\u0131 Oku&#8230;<\/a><\/p>\n","protected":false},"author":2,"featured_media":27288,"comment_status":"open","ping_status":"open","sticky":false,"template":"","format":"standard","meta":[],"categories":[3,10],"tags":[],"_links":{"self":[{"href":"https:\/\/akdenizolaygazetesi.com\/index.php?rest_route=\/wp\/v2\/posts\/27287"}],"collection":[{"href":"https:\/\/akdenizolaygazetesi.com\/index.php?rest_route=\/wp\/v2\/posts"}],"about":[{"href":"https:\/\/akdenizolaygazetesi.com\/index.php?rest_route=\/wp\/v2\/types\/post"}],"author":[{"embeddable":true,"href":"https:\/\/akdenizolaygazetesi.com\/index.php?rest_route=\/wp\/v2\/users\/2"}],"replies":[{"embeddable":true,"href":"https:\/\/akdenizolaygazetesi.com\/index.php?rest_route=%2Fwp%2Fv2%2Fcomments&post=27287"}],"version-history":[{"count":1,"href":"https:\/\/akdenizolaygazetesi.com\/index.php?rest_route=\/wp\/v2\/posts\/27287\/revisions"}],"predecessor-version":[{"id":27289,"href":"https:\/\/akdenizolaygazetesi.com\/index.php?rest_route=\/wp\/v2\/posts\/27287\/revisions\/27289"}],"wp:featuredmedia":[{"embeddable":true,"href":"https:\/\/akdenizolaygazetesi.com\/index.php?rest_route=\/wp\/v2\/media\/27288"}],"wp:attachment":[{"href":"https:\/\/akdenizolaygazetesi.com\/index.php?rest_route=%2Fwp%2Fv2%2Fmedia&parent=27287"}],"wp:term":[{"taxonomy":"category","embeddable":true,"href":"https:\/\/akdenizolaygazetesi.com\/index.php?rest_route=%2Fwp%2Fv2%2Fcategories&post=27287"},{"taxonomy":"post_tag","embeddable":true,"href":"https:\/\/akdenizolaygazetesi.com\/index.php?rest_route=%2Fwp%2Fv2%2Ftags&post=27287"}],"curies":[{"name":"wp","href":"https:\/\/api.w.org\/{rel}","templated":true}]}}