{"id":27342,"date":"2023-08-21T13:01:34","date_gmt":"2023-08-21T10:01:34","guid":{"rendered":"http:\/\/akdenizolaygazetesi.com\/?p=27342"},"modified":"2023-08-21T13:01:34","modified_gmt":"2023-08-21T10:01:34","slug":"herkesi-burada-huzurla-ve-guvenle-yasatmak-benim-gorevim","status":"publish","type":"post","link":"https:\/\/akdenizolaygazetesi.com\/?p=27342","title":{"rendered":"&#8220;HERKES\u0130 BURADA HUZURLA VE G\u00dcVENLE YA\u015eATMAK BEN\u0130M G\u00d6REV\u0130M&#8221;"},"content":{"rendered":"<p>Mersin B\u00fcy\u00fck\u015fehir Belediye Ba\u015fkan\u0131 Vahap Se\u00e7er, e\u015fi Meral Se\u00e7er ile birlikte Pazarc\u0131kl\u0131lar K\u00fclt\u00fcr ve Dayan\u0131\u015fma Derne\u011fi&#8217;nin d\u00fczenledi\u011fi a\u015fure program\u0131na kat\u0131ld\u0131.<\/p>\n<p>Derne\u011fin bah\u00e7esinde d\u00fczenlenen programa, Ba\u015fkan Se\u00e7er ve Meral Se\u00e7er&#8217;in yan\u0131 s\u0131ra, Cumhuriyet Halk Partisi (CHP) Mersin Milletvekili G\u00fclcan K\u0131\u015f, Alevi Bekta\u015fi Federasyonu \u0130nan\u00e7 Kurulu ve Mersin Cemevi Ba\u015fkan\u0131 Hasan K\u0131lavuz, Pazarc\u0131kl\u0131lar K\u00fclt\u00fcr ve Dayan\u0131\u015fma Derne\u011fi Ba\u015fkan\u0131 Do\u011fan D\u00f6ldo\u015f, siyasi partilerin il ve il\u00e7e y\u00f6neticileri, dernek, oda temsilcileri ve vatanda\u015flar kat\u0131ld\u0131.<\/p>\n<p>&#8220;\u00d6nemli olan ge\u00e7mi\u015ften ald\u0131\u011f\u0131m\u0131z dersleri uygulamak&#8221;<br \/>\nA\u015fure etkinliklerinin ge\u00e7mi\u015fi hat\u0131rlamak ve bir arada olmak ad\u0131na \u00f6nemli bir vesile oldu\u011funu s\u00f6yleyen Ba\u015fkan Se\u00e7er, &#8220;A\u015fure bir vesile, \u00f6nemli olan burada bir arada olmak ve ge\u00e7mi\u015fi yad etmek, hat\u0131rlamak, bunlar\u0131 konu\u015fmak. Dedemin bilgisiyle aktard\u0131\u011f\u0131 gibi bunlardan bir ders \u00e7\u0131karmak ve bug\u00fcne uyarlamak. Bu bilgiler kitaptan bize bilgi olarak aktar\u0131l\u0131p, sadece bir bilgi olarak; hayat\u0131m\u0131zda uygulamadan, beynimizde, dima\u011f\u0131m\u0131zda, d\u00fc\u015f\u00fcncemizde kald\u0131\u011f\u0131 zaman bir k\u0131ymeti harbiyesi yok. \u00d6nemli olan ald\u0131\u011f\u0131m\u0131z bu dersleri hayat\u0131m\u0131zda uygulayabiliyor muyuz? Biz belediye ba\u015fkan\u0131y\u0131z. G\u00fczellikten, do\u011fruluktan, d\u00fcr\u00fcstl\u00fckten, e\u015fitlikten, hak\u00e7a b\u00f6l\u00fc\u015fmeden, zul\u00fcmden; bunlardan bahsediyoruz. Bunlar\u0131 vatanda\u015fa aktar\u0131rken de; siyaset\u00e7isiniz retori\u011finiz, belagat\u0131n\u0131z iyi, insanlar\u0131 etkiliyorsunuz. Ama d\u00f6n\u00fcp gitti\u011finiz zaman i\u00e7inizdeki \u015feytan uyan\u0131p, bildi\u011finizi okursan\u0131z bunun bir k\u0131ymeti harbiyesi yok&#8221; dedi.<\/p>\n<p>&#8220;Belediye Ba\u015fkan\u0131n\u0131z olarak herkesi burada huzurla ve g\u00fcvenle ya\u015fatmak g\u00f6revim&#8221;<br \/>\nMersin&#8217;in \u00f6nemli ve \u00f6zellikli bir yer oldu\u011funu belirten Ba\u015fkan Se\u00e7er, &#8220;Burada bulunan bir\u00e7ok yurtta\u015f\u0131m\u0131z\u0131n asl\u0131nda do\u011fdu\u011fu yerde Kerbela&#8217;y\u0131 ya\u015fay\u0131p buralara geldi\u011fini hepimiz biliyoruz. \u00d6zellikle i\u00e7inde bulundu\u011fumuz \u015fu mekan\u0131n yani Pazarc\u0131kl\u0131lar&#8217;\u0131n, Mara\u015fl\u0131lar&#8217;\u0131n 1970&#8217;li y\u0131llar\u0131n sonunda ya\u015fad\u0131\u011f\u0131 Kerbela&#8217;n\u0131n; hala ailelerde b\u00fcy\u00fckler taraf\u0131ndan anlat\u0131ld\u0131\u011f\u0131 zaman t\u00fcyleri diken diken etti\u011fini, i\u00e7imizin a\u011flad\u0131\u011f\u0131n\u0131 biliyoruz. Hepimizin ailesinde var. Biz bug\u00fcn o ya\u015fan\u0131lanlar\u0131 bir daha topluma ya\u015fatmamak i\u00e7in ne yapabiliyoruz, nas\u0131l m\u00fccadele ediyoruz? Ben buna bakar\u0131m. Gerisi laf\u0131 g\u00fczaf. Belediye Ba\u015fkan\u0131n\u0131z olarak bu b\u00f6lgeye hangi nedenle, nereden gelmi\u015f olursa olsun dili, dini, \u0131rk\u0131, mezhebi, me\u015frebi ne olmu\u015f olursa olsun herkesi burada huzurla ve g\u00fcvenle ya\u015fatmak, herkesin kendisini iyi hissetmesini sa\u011flamak benim her \u015feyden \u00f6nce insani ve vicdani g\u00f6revim. Sonra hukuki ve idari g\u00f6revim&#8221; diye konu\u015ftu.<\/p>\n<p>&#8220;A\u015furelerimiz, birli\u011fimiz i\u00e7in, bar\u0131\u015f i\u00e7in, karde\u015flik i\u00e7in kaynas\u0131n&#8221;<br \/>\nBa\u015fkan Se\u00e7er, konu\u015fmas\u0131n\u0131n devam\u0131nda \u015funlar\u0131 s\u00f6yledi:<br \/>\n&#8220;Bunlar\u0131 yapman\u0131n huzuruyla ya\u015fayan, ba\u015fkanl\u0131\u011f\u0131n\u0131z\u0131 yapan bir insan olarak da bundan sonraki s\u00fcre\u00e7te bu uygulamalar\u0131n Mersin&#8217;de daim kalmas\u0131n\u0131n, ger\u00e7ekten bu anlay\u0131\u015ftaki insanlar\u0131n Mersin&#8217;i y\u00f6netmesinin Mersin&#8217;de bar\u0131\u015f\u0131n, huzurun ve karde\u015fli\u011fin tesisi i\u00e7in \u00f6nemli oldu\u011funun tespitini de buradan sizlere payla\u015fmak istiyorum. A\u015furelerimiz, birli\u011fimiz, beraberli\u011fimiz i\u00e7in, huzur i\u00e7in, bar\u0131\u015f i\u00e7in, karde\u015flik i\u00e7in kaynas\u0131n.&#8221;<\/p>\n<p>Pazarc\u0131kl\u0131lar K\u00fclt\u00fcr ve Dayan\u0131\u015fma Derne\u011fi Ba\u015fkan\u0131 Do\u011fan D\u00f6ldo\u015f, &#8220;A\u015fure; 1350 y\u0131l \u00f6nceden, bir Kerbela olay\u0131ndan \u00e7\u0131k\u0131p bug\u00fcne kadar gelen bir zul\u00fcm sonunda, bir matem orucuyla devam eden \u015f\u00fck\u00fcrden mateme; ama o g\u00fcnk\u00fc yap\u0131lan zul\u00fcm bug\u00fcne kadar kimlik de\u011fi\u015ftirerek, g\u00f6mlek de\u011fi\u015ftirecek bir \u015fekilde gelmi\u015ftir. Din, dil, \u0131rk bir s\u00fcr\u00fc sebebi vard\u0131r. Bug\u00fcnk\u00fc organizasyonumuza kat\u0131larak bizlere destek olan ba\u015fta \u00fcy\u00fck\u015fehir Belediye Ba\u015fkan\u0131m\u0131z olmak \u00fczere t\u00fcm misafirlerimize te\u015fekk\u00fcr ediyorum&#8221; dedi.<\/p>\n<p>A\u00e7\u0131l\u0131\u015f konu\u015fmalar\u0131 ile ba\u015flayan program, Mersin Cemevi Ba\u015fkan\u0131 Hasan K\u0131lavuz&#8217;un g\u00fclbengi okumas\u0131 ile devam etti. Program, dernek taraf\u0131ndan haz\u0131rlanan a\u015furelerin kat\u0131l\u0131mc\u0131lara ikram edilmesiyle sona erdi.<\/p>\n","protected":false},"excerpt":{"rendered":"<p>Mersin B\u00fcy\u00fck\u015fehir Belediye Ba\u015fkan\u0131 Vahap Se\u00e7er, e\u015fi Meral Se\u00e7er ile birlikte Pazarc\u0131kl\u0131lar K\u00fclt\u00fcr ve Dayan\u0131\u015fma Derne\u011fi&#8217;nin d\u00fczenledi\u011fi a\u015fure program\u0131na kat\u0131ld\u0131. Derne\u011fin bah\u00e7esinde d\u00fczenlenen programa, Ba\u015fkan Se\u00e7er ve Meral Se\u00e7er&#8217;in yan\u0131 &hellip; <a href=\"https:\/\/akdenizolaygazetesi.com\/?p=27342\" class=\"more-link\">Devam\u0131n\u0131 Oku&#8230;<\/a><\/p>\n","protected":false},"author":2,"featured_media":27343,"comment_status":"open","ping_status":"open","sticky":false,"template":"","format":"standard","meta":[],"categories":[2,3],"tags":[],"_links":{"self":[{"href":"https:\/\/akdenizolaygazetesi.com\/index.php?rest_route=\/wp\/v2\/posts\/27342"}],"collection":[{"href":"https:\/\/akdenizolaygazetesi.com\/index.php?rest_route=\/wp\/v2\/posts"}],"about":[{"href":"https:\/\/akdenizolaygazetesi.com\/index.php?rest_route=\/wp\/v2\/types\/post"}],"author":[{"embeddable":true,"href":"https:\/\/akdenizolaygazetesi.com\/index.php?rest_route=\/wp\/v2\/users\/2"}],"replies":[{"embeddable":true,"href":"https:\/\/akdenizolaygazetesi.com\/index.php?rest_route=%2Fwp%2Fv2%2Fcomments&post=27342"}],"version-history":[{"count":1,"href":"https:\/\/akdenizolaygazetesi.com\/index.php?rest_route=\/wp\/v2\/posts\/27342\/revisions"}],"predecessor-version":[{"id":27344,"href":"https:\/\/akdenizolaygazetesi.com\/index.php?rest_route=\/wp\/v2\/posts\/27342\/revisions\/27344"}],"wp:featuredmedia":[{"embeddable":true,"href":"https:\/\/akdenizolaygazetesi.com\/index.php?rest_route=\/wp\/v2\/media\/27343"}],"wp:attachment":[{"href":"https:\/\/akdenizolaygazetesi.com\/index.php?rest_route=%2Fwp%2Fv2%2Fmedia&parent=27342"}],"wp:term":[{"taxonomy":"category","embeddable":true,"href":"https:\/\/akdenizolaygazetesi.com\/index.php?rest_route=%2Fwp%2Fv2%2Fcategories&post=27342"},{"taxonomy":"post_tag","embeddable":true,"href":"https:\/\/akdenizolaygazetesi.com\/index.php?rest_route=%2Fwp%2Fv2%2Ftags&post=27342"}],"curies":[{"name":"wp","href":"https:\/\/api.w.org\/{rel}","templated":true}]}}