{"id":27345,"date":"2023-08-21T13:03:45","date_gmt":"2023-08-21T10:03:45","guid":{"rendered":"http:\/\/akdenizolaygazetesi.com\/?p=27345"},"modified":"2023-08-21T13:03:45","modified_gmt":"2023-08-21T10:03:45","slug":"mersin-buyuksehir-cumhuriyet-coskusunu-cocuklarla-buyutuyor","status":"publish","type":"post","link":"https:\/\/akdenizolaygazetesi.com\/?p=27345","title":{"rendered":"MERS\u0130N B\u00dcY\u00dcK\u015eEH\u0130R, CUMHUR\u0130YET CO\u015eKUSUNU \u00c7OCUKLARLA B\u00dcY\u00dcT\u00dcYOR"},"content":{"rendered":"<p>Sporu kent genelinde yayg\u0131nla\u015ft\u0131rmak ve vatanda\u015flar\u0131 sporun her bran\u015f\u0131yla bulu\u015fturmak amac\u0131yla harekete ge\u00e7en Mersin B\u00fcy\u00fck\u015fehir Belediyesi Gen\u00e7lik ve Spor Hizmetleri Dairesi Ba\u015fkanl\u0131\u011f\u0131, Cumhuriyet&#8217;in 100. y\u0131l\u0131 dolay\u0131s\u0131yla &#8216;100&#8217;de Y\u00fcz Cumhuriyet 100&#8217;de Y\u00fcz Spor&#8217; projesini hayata ge\u00e7irdi.<\/p>\n<p>Proje kapsam\u0131nda, kent merkezine uzak il\u00e7elerde ya\u015fayan \u00e7ocuklar\u0131 spor etkinlikleriyle bulu\u015fturan B\u00fcy\u00fck\u015fehir ekiplerinin ilk dura\u011f\u0131 Akdeniz \u0130l\u00e7esi&#8217;ne ba\u011fl\u0131 Kazanl\u0131 ve I\u011fd\u0131r Mahallesi oldu. Ailelerin de e\u015flik etti\u011fi etkinlik kapsam\u0131nda, s\u0131\u00e7rama ve engel parkuru gibi alanlar olu\u015fturan ekipler, \u00e7ocuklar\u0131n hem keyifli hem de g\u00fczel bir g\u00fcn ge\u00e7irmesini sa\u011flad\u0131.<\/p>\n<p>Ta\u015fk\u0131n: &#8220;Toros Da\u011flar\u0131&#8217;n\u0131n zirvesindeki yaylalara kadar \u00e7ocuklar\u0131m\u0131z\u0131 sporla bulu\u015fturmaya devam edece\u011fiz&#8221;<br \/>\nCumhuriyet&#8217;in 100. Y\u0131l\u0131 dolay\u0131s\u0131yla &#8216;100&#8217;de Y\u00fcz Cumhuriyet 100&#8217;de Y\u00fcz Spor&#8217; slogan\u0131yla 100 k\u00f6ye ula\u015farak \u00e7ocuklar\u0131n sporla i\u00e7 i\u00e7e olmas\u0131n\u0131 ama\u00e7lad\u0131klar\u0131n\u0131 belirten Gen\u00e7lik ve Spor Hizmetleri Dairesi Ba\u015fkan\u0131 Emrullah Ta\u015fk\u0131n, &#8220;Projemizin amac\u0131; hem k\u00f6ylerimizde ya\u015fayan \u00e7ocuklar\u0131m\u0131z\u0131 de\u011fi\u015fik spor aktiviteleri ve etkinliklerimizle hem de hem de Cumhuriyet&#8217;imizin kurulu\u015funun 100. y\u0131l\u0131n\u0131 kutlamak&#8221; dedi.<\/p>\n<p>Y\u0131l boyunca devam edecek olan proje ile Mersin&#8217;de ya\u015fayan her \u00e7ocu\u011fa ula\u015facaklar\u0131n\u0131 belirten Ta\u015fk\u0131n, &#8220;Kazanl\u0131&#8217;da etkinli\u011fimize kat\u0131lan 300&#8217;e yak\u0131n \u00e7ocu\u011fumuz var ve burada etkinli\u011fimiz c\u0131v\u0131l c\u0131v\u0131l ge\u00e7iyor. Hedefimiz, y\u0131l boyunca 6 bin \u00e7ocu\u011fumuza ula\u015fmak&#8221; diye konu\u015ftu. B\u00fcy\u00fck\u015fehir Belediyesi olarak her alanda oldu\u011fu gibi spor alan\u0131nda da vatanda\u015flara her t\u00fcrl\u00fc hizmeti vermeye devam edeceklerini belirten Ta\u015fk\u0131n, \u00f6zellikle k\u0131rsalda ya\u015fayan ve spor tesisine uzak \u00e7ocuklar\u0131 sporla bulu\u015fturmak amac\u0131yla spor etkinliklerini Toros Da\u011flar\u0131&#8217;n\u0131n zirvesindeki yaylalara var\u0131ncaya kadar her \u00e7ocu\u011fa ula\u015ft\u0131racaklar\u0131n\u0131 kaydetti.<\/p>\n<p>Aileler etkinlikten \u00e7ok memnun kald\u0131<br \/>\nEtkinlikten memnun kalan vatanda\u015flardan Sabahat Esmer, &#8220;\u00c7ocuklar\u0131m\u0131z \u00e7ok g\u00fczel zaman ge\u00e7irdi. Ba\u015fkan\u0131m\u0131z\u0131n hizmetlerinden halk olarak \u00e7ok memnunuz&#8221; dedi. <\/p>\n<p>Velilerden Muhammet Midikba\u015f, &#8220;Vahap Ba\u015fkan\u0131m\u0131za te\u015fekk\u00fcr ediyorum. \u00c7ocuklar\u0131m\u0131za etkinliklerle her t\u00fcrl\u00fc imk\u00e2n\u0131 sa\u011fl\u0131yor. B\u00f6yle bir Ba\u015fkan zor bulunur&#8221; \u015feklinde konu\u015ftu.<\/p>\n<p>\u00c7ocuklar etkinli\u011fin tad\u0131n\u0131 doyas\u0131ya \u00e7\u0131kard\u0131lar<br \/>\nEtkinlikte \u00e7ok e\u011flendi\u011fini belirten \u00e7ocuklardan Azra Y\u0131lmaz, &#8220;Z\u0131plad\u0131m, bol bol ko\u015ftum. Etkinlik \u00e7ok keyifliydi&#8221; dedi.  Etkinli\u011fi seven \u00e7ocuklardan \u00c7\u0131nar Y\u0131lmaz ise, &#8220;B\u00f6yle bir etkinli\u011fe daha \u00f6nce kat\u0131lmad\u0131m, ilk defa oyun parkuru etkinli\u011fine kat\u0131ld\u0131m, \u00e7ok be\u011fendim&#8221; diye konu\u015ftu.  Funda \u00c7\u0131plakba\u015f da, &#8220;Etkinlik benim i\u00e7in \u00e7ok farkl\u0131 oldu. Arkada\u015flar\u0131mla g\u00fczel zaman ge\u00e7irdim&#8221; dedi.<\/p>\n<p>\u00c7ocuklardan Mehmet Ali Y\u0131lmaz, &#8220;Evde hep telefonla oynuyordum. Benim i\u00e7in zaman \u00e7ok g\u00fczel ge\u00e7ti&#8221; dedi. Etkinli\u011fin yap\u0131lmas\u0131n memnun olan ve heyecanland\u0131\u011f\u0131n\u0131 s\u00f6yleyen Merdanur Bolat, &#8220;Etkinlik \u00e7ok g\u00fczeldi, be\u011fendim, heyecanl\u0131yd\u0131. Hoplad\u0131k, z\u0131plad\u0131k. B\u00fct\u00fcn \u00e7ocuklar etkinlikten \u00e7ok keyif ald\u0131&#8221; \u015feklinde konu\u015ftu.  Parkurun kendisi i\u00e7in kolay oldu\u011funu s\u00f6yleyen \u00e7ocuklardan \u0130ndasu Demir, &#8220;Parkur \u00e7ok g\u00fczeldi, \u00e7ok keyif ald\u0131m&#8221; dedi.<\/p>\n","protected":false},"excerpt":{"rendered":"<p>Sporu kent genelinde yayg\u0131nla\u015ft\u0131rmak ve vatanda\u015flar\u0131 sporun her bran\u015f\u0131yla bulu\u015fturmak amac\u0131yla harekete ge\u00e7en Mersin B\u00fcy\u00fck\u015fehir Belediyesi Gen\u00e7lik ve Spor Hizmetleri Dairesi Ba\u015fkanl\u0131\u011f\u0131, Cumhuriyet&#8217;in 100. y\u0131l\u0131 dolay\u0131s\u0131yla &#8216;100&#8217;de Y\u00fcz Cumhuriyet 100&#8217;de &hellip; <a href=\"https:\/\/akdenizolaygazetesi.com\/?p=27345\" class=\"more-link\">Devam\u0131n\u0131 Oku&#8230;<\/a><\/p>\n","protected":false},"author":2,"featured_media":27346,"comment_status":"open","ping_status":"open","sticky":false,"template":"","format":"standard","meta":[],"categories":[3],"tags":[],"_links":{"self":[{"href":"https:\/\/akdenizolaygazetesi.com\/index.php?rest_route=\/wp\/v2\/posts\/27345"}],"collection":[{"href":"https:\/\/akdenizolaygazetesi.com\/index.php?rest_route=\/wp\/v2\/posts"}],"about":[{"href":"https:\/\/akdenizolaygazetesi.com\/index.php?rest_route=\/wp\/v2\/types\/post"}],"author":[{"embeddable":true,"href":"https:\/\/akdenizolaygazetesi.com\/index.php?rest_route=\/wp\/v2\/users\/2"}],"replies":[{"embeddable":true,"href":"https:\/\/akdenizolaygazetesi.com\/index.php?rest_route=%2Fwp%2Fv2%2Fcomments&post=27345"}],"version-history":[{"count":1,"href":"https:\/\/akdenizolaygazetesi.com\/index.php?rest_route=\/wp\/v2\/posts\/27345\/revisions"}],"predecessor-version":[{"id":27347,"href":"https:\/\/akdenizolaygazetesi.com\/index.php?rest_route=\/wp\/v2\/posts\/27345\/revisions\/27347"}],"wp:featuredmedia":[{"embeddable":true,"href":"https:\/\/akdenizolaygazetesi.com\/index.php?rest_route=\/wp\/v2\/media\/27346"}],"wp:attachment":[{"href":"https:\/\/akdenizolaygazetesi.com\/index.php?rest_route=%2Fwp%2Fv2%2Fmedia&parent=27345"}],"wp:term":[{"taxonomy":"category","embeddable":true,"href":"https:\/\/akdenizolaygazetesi.com\/index.php?rest_route=%2Fwp%2Fv2%2Fcategories&post=27345"},{"taxonomy":"post_tag","embeddable":true,"href":"https:\/\/akdenizolaygazetesi.com\/index.php?rest_route=%2Fwp%2Fv2%2Ftags&post=27345"}],"curies":[{"name":"wp","href":"https:\/\/api.w.org\/{rel}","templated":true}]}}