{"id":27348,"date":"2023-08-21T13:05:25","date_gmt":"2023-08-21T10:05:25","guid":{"rendered":"http:\/\/akdenizolaygazetesi.com\/?p=27348"},"modified":"2023-08-21T13:05:25","modified_gmt":"2023-08-21T10:05:25","slug":"akdenizde-5-farkli-dalda-verilen-ucretsiz-yaz-spor-okullarina-2-bin-cocuk-devam-ediyor","status":"publish","type":"post","link":"https:\/\/akdenizolaygazetesi.com\/?p=27348","title":{"rendered":"Akdeniz\u2019de 5 farkl\u0131 dalda verilen \u00fccretsiz yaz spor okullar\u0131na 2 bin \u00e7ocuk devam ediyor"},"content":{"rendered":"<p>Akdeniz Belediyesi\u2019nin her y\u0131l \u00fccretsiz d\u00fczenledi\u011fi yaz futbol okulu, gelece\u011fin y\u0131ld\u0131z sporcular\u0131n\u0131 ke\u015ffetmeye ve onlar\u0131 yeti\u015ftirmeye devam ediyor. Akdeniz\u2019de bu y\u0131l futbol, basketbol, tenis, jimnastik ve y\u00fczme alanlar\u0131nda d\u00fczenlenen yaz okuluna 2 bin \u00e7ocuk kat\u0131l\u0131rken; Ba\u015fkan G\u00fcltak; futbol okuluna kat\u0131lan minikler ve ailelerini ziyaret etti.<br \/>\nAkdeniz Belediyesi K\u00fclt\u00fcr ve Sosyal \u0130\u015fler M\u00fcd\u00fcrl\u00fc\u011f\u00fc\u2019n\u00fcn d\u00fczenledi\u011fi \u00fccretsiz yaz spor okullar\u0131, bu y\u0131l 7-12 ya\u015f aral\u0131\u011f\u0131ndaki \u00e7ocuklar i\u00e7in 5 farkl\u0131 spor dal\u0131nda kurslar veriyor, gelece\u011fin sporcular\u0131n\u0131 yeti\u015ftiriyor. Akdeniz\u2019de bu y\u0131l futbol, basketbol, tenis, jimnastik ve y\u00fczme olmak \u00fczere 5 farkl\u0131 spor dal\u0131nda verilen yaz okulu kurslar\u0131 b\u00fcy\u00fck ilgi g\u00f6r\u00fcrken, spor okullar\u0131na kat\u0131lan 2 bin \u00e7ocuk, sevdikleri ve yetenekli olduklar\u0131 dallarda kendilerini geli\u015ftirme f\u0131rsat\u0131 yakal\u0131yor.<br \/>\nBa\u015fkan G\u00fcltak\u2019tan gelece\u011fin futbolcular\u0131na ziyaret<br \/>\nAkdeniz Belediye Ba\u015fkan\u0131 M. Mustafa G\u00fcltak; Seyfi Ali T\u00fcrko\u011flu \u2013 \u015eafak Erdur Futbol Tesisinde organize edilen Yaz Futbol Okuluna kat\u0131larak uzman antren\u00f6rler e\u015fli\u011findeki idmanlara devam eden \u00e7ocuklar ve ailelerini ziyaret etti. K\u00fc\u00e7\u00fck futbolcular\u0131n alk\u0131\u015f ve tezah\u00fcratlar\u0131yla kar\u015f\u0131lanan Ba\u015fkan G\u00fcltak, idman\u0131 izlemek i\u00e7in tesise gelen \u00e7ocuklar\u0131n aileleri ile de sohbet etti. Miniklerin idman\u0131n\u0131 da izleyen Ba\u015fkan G\u00fcltak, ard\u0131ndan yapt\u0131\u011f\u0131 konu\u015fmada; Akdeniz\u2019e onlarca yeni spor tesisi kazand\u0131rd\u0131klar\u0131n\u0131, bak\u0131ms\u0131zl\u0131k nedeniyle at\u0131l hale gelen sahalar\u0131 da tamamen yenileyip \u00e7ocuklar ve gen\u00e7lerin hizmetine a\u00e7t\u0131klar\u0131n\u0131 ifade etti.<br \/>\n\u201cHer mahallemize tesis kazand\u0131rd\u0131k, hizmette asla ay\u0131r\u0131m yapmad\u0131k\u201d<br \/>\nSporu ve sporcuyu \u00f6nemsediklerinin alt\u0131n\u0131 \u00e7izen Ba\u015fkan G\u00fcltak, \u201cBa\u015fta Cumhurba\u015fkan\u0131m\u0131z Say\u0131n Recep Tayyip Erdo\u011fan ve Gen\u00e7lik Spor Bakan\u0131m\u0131z\u0131n destekleri sayesinde, \u015fu an \u00e7ocuklar\u0131m\u0131z\u0131n idman yapt\u0131\u011f\u0131 saha F\u0130FA standartlar\u0131nda bir sahad\u0131r. Yani burada \u015fampiyona ve turnuva ma\u00e7lar\u0131 oynanabilir. Soyunma odalar\u0131 yenilendi, oturma alanlar\u0131 ve salonlar de\u011fi\u015fti. Karacailyas\u2019a da \u00e7im zeminli, \u00fcst\u00fc kapal\u0131, alt\u0131nda soyunma odalar\u0131, hakem odalar\u0131 olan yine F\u0130FA standartlar\u0131nda bir saha kazand\u0131rd\u0131k. Ayr\u0131ca Karaduvar\u2019da bulunan ve bitik hale gelen yerde de g\u00fczel bir futbol sahas\u0131 ve tesisi yapt\u0131k, orada yap\u0131lan turnuvaya da kat\u0131ld\u0131k\u201d dedi.<br \/>\nBa\u015fkan G\u00fcltak; hizmette asla ay\u0131r\u0131m yapmad\u0131klar\u0131n\u0131n ve t\u00fcm insanlara de\u011fer verdiklerinin alt\u0131n\u0131 \u00e7izerek \u015f\u00f6yle konu\u015ftu; \u201cDil, din, \u0131rk, mezhep ay\u0131r\u0131m\u0131 yapm\u0131yoruz. Akdeniz g\u00fcn ge\u00e7tik\u00e7e bar\u0131\u015f\u0131n, karde\u015fli\u011fin ve huzurun h\u00e2kim oldu\u011fu bir il\u00e7emiz oldu. \u015eu an burada olan; en k\u0131ymetli varl\u0131\u011f\u0131m\u0131z ve gelece\u011fimiz olan \u00e7ocuklar\u0131m\u0131z da bar\u0131\u015f\u0131, huzuru ve karde\u015fli\u011fi koruyacak ve devam ettirecekler.\u201d Bulu\u015fmada; \u00c7ankaya Engelli Amat\u00f6r Spor Kul\u00fcb\u00fc ve Umutlar Solmas\u0131n Engelli Haklar\u0131 Koruma Derne\u011fi ad\u0131na, spora ve sporculara verdi\u011fi desteklerden \u00f6t\u00fcr\u00fc Akdeniz Belediye Ba\u015fkan\u0131 Mustafa G\u00fcltak\u2019a plaket takdim edildi. <\/p>\n","protected":false},"excerpt":{"rendered":"<p>Akdeniz Belediyesi\u2019nin her y\u0131l \u00fccretsiz d\u00fczenledi\u011fi yaz futbol okulu, gelece\u011fin y\u0131ld\u0131z sporcular\u0131n\u0131 ke\u015ffetmeye ve onlar\u0131 yeti\u015ftirmeye devam ediyor. Akdeniz\u2019de bu y\u0131l futbol, basketbol, tenis, jimnastik ve y\u00fczme alanlar\u0131nda d\u00fczenlenen yaz &hellip; <a href=\"https:\/\/akdenizolaygazetesi.com\/?p=27348\" class=\"more-link\">Devam\u0131n\u0131 Oku&#8230;<\/a><\/p>\n","protected":false},"author":2,"featured_media":27349,"comment_status":"open","ping_status":"open","sticky":false,"template":"","format":"standard","meta":[],"categories":[3,10],"tags":[],"_links":{"self":[{"href":"https:\/\/akdenizolaygazetesi.com\/index.php?rest_route=\/wp\/v2\/posts\/27348"}],"collection":[{"href":"https:\/\/akdenizolaygazetesi.com\/index.php?rest_route=\/wp\/v2\/posts"}],"about":[{"href":"https:\/\/akdenizolaygazetesi.com\/index.php?rest_route=\/wp\/v2\/types\/post"}],"author":[{"embeddable":true,"href":"https:\/\/akdenizolaygazetesi.com\/index.php?rest_route=\/wp\/v2\/users\/2"}],"replies":[{"embeddable":true,"href":"https:\/\/akdenizolaygazetesi.com\/index.php?rest_route=%2Fwp%2Fv2%2Fcomments&post=27348"}],"version-history":[{"count":1,"href":"https:\/\/akdenizolaygazetesi.com\/index.php?rest_route=\/wp\/v2\/posts\/27348\/revisions"}],"predecessor-version":[{"id":27350,"href":"https:\/\/akdenizolaygazetesi.com\/index.php?rest_route=\/wp\/v2\/posts\/27348\/revisions\/27350"}],"wp:featuredmedia":[{"embeddable":true,"href":"https:\/\/akdenizolaygazetesi.com\/index.php?rest_route=\/wp\/v2\/media\/27349"}],"wp:attachment":[{"href":"https:\/\/akdenizolaygazetesi.com\/index.php?rest_route=%2Fwp%2Fv2%2Fmedia&parent=27348"}],"wp:term":[{"taxonomy":"category","embeddable":true,"href":"https:\/\/akdenizolaygazetesi.com\/index.php?rest_route=%2Fwp%2Fv2%2Fcategories&post=27348"},{"taxonomy":"post_tag","embeddable":true,"href":"https:\/\/akdenizolaygazetesi.com\/index.php?rest_route=%2Fwp%2Fv2%2Ftags&post=27348"}],"curies":[{"name":"wp","href":"https:\/\/api.w.org\/{rel}","templated":true}]}}