{"id":27351,"date":"2023-08-21T13:06:56","date_gmt":"2023-08-21T10:06:56","guid":{"rendered":"http:\/\/akdenizolaygazetesi.com\/?p=27351"},"modified":"2023-08-21T13:06:56","modified_gmt":"2023-08-21T10:06:56","slug":"yenisehir-belediyesi-sunay-akin-ve-ali-altayi-mersinlilerle-bulusturuyor","status":"publish","type":"post","link":"https:\/\/akdenizolaygazetesi.com\/?p=27351","title":{"rendered":"Yeni\u015fehir Belediyesi, Sunay Ak\u0131n ve Ali Altay\u2019\u0131 Mersinlilerle bulu\u015fturuyor"},"content":{"rendered":"<p>Mersin Yeni\u015fehir Belediyesi, 30 A\u011fustos Zafer Bayram\u0131 kutlamalar\u0131 kapsam\u0131nda sevilen sanat\u00e7\u0131lar Sunay Ak\u0131n ile Ali Altay\u2019\u0131 Mersinlilerle bulu\u015fturacak. Yeni\u015fehir Belediye Ba\u015fkan\u0131 Abdullah \u00d6zyi\u011fit, \u201cBu y\u0131lki etkinliklerimizle hem zaferimizi anmak hem de birlik ve beraberli\u011fimizi peki\u015ftirmeye devam edece\u011fiz. Sanat\u0131n g\u00fcc\u00fcyle bulu\u015farak, Sunay Ak\u0131n ve Ali Altay gibi k\u0131ymetli sanat\u00e7\u0131lar\u0131m\u0131z\u0131n kat\u0131l\u0131m\u0131yla bu anlaml\u0131 g\u00fcn\u00fc kutlayaca\u011f\u0131z. T\u00fcm hem\u015fehrilerimizi bekliyoruz&#8221; dedi.<br \/>\nMersin Yeni\u015fehir Belediyesi, 30 A\u011fustos Zafer Bayram\u0131\u2019n\u0131 Sunay Ak\u0131n\u2019\u0131n \u201cY\u00fcz Y\u00fcze\u201d adl\u0131 g\u00f6sterisi ve Ali Altay konseriyle kutlayacak. 31 A\u011fustos Per\u015fembe g\u00fcn\u00fc saat 19.00\u2019da Yeni\u015fehir Belediyesi Atat\u00fcrk K\u00fclt\u00fcr Merkezi\u2019nde yap\u0131lacak kutlama program\u0131nda sevilen sanat\u00e7\u0131lar Sunay Ak\u0131n ve Ali Altay, Mersinlilerle bir araya gelecek.<br \/>\nBa\u015fkan \u00d6zyi\u011fit, Mersinlileri kutlama program\u0131na davet etti<br \/>\nYeni\u015fehir Belediye Ba\u015fkan\u0131 Abdullah \u00d6zyi\u011fit, \u201cMillet olarak ba\u011f\u0131ms\u0131zl\u0131\u011f\u0131m\u0131z\u0131 ve \u00f6zg\u00fcrl\u00fc\u011f\u00fcm\u00fcz\u00fc kazand\u0131\u011f\u0131m\u0131z, tarihin \u00f6nemli d\u00f6n\u00fcm noktalar\u0131ndan biri olan 30 A\u011fustos Zafer Bayram\u0131&#8217;n\u0131 bir kez daha co\u015fku ve gurur i\u00e7inde kutlaman\u0131n mutlulu\u011funu ya\u015f\u0131yoruz. T\u00fcrk milletinin azim ve kararl\u0131l\u0131\u011f\u0131n\u0131n en g\u00fczel \u00f6rneklerinden biri olan, Ba\u015fkomutan\u0131m\u0131z Gazi Mustafa Kemal Atat\u00fcrk ve kahraman ordumuz, 30 A\u011fustos 1922&#8217;de Dumlup\u0131nar Meydan Muharebesi&#8217;nde zaferle sonu\u00e7lanan b\u00fcy\u00fck bir m\u00fccadele verdi. Bu zafer, milletimizin ba\u011f\u0131ms\u0131zl\u0131k a\u015fk\u0131n\u0131 ve kararl\u0131l\u0131\u011f\u0131n\u0131 t\u00fcm d\u00fcnyaya g\u00f6sterdi\u011fi bir d\u00f6n\u00fcm noktas\u0131d\u0131r. 30 A\u011fustos Zafer Bayram\u0131&#8217;n\u0131 co\u015fkuyla kutlarken, millet olarak birlik ve beraberlik i\u00e7inde olman\u0131n, milli de\u011ferlerimize sahip \u00e7\u0131kman\u0131n ve vatan sevgisinin \u00f6nemini bir kez daha hat\u0131rl\u0131yoruz. T\u00fcrk milleti olarak, ge\u00e7mi\u015fte oldu\u011fu gibi bug\u00fcn de her t\u00fcrl\u00fc zorlu\u011fun \u00fcstesinden gelecek g\u00fcce ve iradeye sahibiz. Bu duygularla \u00fclkemizin kurucusu Gazi Mustafa Kemal Atat\u00fcrk ba\u015fta olmak \u00fczere t\u00fcm kahramanlar\u0131m\u0131z\u0131 sayg\u0131 ve minnetle an\u0131yorum. T\u00fcm halk\u0131m\u0131z\u0131 k\u0131ymetli sanat\u00e7\u0131lar\u0131m\u0131z Sunay Ak\u0131n ve Ali Altay\u2019\u0131n kat\u0131l\u0131m\u0131yla d\u00fczenleyece\u011fimiz kutlama program\u0131na bekliyoruz.\u201d diye konu\u015ftu. <\/p>\n","protected":false},"excerpt":{"rendered":"<p>Mersin Yeni\u015fehir Belediyesi, 30 A\u011fustos Zafer Bayram\u0131 kutlamalar\u0131 kapsam\u0131nda sevilen sanat\u00e7\u0131lar Sunay Ak\u0131n ile Ali Altay\u2019\u0131 Mersinlilerle bulu\u015fturacak. Yeni\u015fehir Belediye Ba\u015fkan\u0131 Abdullah \u00d6zyi\u011fit, \u201cBu y\u0131lki etkinliklerimizle hem zaferimizi anmak hem &hellip; <a href=\"https:\/\/akdenizolaygazetesi.com\/?p=27351\" class=\"more-link\">Devam\u0131n\u0131 Oku&#8230;<\/a><\/p>\n","protected":false},"author":2,"featured_media":27352,"comment_status":"open","ping_status":"open","sticky":false,"template":"","format":"standard","meta":[],"categories":[2,3],"tags":[],"_links":{"self":[{"href":"https:\/\/akdenizolaygazetesi.com\/index.php?rest_route=\/wp\/v2\/posts\/27351"}],"collection":[{"href":"https:\/\/akdenizolaygazetesi.com\/index.php?rest_route=\/wp\/v2\/posts"}],"about":[{"href":"https:\/\/akdenizolaygazetesi.com\/index.php?rest_route=\/wp\/v2\/types\/post"}],"author":[{"embeddable":true,"href":"https:\/\/akdenizolaygazetesi.com\/index.php?rest_route=\/wp\/v2\/users\/2"}],"replies":[{"embeddable":true,"href":"https:\/\/akdenizolaygazetesi.com\/index.php?rest_route=%2Fwp%2Fv2%2Fcomments&post=27351"}],"version-history":[{"count":1,"href":"https:\/\/akdenizolaygazetesi.com\/index.php?rest_route=\/wp\/v2\/posts\/27351\/revisions"}],"predecessor-version":[{"id":27353,"href":"https:\/\/akdenizolaygazetesi.com\/index.php?rest_route=\/wp\/v2\/posts\/27351\/revisions\/27353"}],"wp:featuredmedia":[{"embeddable":true,"href":"https:\/\/akdenizolaygazetesi.com\/index.php?rest_route=\/wp\/v2\/media\/27352"}],"wp:attachment":[{"href":"https:\/\/akdenizolaygazetesi.com\/index.php?rest_route=%2Fwp%2Fv2%2Fmedia&parent=27351"}],"wp:term":[{"taxonomy":"category","embeddable":true,"href":"https:\/\/akdenizolaygazetesi.com\/index.php?rest_route=%2Fwp%2Fv2%2Fcategories&post=27351"},{"taxonomy":"post_tag","embeddable":true,"href":"https:\/\/akdenizolaygazetesi.com\/index.php?rest_route=%2Fwp%2Fv2%2Ftags&post=27351"}],"curies":[{"name":"wp","href":"https:\/\/api.w.org\/{rel}","templated":true}]}}