{"id":27362,"date":"2023-08-22T13:14:55","date_gmt":"2023-08-22T10:14:55","guid":{"rendered":"http:\/\/akdenizolaygazetesi.com\/?p=27362"},"modified":"2023-08-22T13:14:55","modified_gmt":"2023-08-22T10:14:55","slug":"carettalarin-hedefi-sampiyonluk","status":"publish","type":"post","link":"https:\/\/akdenizolaygazetesi.com\/?p=27362","title":{"rendered":"CARETTALARIN HEDEF\u0130 \u015eAMP\u0130YONLUK"},"content":{"rendered":"<p>Geride kalan sezon bir \u00fcst lige \u00e7\u0131kma m\u00fccadelesini play- off m\u00fcsabakalar\u0131nda kaybeden, yeni sezona ise bomba gibi haz\u0131rlanan Mersin B\u00fcy\u00fck\u015fehir Belediyesi Spor Kul\u00fcb\u00fc Erkek Basketbol Tak\u0131m\u0131 (MSK), sezon \u00f6ncesi yo\u011fun bir tempoyla idmanlarda ter d\u00f6k\u00fcyor. Ba\u015fantren\u00f6rl\u00fc\u011f\u00fc&#8217;n\u00fc Semih So\u011fuksu&#8217;nun yapt\u0131\u011f\u0131 ve yeni transferlerle kadrosunu g\u00fc\u00e7lendiren MSK, sporseverlerin kar\u015f\u0131s\u0131na bu sezon daha g\u00fc\u00e7l\u00fc bir \u015fekilde \u00e7\u0131kmaya haz\u0131rlan\u0131yor. Ba\u015fantren\u00f6r Semih So\u011fuksu, sezon \u00f6ncesi idmanlar hakk\u0131nda de\u011ferlendirmelerde bulundu.<\/p>\n<p>So\u011fuksu: &#8220;\u0130dmanlar\u0131m\u0131z \u00e7ok g\u00fczel ve keyifli ge\u00e7iyor&#8221;<\/p>\n<p>15 g\u00fcn \u00f6nce ba\u015flad\u0131klar\u0131 antrenmanlar\u0131n \u00e7ok keyifli ve planlad\u0131klar\u0131 gibi gitti\u011fini s\u00f6yleyen MSK Ba\u015fantren\u00f6r\u00fc Semih So\u011fuksu, &#8220;Oyuncular\u0131m\u0131z yaz d\u00f6nemini ger\u00e7ekten iyi ge\u00e7irmi\u015fler, sezona daha haz\u0131r bir \u015fekilde buradalar&#8221; dedi. Ba\u015far\u0131l\u0131 bir sezonun onlar\u0131 bekledi\u011fini belirten So\u011fuksu, yeni sezona haz\u0131rl\u0131k a\u015famas\u0131nda hem oyuncular aras\u0131ndaki tak\u0131m kayna\u015fmas\u0131n\u0131, hem de teknik ve taktik prensipleri oturtmaya \u00e7al\u0131\u015ft\u0131klar\u0131n\u0131 ifade etti.<\/p>\n<p>Ge\u00e7en sezon g\u00fczel bir grafik \u00e7izdiklerini ve \u00f6nemli ba\u015far\u0131lar elde ettiklerini, ancak play-off yar\u0131 finalde elendiklerini hat\u0131rlatan So\u011fuksu, &#8220;Hem kul\u00fcp y\u00f6netimi, hem bireysel, hem de \u015fehrimizin hedefi s\u00fcper lige \u00e7\u0131kmak. Bu ama\u00e7la kurulan bir tak\u0131m\u0131z. Yeni oyuncular\u0131m\u0131z\u0131 da bu \u015fekilde transfer ettik. Oyuncular\u0131m\u0131z\u0131n hedefi de \u015fampiyonluk. Onun i\u00e7in iyi \u00e7al\u0131\u015farak, hedefimiz olan S\u00fcper Lig&#8217;e \u00e7\u0131kmak istiyoruz&#8221; diye konu\u015ftu.<\/p>\n<p>&#8220;Hepimiz \u015fampiyonluk hedefine kilitlenmi\u015f durumday\u0131z&#8221;<\/p>\n<p>Yeni sezon i\u00e7in haz\u0131rl\u0131klar\u0131n\u0131n eksiksiz oldu\u011funu belirten So\u011fuksu, &#8220;Tak\u0131mda eksi\u011fimiz yok. \u0130sim vermeyece\u011fim buradan s\u00fcrpriz olsun, uzun yabanc\u0131 bir oyuncumuzu tak\u0131ma transfer ettik. Herhangi bir eksi\u011fimiz ya da bahanemiz yok. Hepimiz hedefe kilitlenmi\u015f durumday\u0131z&#8221; dedi.<\/p>\n<p>Ge\u00e7en sezonun \u00fczerine koyarak yeni sezona haz\u0131rl\u0131k yapt\u0131klar\u0131n\u0131 ifade eden So\u011fuksu, &#8220;Bunu zaten zaman g\u00f6sterecek. Bu s\u00f6ylediklerimizin de sezon sonunda ne kadar do\u011fru oldu\u011funu ve bu i\u015fi yapabilece\u011fimizi herkese kan\u0131tlamak istiyoruz. Sezon sonunda hedefledi\u011fimiz S\u00fcper Lig hedefine ula\u015fmak istiyoruz&#8221; \u015feklinde konu\u015ftu.<\/p>\n","protected":false},"excerpt":{"rendered":"<p>Geride kalan sezon bir \u00fcst lige \u00e7\u0131kma m\u00fccadelesini play- off m\u00fcsabakalar\u0131nda kaybeden, yeni sezona ise bomba gibi haz\u0131rlanan Mersin B\u00fcy\u00fck\u015fehir Belediyesi Spor Kul\u00fcb\u00fc Erkek Basketbol Tak\u0131m\u0131 (MSK), sezon \u00f6ncesi yo\u011fun &hellip; <a href=\"https:\/\/akdenizolaygazetesi.com\/?p=27362\" class=\"more-link\">Devam\u0131n\u0131 Oku&#8230;<\/a><\/p>\n","protected":false},"author":2,"featured_media":27363,"comment_status":"open","ping_status":"open","sticky":false,"template":"","format":"standard","meta":[],"categories":[3,10],"tags":[],"_links":{"self":[{"href":"https:\/\/akdenizolaygazetesi.com\/index.php?rest_route=\/wp\/v2\/posts\/27362"}],"collection":[{"href":"https:\/\/akdenizolaygazetesi.com\/index.php?rest_route=\/wp\/v2\/posts"}],"about":[{"href":"https:\/\/akdenizolaygazetesi.com\/index.php?rest_route=\/wp\/v2\/types\/post"}],"author":[{"embeddable":true,"href":"https:\/\/akdenizolaygazetesi.com\/index.php?rest_route=\/wp\/v2\/users\/2"}],"replies":[{"embeddable":true,"href":"https:\/\/akdenizolaygazetesi.com\/index.php?rest_route=%2Fwp%2Fv2%2Fcomments&post=27362"}],"version-history":[{"count":1,"href":"https:\/\/akdenizolaygazetesi.com\/index.php?rest_route=\/wp\/v2\/posts\/27362\/revisions"}],"predecessor-version":[{"id":27364,"href":"https:\/\/akdenizolaygazetesi.com\/index.php?rest_route=\/wp\/v2\/posts\/27362\/revisions\/27364"}],"wp:featuredmedia":[{"embeddable":true,"href":"https:\/\/akdenizolaygazetesi.com\/index.php?rest_route=\/wp\/v2\/media\/27363"}],"wp:attachment":[{"href":"https:\/\/akdenizolaygazetesi.com\/index.php?rest_route=%2Fwp%2Fv2%2Fmedia&parent=27362"}],"wp:term":[{"taxonomy":"category","embeddable":true,"href":"https:\/\/akdenizolaygazetesi.com\/index.php?rest_route=%2Fwp%2Fv2%2Fcategories&post=27362"},{"taxonomy":"post_tag","embeddable":true,"href":"https:\/\/akdenizolaygazetesi.com\/index.php?rest_route=%2Fwp%2Fv2%2Ftags&post=27362"}],"curies":[{"name":"wp","href":"https:\/\/api.w.org\/{rel}","templated":true}]}}