{"id":27401,"date":"2023-08-24T13:08:45","date_gmt":"2023-08-24T10:08:45","guid":{"rendered":"http:\/\/akdenizolaygazetesi.com\/?p=27401"},"modified":"2023-08-24T13:08:45","modified_gmt":"2023-08-24T10:08:45","slug":"yenisehir-belediyesi-dunya-baris-gununde-sadik-gurbuzu-mersinlilerle-bulusturacak","status":"publish","type":"post","link":"https:\/\/akdenizolaygazetesi.com\/?p=27401","title":{"rendered":"Yeni\u015fehir Belediyesi, D\u00fcnya Bar\u0131\u015f G\u00fcn\u00fc\u2019nde Sad\u0131k G\u00fcrb\u00fcz\u2019\u00fc Mersinlilerle bulu\u015fturacak"},"content":{"rendered":"<p>Mersin Yeni\u015fehir Belediyesinin 1 Eyl\u00fcl D\u00fcnya Bar\u0131\u015f G\u00fcn\u00fc nedeniyle d\u00fczenleyece\u011fi programda T\u00fcrk halk m\u00fczi\u011finin sevilen ismi Sad\u0131k G\u00fcrb\u00fcz sahne alacak.<br \/>\nT\u00fcm d\u00fcnyada \u00e7at\u0131\u015fmalar\u0131n sona ermesi, insan haklar\u0131n\u0131n korunmas\u0131 ve k\u00fcresel dayan\u0131\u015fman\u0131n \u00f6neminin vurguland\u0131\u011f\u0131 1 Eyl\u00fcl D\u00fcnya Bar\u0131\u015f G\u00fcn\u00fc\u2019nde Yeni\u015fehir Belediyesi, Sad\u0131k G\u00fcrb\u00fcz dinletisiyle Mersinlileri bir araya getirecek. 1 Eyl\u00fcl Cuma g\u00fcn\u00fc saat 20.00\u2019de Yeni\u015fehir Belediyesi Atat\u00fcrk K\u00fclt\u00fcr Merkezi\u2019nde d\u00fczenlenecek dinleti program\u0131nda sahne alacak olan Sad\u0131k G\u00fcrb\u00fcz, t\u00fcrk\u00fclerini bar\u0131\u015f i\u00e7in okuyacak.<br \/>\nBa\u015fkan \u00d6zyi\u011fit, \u201cHep birlikte bar\u0131\u015f\u0131n sesi olmaya devam edece\u011fiz.\u201d<br \/>\nMersinlileri, 1 Eyl\u00fcl D\u00fcnya Bar\u0131\u015f G\u00fcn\u00fc program\u0131na davet eden Yeni\u015fehir Belediye Ba\u015fkan\u0131 Abdullah \u00d6zyi\u011fit, Ulu \u00d6nder Gazi Mustafa Kemal Atat\u00fcrk\u2019\u00fcn \u201cYurtta Bar\u0131\u015f, D\u00fcnyada Bar\u0131\u015f\u201d s\u00f6z\u00fcne dikkat \u00e7ekerek \u015funlar\u0131 s\u00f6yledi: \u201cK\u00fclt\u00fcr ve sanat etkinliklerinin insanlar\u0131 bir araya getirerek ortak bir paydada bulu\u015fturdu\u011funa inan\u0131yoruz. Bu \u00f6zel g\u00fcnde de m\u00fczi\u011fin ve sanat\u0131n g\u00fcc\u00fcn\u00fc kullanarak bar\u0131\u015f\u0131n g\u00fczelliklerini birlikte kutlamak istiyoruz. &#8220;Bar\u0131\u015f\u0131n ve dayan\u0131\u015fman\u0131n \u00f6nemini bir kez daha hat\u0131rlatmak ve vurgulamak ad\u0131na, 1 Eyl\u00fcl&#8217;de ger\u00e7ekle\u015ftirece\u011fimiz program\u0131m\u0131za t\u00fcm Mersinli hem\u015fehrilerimizi bekliyoruz. Ulu \u00d6nder Gazi Mustafa Kemal Atat\u00fcrk&#8217;\u00fcn bize miras b\u0131rakt\u0131\u011f\u0131 &#8216;Yurtta Bar\u0131\u015f, D\u00fcnyada Bar\u0131\u015f&#8217; ilkesini ya\u015fatmak i\u00e7in m\u00fccadelemiz s\u00fcrecek. Hep birlikte bar\u0131\u015f\u0131n sesi olmaya devam edece\u011fiz.\u201d<\/p>\n","protected":false},"excerpt":{"rendered":"<p>Mersin Yeni\u015fehir Belediyesinin 1 Eyl\u00fcl D\u00fcnya Bar\u0131\u015f G\u00fcn\u00fc nedeniyle d\u00fczenleyece\u011fi programda T\u00fcrk halk m\u00fczi\u011finin sevilen ismi Sad\u0131k G\u00fcrb\u00fcz sahne alacak. T\u00fcm d\u00fcnyada \u00e7at\u0131\u015fmalar\u0131n sona ermesi, insan haklar\u0131n\u0131n korunmas\u0131 ve k\u00fcresel &hellip; <a href=\"https:\/\/akdenizolaygazetesi.com\/?p=27401\" class=\"more-link\">Devam\u0131n\u0131 Oku&#8230;<\/a><\/p>\n","protected":false},"author":2,"featured_media":27402,"comment_status":"open","ping_status":"open","sticky":false,"template":"","format":"standard","meta":[],"categories":[3],"tags":[],"_links":{"self":[{"href":"https:\/\/akdenizolaygazetesi.com\/index.php?rest_route=\/wp\/v2\/posts\/27401"}],"collection":[{"href":"https:\/\/akdenizolaygazetesi.com\/index.php?rest_route=\/wp\/v2\/posts"}],"about":[{"href":"https:\/\/akdenizolaygazetesi.com\/index.php?rest_route=\/wp\/v2\/types\/post"}],"author":[{"embeddable":true,"href":"https:\/\/akdenizolaygazetesi.com\/index.php?rest_route=\/wp\/v2\/users\/2"}],"replies":[{"embeddable":true,"href":"https:\/\/akdenizolaygazetesi.com\/index.php?rest_route=%2Fwp%2Fv2%2Fcomments&post=27401"}],"version-history":[{"count":1,"href":"https:\/\/akdenizolaygazetesi.com\/index.php?rest_route=\/wp\/v2\/posts\/27401\/revisions"}],"predecessor-version":[{"id":27403,"href":"https:\/\/akdenizolaygazetesi.com\/index.php?rest_route=\/wp\/v2\/posts\/27401\/revisions\/27403"}],"wp:featuredmedia":[{"embeddable":true,"href":"https:\/\/akdenizolaygazetesi.com\/index.php?rest_route=\/wp\/v2\/media\/27402"}],"wp:attachment":[{"href":"https:\/\/akdenizolaygazetesi.com\/index.php?rest_route=%2Fwp%2Fv2%2Fmedia&parent=27401"}],"wp:term":[{"taxonomy":"category","embeddable":true,"href":"https:\/\/akdenizolaygazetesi.com\/index.php?rest_route=%2Fwp%2Fv2%2Fcategories&post=27401"},{"taxonomy":"post_tag","embeddable":true,"href":"https:\/\/akdenizolaygazetesi.com\/index.php?rest_route=%2Fwp%2Fv2%2Ftags&post=27401"}],"curies":[{"name":"wp","href":"https:\/\/api.w.org\/{rel}","templated":true}]}}