{"id":2744,"date":"2020-11-04T18:23:14","date_gmt":"2020-11-04T15:23:14","guid":{"rendered":"http:\/\/mersinekonomipolitikagazetesi.com\/?p=2744"},"modified":"2020-11-04T18:23:14","modified_gmt":"2020-11-04T15:23:14","slug":"2-mersin-uluslararasi-engelsiz-sanat-festivali-heyecani-mersini-sardi","status":"publish","type":"post","link":"https:\/\/akdenizolaygazetesi.com\/?p=2744","title":{"rendered":"2. MERS\u0130N ULUSLARARASI  ENGELS\u0130Z SANAT FEST\u0130VAL\u0130 HEYECANI MERS\u0130N\u2019\u0130 SARDI"},"content":{"rendered":"<p>Mersin\u2019de bu y\u0131l 2. kez d\u00fczenlenen Uluslararas\u0131 Engelsiz Sanat Festivali ba\u015flad\u0131. 17 \u00fclkeden gelip Mersin\u2019de bulu\u015fan 172 sanat\u00e7\u0131 4 g\u00fcn boyunca ger\u00e7ekle\u015ftirecekleri sanatsal performanslar\u0131 ile hem \u015fehrin sokaklar\u0131n\u0131 \u015fenlendirecek hem de t\u00fcm d\u00fcnyaya Sanat\u0131n Engel tan\u0131maz g\u00fcc\u00fcn\u00fc, insanl\u0131\u011f\u0131n engellere kar\u015f\u0131 sanatla verdikleri m\u00fccadeleyi hayk\u0131racaklar.<br \/>\n\u00a014 Ekim\u2019e kadar devam edecek olan festival, Mersin B\u00fcy\u00fck\u015fehir Belediyesi, Mersin Valili\u011fi, Mersin\u2019i Kalk\u0131nd\u0131rma ve Dayan\u0131\u015fma Derne\u011fi (MEKAD) ve Mersin B\u00fcy\u00fck\u015fehir Belediyesi K\u00fclt\u00fcr Sanat Bilim Ula\u015f\u0131m A.\u015e. ortakl\u0131\u011f\u0131nda ger\u00e7ekle\u015ftiriliyor.<br \/>\n\u201cEngelsiz Kent Mersin\u201d slogan\u0131yla hareket eden Mersin B\u00fcy\u00fck\u015fehir Belediyesi, \u015fehir ve \u00e7evre planlamalar\u0131nda kentin t\u00fcm hayat alanlar\u0131n\u0131n ve altyap\u0131s\u0131n\u0131n vatanda\u015flar taraf\u0131ndan e\u015fit kullan\u0131labilmesine y\u00f6nelik d\u00fczenlemeler yapmaya devam ediyor.<br \/>\n\u00a0Sosyo-k\u00fclt\u00fcrel hayata da ayn\u0131 anlay\u0131\u015fla bakarak engellilere kendilerini ifade edebilme imk\u00e2n\u0131 sa\u011flayacak bir\u00e7ok k\u00fclt\u00fcrel ve sanatsal etkinlik d\u00fczenleyen Mersin B\u00fcy\u00fck\u015fehir Belediyesi d\u00fcnyada bir ilk olan Uluslararas\u0131 Engelsiz Sanat Festivali\u2019nin ikincisini 11-14 Ekim 2018 tarihlerinde Mersin ile bulu\u015fturuyor.<br \/>\nFestivalin resmi program ak\u0131\u015f\u0131 ise saat 14.00\u2019da, Mersin B\u00fcy\u00fck\u015fehir Belediyesi Bando Tak\u0131m\u0131 ve \u0130stanbul B\u00fcy\u00fck\u015fehir Belediyesi Zihinsel Engelliler Mehter Tak\u0131m\u0131 e\u015fli\u011finde, Ulu Camii\u2019den Cumhuriyet Meydan\u0131\u2019na do\u011fru ger\u00e7ekle\u015ftirilecek kortej y\u00fcr\u00fcy\u00fc\u015f\u00fcyle ba\u015flayacak. Cumhuriyet Meydan\u0131\u2019nda Atat\u00fcrk b\u00fcst\u00fcne \u00e7elenk koyulmas\u0131n\u0131n ard\u0131ndan, aralar\u0131nda d\u00fcnyaca \u00fcnl\u00fc ressam E\u015fref Arma\u011fan\u2019\u0131n da bulundu\u011fu \u00e7ok de\u011ferli sanat\u00e7\u0131lar\u0131n resim ve foto\u011fraflar\u0131ndan olu\u015fan sergi a\u00e7\u0131l\u0131\u015f\u0131 yap\u0131lacak. Her biri farkl\u0131 k\u00fclt\u00fcr ve co\u011frafyan\u0131n insan\u0131 olmas\u0131na ra\u011fmen sanatla engellerini a\u015fmaya \u00e7al\u0131\u015fan ve bu \u00e7al\u0131\u015fmalar\u0131 ile \u00fclkelerinde ve d\u00fcnyada isimlerini duyuran onlarca sanat\u00e7\u0131n\u0131n bu e\u015fsiz eserleri sanatseverlerle bu sergide bulu\u015facak. \u0130ran\u2019dan, Hindistan\u2019a, Azerbaycan\u2019dan Irak\u2019a, \u0130spanyadan Afganistan\u2019a d\u00fcnyan\u0131n d\u00f6rt bir yan\u0131ndan renkli hikayelerin simgesi olan bu eserler festival boyunca Mersinli sanatseverlerin ziyaretine a\u00e7\u0131k olacak. Sergi alan\u0131nda Z\u0130\u00c7EV Ritim Grubu Ve Engelsiz I\u015f\u0131klar Ritim Grubu da sahne alacak.<br \/>\nFestival saat 15.00\u2019da Mersin Sanayi ve Ticaret Odas\u0131 \u00f6n\u00fcnde devam edecek. Programda, Engelsiz Koro, Rus ses sanat\u00e7\u0131s\u0131 Danil Pluzhnikov, \u00a0T\u00fcrk k\u00f6kenli Bulgaristan vatanda\u015f\u0131 ses sanat\u00e7\u0131s\u0131 Orhan Murad ve ge\u00e7en seneki festivalde Mersinlilere unutulmaz dakikalar ya\u015fatan Gatto Gabriel &#038; Steven Cyril ikilisi sahne alacak.<br \/>\nJose Feliciano Mersin\u2019de<br \/>\nFestivalin en \u00f6nemli konu\u011funun sahne alaca\u011f\u0131 a\u00e7\u0131l\u0131\u015f konseri ise saat 20.00\u2019da Oylum Talu\u2019nun sunumu ile Yeni\u015fehir Atat\u00fcrk K\u00fclt\u00fcr Merkezi\u2019nde ger\u00e7ekle\u015fecek. Sahneye ilk olarak, T\u00fcrkiye \u00e7ap\u0131nda ismini duyurmu\u015f olan saz sanat\u00e7\u0131s\u0131 \u00c7a\u011fatay Aras \u00e7\u0131kacak. Ard\u0131ndan 9 Grammy \u00d6d\u00fcll\u00fc, d\u00fcnyaca \u00fcnl\u00fc Porto Rikolu gitarist ve \u015fark\u0131c\u0131 Jose Feliciano sahneye \u00e7\u0131karak Mersin\u2019de m\u00fczik dolu bir gece ya\u015fatacak.<\/p>\n","protected":false},"excerpt":{"rendered":"<p>Mersin\u2019de bu y\u0131l 2. kez d\u00fczenlenen Uluslararas\u0131 Engelsiz Sanat Festivali ba\u015flad\u0131. 17 \u00fclkeden gelip Mersin\u2019de bulu\u015fan 172 sanat\u00e7\u0131 4 g\u00fcn boyunca ger\u00e7ekle\u015ftirecekleri sanatsal performanslar\u0131 ile hem \u015fehrin sokaklar\u0131n\u0131 \u015fenlendirecek hem &hellip; <a href=\"https:\/\/akdenizolaygazetesi.com\/?p=2744\" class=\"more-link\">Devam\u0131n\u0131 Oku&#8230;<\/a><\/p>\n","protected":false},"author":1,"featured_media":0,"comment_status":"open","ping_status":"open","sticky":false,"template":"","format":"standard","meta":[],"categories":[],"tags":[],"_links":{"self":[{"href":"https:\/\/akdenizolaygazetesi.com\/index.php?rest_route=\/wp\/v2\/posts\/2744"}],"collection":[{"href":"https:\/\/akdenizolaygazetesi.com\/index.php?rest_route=\/wp\/v2\/posts"}],"about":[{"href":"https:\/\/akdenizolaygazetesi.com\/index.php?rest_route=\/wp\/v2\/types\/post"}],"author":[{"embeddable":true,"href":"https:\/\/akdenizolaygazetesi.com\/index.php?rest_route=\/wp\/v2\/users\/1"}],"replies":[{"embeddable":true,"href":"https:\/\/akdenizolaygazetesi.com\/index.php?rest_route=%2Fwp%2Fv2%2Fcomments&post=2744"}],"version-history":[{"count":0,"href":"https:\/\/akdenizolaygazetesi.com\/index.php?rest_route=\/wp\/v2\/posts\/2744\/revisions"}],"wp:attachment":[{"href":"https:\/\/akdenizolaygazetesi.com\/index.php?rest_route=%2Fwp%2Fv2%2Fmedia&parent=2744"}],"wp:term":[{"taxonomy":"category","embeddable":true,"href":"https:\/\/akdenizolaygazetesi.com\/index.php?rest_route=%2Fwp%2Fv2%2Fcategories&post=2744"},{"taxonomy":"post_tag","embeddable":true,"href":"https:\/\/akdenizolaygazetesi.com\/index.php?rest_route=%2Fwp%2Fv2%2Ftags&post=2744"}],"curies":[{"name":"wp","href":"https:\/\/api.w.org\/{rel}","templated":true}]}}