{"id":27445,"date":"2023-08-29T13:08:50","date_gmt":"2023-08-29T10:08:50","guid":{"rendered":"http:\/\/akdenizolaygazetesi.com\/?p=27445"},"modified":"2023-08-29T13:08:50","modified_gmt":"2023-08-29T10:08:50","slug":"mersinliler-zafer-haftasi-coskusunu-doyasiya-yasayacak","status":"publish","type":"post","link":"https:\/\/akdenizolaygazetesi.com\/?p=27445","title":{"rendered":"MERS\u0130NL\u0130LER, ZAFER HAFTASI CO\u015eKUSUNU DOYASIYA YA\u015eAYACAK"},"content":{"rendered":"<p>Mersin B\u00fcy\u00fck\u015fehir Belediyesi K\u00fclt\u00fcr ve Sosyal \u0130\u015fler Daire Ba\u015fkanl\u0131\u011f\u0131&#8217;n\u0131n, 30 A\u011fustos Zafer Bayram\u0131 kapsam\u0131nda d\u00fczenledi\u011fi &#8216;Zafer Haftas\u0131&#8217; etkinlikleri, Mersin&#8217;in d\u00f6rt bir yan\u0131nda ba\u015flad\u0131. &#8216;Bir \u00d6nder \u0130nand\u0131, Bir Millet Kazand\u0131&#8217; slogan\u0131yla ba\u015flat\u0131lan &#8216;Zafer Haftas\u0131&#8217; etkinliklerinin ilki Erdemli&#8217;de ba\u015flad\u0131. T\u00f6m\u00fck&#8217;te bulunan G\u00fcll\u00fck Sitesi \u00f6n\u00fcnde C\u00fcneyt I\u015f\u0131k sahne ald\u0131. C\u00fcneyt I\u015f\u0131k&#8217;a sahnede, Mersin&#8217;de yeti\u015fen de\u011ferli sanat\u00e7\u0131lardan ve ayn\u0131 zamanda TRT Sanat\u00e7\u0131s\u0131 olan babas\u0131 Fahri I\u015f\u0131k&#8217;ta \u015fark\u0131lar\u0131yla e\u015flik etti.<\/p>\n<p>T\u00f6m\u00fck halk\u0131 konserlerle co\u015ftu<br \/>\nErdemli il\u00e7esi T\u00f6m\u00fck Mahallesi, konserlerin adresi oldu. Konser verilen ilk nokta \u00d6ner Sitesi&#8217;nin \u00f6n\u00fc oldu. Mersin B\u00fcy\u00fck\u015fehir Belediyesi Pop Orkestras\u0131, verdi\u011fi konserle vatanda\u015flara keyifli saatler ya\u015fatt\u0131.<\/p>\n<p>\u0130kinci konser noktas\u0131 ise G\u00fcll\u00fck Sitesi \u00f6n\u00fc oldu. Vatanda\u015flar, etkinlik kapsam\u0131nda \u00f6nce ellerinde bayraklarla ve b\u00fcy\u00fck bir co\u015fkuyla kortej y\u00fcr\u00fcy\u00fc\u015f\u00fc ger\u00e7ekle\u015ftirdi. Korteje, b\u00f6lge esnaf\u0131 ve balkonlar\u0131nda oturan vatanda\u015flar da alk\u0131\u015flarla e\u015flik etti. Kortej y\u00fcr\u00fcy\u00fc\u015f\u00fcyle ba\u015flayan etkinlik, G\u00fcll\u00fck Sitesi \u00f6n\u00fcnde ger\u00e7ekle\u015fen C\u00fcneyt I\u015f\u0131k konseri ile s\u00fcrd\u00fc. C\u00fcneyt I\u015f\u0131k&#8217;a sahnede, kendisi de Tarsuslu olan ve \u015fark\u0131lar\u0131yla d\u00f6nemine damga vuran TRT sanat\u00e7\u0131s\u0131 Fahri I\u015f\u0131k&#8217;ta e\u015flik etti.<\/p>\n<p>Etkinlikler kapsam\u0131nda Sosyal Hizmetler Dairesi taraf\u0131ndan, &#8216;Vahap Amca&#8217;yla Tatl\u0131 G\u00fcnler&#8217; projesi kapsam\u0131nda limon dondurma ikram\u0131 da yap\u0131ld\u0131. Vatanda\u015flar, s\u0131cak havada B\u00fcy\u00fck\u015fehir&#8217;in da\u011f\u0131tt\u0131\u011f\u0131 dondurmayla serinledi.<\/p>\n<p>Uzunba\u011f: &#8220;Sanat\u00e7\u0131 bir baba ve o\u011flunu burada misafir etmek, bizim i\u00e7in \u015ferefti&#8221;<br \/>\nMersin B\u00fcy\u00fck\u015fehir Belediyesi Erdemli Koordinat\u00f6r\u00fc Vedat Uzunba\u011f, &#8220;Sahnede \u00e7ok b\u00fcy\u00fck, \u00e7ok de\u011ferli sanat\u00e7\u0131lar\u0131m\u0131z var. Sanat\u00e7\u0131 bir baba ve o\u011flunu burada misafir etmek, bizim i\u00e7in \u015ferefti. B\u00fcy\u00fck\u015fehir Belediye Ba\u015fkan\u0131m\u0131z Say\u0131n Vahap Se\u00e7er ad\u0131na, hepinizin 30 A\u011fustos Zafer Bayram\u0131&#8217;n\u0131 kutluyorum&#8221; dedi.<\/p>\n<p>Vatanda\u015flar, keyifli bir ak\u015fam ge\u00e7irmenin tad\u0131n\u0131 \u00e7\u0131kard\u0131<br \/>\nKonseri \u00f6n s\u0131ralardan izleyen vatanda\u015flardan Dilek Ceran duygular\u0131n\u0131, &#8220;\u00c7ok g\u00fczel bir konserdi. 30 A\u011fustos t\u00fcm T\u00fcrkiye&#8217;nin zaferi. Atam\u0131z\u0131n ruhu \u015fad olsun. Gen\u00e7ler onun yolunda ilerliyor. Bu etkinli\u011fi d\u00fczenledi\u011fi i\u00e7in de Vahap Se\u00e7er&#8217;e \u00e7ok te\u015fekk\u00fcr ediyoruz. \u00c7ok co\u015fkulu, \u00e7ok g\u00fczel bir g\u00fcn&#8221; diye belirtti. Bu tarz etkinliklerle milli ve manevi duygular\u0131n canland\u0131\u011f\u0131n\u0131 s\u00f6zlerine ekleyen Ceran, &#8220;Biz bunlar\u0131 b\u00fcy\u00fcklerimizden \u00f6\u011frendik. \u00c7ocuklar\u0131m\u0131za da biz \u00f6\u011fretece\u011fiz. Cumhuriyet&#8217;e hep birlikte sahip \u00e7\u0131kaca\u011f\u0131z&#8221; dedi.<\/p>\n<p>Mu\u011flal\u0131 oldu\u011funu ifade eden ve Vahap Se\u00e7er&#8217;in Mu\u011fla&#8217;da da tan\u0131nd\u0131\u011f\u0131n\u0131 s\u00f6yleyen Ayfer G\u00fcrb\u00fcz isimli vatanda\u015f, &#8220;20 seneden beri buraday\u0131m. Yapt\u0131\u011f\u0131 hizmetler dolay\u0131s\u0131yla, Vahap Se\u00e7er&#8217;i Ege&#8217;de de \u00e7ok tebrik ediyorlar. Mu\u011fla halk\u0131 bile kendisinden \u00e7ok memnun. Biz de d\u00fczenlenen etkinliklerden \u00e7ok memnunuz. Bu t\u00fcr etkinlikleri daha \u00f6nce televizyondan izlerdik, \u015fimdi biz de kat\u0131l\u0131yoruz. Devam\u0131 daim olsun&#8221; diye konu\u015ftu.<\/p>\n<p>B\u00fcy\u00fck\u015fehir Belediyesi&#8217;nin ger\u00e7ekle\u015ftirdi\u011fi etkinlikler sayesinde sosyalle\u015ftiklerini s\u00f6yleyen Dudu Ba\u015fkurt, &#8220;Her \u015fey g\u00fczel gidiyor. Vahap Se\u00e7er&#8217;e \u00e7ok te\u015fekk\u00fcr ediyoruz. O&#8217;nun sayesinde kad\u0131nlar\u0131m\u0131z konserlere ve gezilere gidiyor&#8221; ifadelerini kulland\u0131.<\/p>\n<p>Yap\u0131lan &#8216;Zafer Haftas\u0131&#8217; etkinlikleriyle \u00e7ok e\u011flendiklerini ifade eden K\u0131smet Evciba\u011f, &#8220;Etkinlikleri \u00e7ok g\u00fczel buluyorum. \u00d6nce bu t\u00fcr \u015feyleri televizyonda izleyebiliyorduk. \u015eimdi Vahap Se\u00e7er&#8217;in sayesinde, biz de kat\u0131l\u0131yoruz. \u00c7ok da mutluyuz. Bir\u00e7ok konsere kat\u0131ld\u0131k, te\u015fekk\u00fcr ediyoruz&#8221; derken, d\u00fczenlenen y\u00fcr\u00fcy\u00fc\u015f\u00fcn co\u015fkuyla ge\u00e7ti\u011fini ifade ederek, &#8220;\u00c7ok heyecanland\u0131k. O anlar\u0131 ya\u015far gibi olduk&#8221; diye konu\u015ftu.<\/p>\n<p>Hem y\u00fcr\u00fcy\u00fc\u015fe, hem de konsere kat\u0131lan Dudu G\u00fcl ise ak\u015fam\u0131 de\u011ferlendirerek, &#8220;E\u011fleniyoruz. Harika, \u00e7ok g\u00fczel. \u00c7ok mutluyum, ne\u015feliyim&#8221; dedi.<\/p>\n","protected":false},"excerpt":{"rendered":"<p>Mersin B\u00fcy\u00fck\u015fehir Belediyesi K\u00fclt\u00fcr ve Sosyal \u0130\u015fler Daire Ba\u015fkanl\u0131\u011f\u0131&#8217;n\u0131n, 30 A\u011fustos Zafer Bayram\u0131 kapsam\u0131nda d\u00fczenledi\u011fi &#8216;Zafer Haftas\u0131&#8217; etkinlikleri, Mersin&#8217;in d\u00f6rt bir yan\u0131nda ba\u015flad\u0131. &#8216;Bir \u00d6nder \u0130nand\u0131, Bir Millet Kazand\u0131&#8217; slogan\u0131yla &hellip; <a href=\"https:\/\/akdenizolaygazetesi.com\/?p=27445\" class=\"more-link\">Devam\u0131n\u0131 Oku&#8230;<\/a><\/p>\n","protected":false},"author":2,"featured_media":27446,"comment_status":"open","ping_status":"open","sticky":false,"template":"","format":"standard","meta":[],"categories":[3],"tags":[],"_links":{"self":[{"href":"https:\/\/akdenizolaygazetesi.com\/index.php?rest_route=\/wp\/v2\/posts\/27445"}],"collection":[{"href":"https:\/\/akdenizolaygazetesi.com\/index.php?rest_route=\/wp\/v2\/posts"}],"about":[{"href":"https:\/\/akdenizolaygazetesi.com\/index.php?rest_route=\/wp\/v2\/types\/post"}],"author":[{"embeddable":true,"href":"https:\/\/akdenizolaygazetesi.com\/index.php?rest_route=\/wp\/v2\/users\/2"}],"replies":[{"embeddable":true,"href":"https:\/\/akdenizolaygazetesi.com\/index.php?rest_route=%2Fwp%2Fv2%2Fcomments&post=27445"}],"version-history":[{"count":1,"href":"https:\/\/akdenizolaygazetesi.com\/index.php?rest_route=\/wp\/v2\/posts\/27445\/revisions"}],"predecessor-version":[{"id":27447,"href":"https:\/\/akdenizolaygazetesi.com\/index.php?rest_route=\/wp\/v2\/posts\/27445\/revisions\/27447"}],"wp:featuredmedia":[{"embeddable":true,"href":"https:\/\/akdenizolaygazetesi.com\/index.php?rest_route=\/wp\/v2\/media\/27446"}],"wp:attachment":[{"href":"https:\/\/akdenizolaygazetesi.com\/index.php?rest_route=%2Fwp%2Fv2%2Fmedia&parent=27445"}],"wp:term":[{"taxonomy":"category","embeddable":true,"href":"https:\/\/akdenizolaygazetesi.com\/index.php?rest_route=%2Fwp%2Fv2%2Fcategories&post=27445"},{"taxonomy":"post_tag","embeddable":true,"href":"https:\/\/akdenizolaygazetesi.com\/index.php?rest_route=%2Fwp%2Fv2%2Ftags&post=27445"}],"curies":[{"name":"wp","href":"https:\/\/api.w.org\/{rel}","templated":true}]}}