{"id":27448,"date":"2023-08-29T13:11:04","date_gmt":"2023-08-29T10:11:04","guid":{"rendered":"http:\/\/akdenizolaygazetesi.com\/?p=27448"},"modified":"2023-08-29T13:11:04","modified_gmt":"2023-08-29T10:11:04","slug":"malazgirt-zaferi-etkinliklerinde-toroslar-belediyesinin-otagi-buyuk-ilgi-gordu","status":"publish","type":"post","link":"https:\/\/akdenizolaygazetesi.com\/?p=27448","title":{"rendered":"MALAZG\u0130RT ZAFER\u0130 ETK\u0130NL\u0130KLER\u0130NDE TOROSLAR BELED\u0130YES\u0130N\u0130N OTA\u011eI B\u00dcY\u00dcK \u0130LG\u0130 G\u00d6RD\u00dc"},"content":{"rendered":"<p>Toroslar Belediye Ba\u015fkan\u0131 Ats\u0131z Af\u015f\u0131n Y\u0131lmaz, T\u00fcrk ve d\u00fcnya tarihinin d\u00f6n\u00fcm noktalar\u0131ndan biri olan Malazgirt Zaferi&#8217;nin 952. y\u0131l d\u00f6n\u00fcm\u00fc etkinliklerine kat\u0131ld\u0131. Ahlat&#8217;ta yerini alan Toroslar Belediyesinin ota\u011f \u00e7ad\u0131r\u0131 ise kat\u0131l\u0131mc\u0131lar\u0131n ilgi oda\u011f\u0131 oldu.<\/p>\n<p>Cumhurba\u015fkan\u0131 Recep Tayyip Erdo\u011fan ve MHP Genel Ba\u015fkan\u0131 Devlet Bah\u00e7eli&#8217;nin te\u015frifleriyle Mu\u015f&#8217;un Malazgirt il\u00e7esinde d\u00fczenlenen program, co\u015fkuyla ger\u00e7ekle\u015fti.<\/p>\n<p>Anadolu&#8217;un kap\u0131lar\u0131n\u0131 T\u00fcrklere a\u00e7an zaferin y\u0131l d\u00f6n\u00fcm\u00fcnde MHP Genel Ba\u015fkan\u0131 Devlet Bah\u00e7eli ile bir araya gelen Ba\u015fkan Y\u0131lmaz; &#8220;T\u00fcrkmen Beyimiz, Say\u0131n Genel Ba\u015fkan\u0131m\u0131z\u0131n dedi\u011fi gibi &#8216;\u0130rademiz Sultan Alparslan&#8217;\u0131n iradesi, ilham\u0131m\u0131z Gazi Mustafa Kemal Atat\u00fcrk&#8217;\u00fcn istiklal davas\u0131d\u0131r.&#8217; Liderimiz Say\u0131n Devlet Bah\u00e7eli ile Malazgirt Zaferimizin 952. y\u0131l d\u00f6n\u00fcm\u00fcnde bir araya gelmenin onurunu ya\u015fad\u0131m&#8221; ifadelerini kulland\u0131.<\/p>\n<p>BA\u015eKAN YILMAZ, GEN\u00c7LERLE S\u00d6YLE\u015e\u0130 YAPTI<\/p>\n<p>Ba\u015fkan Y\u0131lmaz, Mersin&#8217;den gelen gen\u00e7leri ve hem\u015fehrilerini de ota\u011f \u00e7ad\u0131r\u0131nda a\u011f\u0131rlad\u0131. Ota\u011f\u0131 ziyaret eden misafirlere Mersin&#8217;e \u00f6zg\u00fc cezerye ikram edildi.<\/p>\n<p>Toroslar \u0130l\u00e7esinin tarihi ve k\u00fclt\u00fcrel de\u011ferlerinin yans\u0131t\u0131ld\u0131\u011f\u0131 ve foto\u011fraflar\u0131n\u0131n bulundu\u011fu belediye ota\u011f\u0131nda, Ba\u015fkan Y\u0131lmaz misafirleriyle yak\u0131ndan ilgilenerek sohbet etti.<\/p>\n<p>Ota\u011f\u0131 ziyaret eden vatanda\u015flar, Ahlat&#8217;ta Malazgirt Zaferi Kutlamalar\u0131nda Toroslar Belediyesi&#8217;ni g\u00f6r\u00fcnce heyecanland\u0131klar\u0131n\u0131 ve bunun gururunu ya\u015fad\u0131klar\u0131n\u0131 belirterek, Ba\u015fkan Y\u0131lmaz&#8217;a te\u015fekk\u00fcr etti.<\/p>\n<p>Ota\u011f \u00e7ad\u0131r\u0131n\u0131n \u00f6n\u00fcnde gen\u00e7lerle s\u00f6yle\u015fi yaparak onlardan \u00e7ok \u00e7al\u0131\u015fmalar\u0131n\u0131 isteyen Ba\u015fkan Y\u0131lmaz; &#8220;Gen\u00e7lerimiz i\u00e7in \u00f6nemli olan, yeni, faydal\u0131 ve g\u00fcncel olan ne varsa onu yapmak i\u00e7in \u00e7al\u0131\u015f\u0131yoruz. Birbirimizi sevmenin, sayman\u0131n yolunu bulmak bizim g\u00f6revimiz. Bizim hep birlikte ya\u015fama irademiz var \u00e7ok \u015f\u00fck\u00fcr. Bu etkinlik, bu a\u00e7\u0131dan \u00e7ok \u00f6nemli. Anadolu Co\u011frafyas\u0131nda ba\u015fka bir \u015fey d\u00fc\u015f\u00fcnmek m\u00fcmk\u00fcn de\u011fil. G\u00fc\u00e7, do\u011fuya kay\u0131yor. Bu g\u00fcc\u00fcn, lokomotifi de T\u00fcrkiye olacakt\u0131r in\u015fallah. Emin ad\u0131mlarla ilerliyoruz. Bunu da siz gen\u00e7lerimiz yapacaks\u0131n\u0131z&#8221; dedi.<\/p>\n<p>&#8220;MALAZG\u0130RT RUHU HER ZAMAN YOL G\u00d6STER\u0130C\u0130M\u0130Z OLACAKTIR&#8221;<\/p>\n<p>&#8220;1071 Malazgirt Zaferi, en zor \u015fartlarda milletimizin yeniden dirili\u015finin, yeniden aya\u011fa kalk\u0131\u015f\u0131n\u0131n sembol\u00fc olmu\u015ftur&#8221; diyen Ba\u015fkan Y\u0131lmaz; &#8220;Cumhurba\u015fkan\u0131m\u0131z Say\u0131n Recep Tayyip Erdo\u011fan ve Genel Ba\u015fkan\u0131m\u0131z, T\u00fcrkmen Beyimiz Say\u0131n Devlet Bah\u00e7eli&#8217;nin te\u015frifleriyle Malazgirt Zaferimizin 952. y\u0131l d\u00f6n\u00fcm\u00fc dolay\u0131s\u0131yla d\u00fczenlenen t\u00f6rende zaferimizin gururunu, co\u015fkusunu ya\u015fad\u0131k. Zaferin y\u0131l d\u00f6n\u00fcm\u00fcnde ota\u011f\u0131m\u0131zla Ahlat&#8217;ta yerimizi ald\u0131k. Malazgirt ruhu, aziz milletimize daima ilham kayna\u011f\u0131 ve yol g\u00f6stericimiz olmu\u015ftur. Anadolu&#8217;yu ebediyen vatan k\u0131lan Sultan Alparslan ve \u015fanl\u0131 ecdad\u0131m\u0131z\u0131, B\u00fcy\u00fck Taarruz&#8217;un 101&#8217;inci y\u0131l d\u00f6n\u00fcm\u00fcnde Cumhuriyetimizin kurucusu Gazi Mustafa Kemal Atat\u00fcrk&#8217;\u00fc, aziz \u015fehitlerimizi rahmetle, sayg\u0131yla ve minnetle an\u0131yorum. Kutlu fetih, \u015fanl\u0131 zafer 1071 Malazgirt Zaferi kutlu olsun&#8221; diye konu\u015ftu.<\/p>\n<p>Mu\u015f Hask\u00f6y&#8217;\u00fc de ziyaret eden Ba\u015fkan Y\u0131lmaz, burada MHP Mu\u015f \u0130l Ba\u015fkan\u0131 Osman Y\u00fcce, Hask\u00f6y \u0130l\u00e7e Ba\u015fkan\u0131 G\u00f6khan K\u00fcrem,  28. D\u00f6nem Mu\u015f Milletvekili Aday\u0131 Levent \u00d6zmen ile Ge\u00e7mi\u015f D\u00f6nem Hask\u00f6y Belediye Ba\u015fkan\u0131 Zihni Sayan ile bir araya geldi.<\/p>\n<p>Ta\u015f Medreseli \u00dclk\u00fcc\u00fcler Genel Ba\u015fkan Yard\u0131mc\u0131s\u0131 S\u00fcleyman K\u00fclahl\u0131 ve Erhan Soylu&#8217;nun da kat\u0131ld\u0131\u011f\u0131 ziyarette Ba\u015fkan Y\u0131lmaz, Hask\u00f6y&#8217;e \u00f6zg\u00fc k\u00f6zde demlenmi\u015f \u00e7aylar\u0131ndan i\u00e7erek, g\u00f6n\u00fclda\u015flar\u0131yla sohbet etti.<\/p>\n","protected":false},"excerpt":{"rendered":"<p>Toroslar Belediye Ba\u015fkan\u0131 Ats\u0131z Af\u015f\u0131n Y\u0131lmaz, T\u00fcrk ve d\u00fcnya tarihinin d\u00f6n\u00fcm noktalar\u0131ndan biri olan Malazgirt Zaferi&#8217;nin 952. y\u0131l d\u00f6n\u00fcm\u00fc etkinliklerine kat\u0131ld\u0131. Ahlat&#8217;ta yerini alan Toroslar Belediyesinin ota\u011f \u00e7ad\u0131r\u0131 ise kat\u0131l\u0131mc\u0131lar\u0131n &hellip; <a href=\"https:\/\/akdenizolaygazetesi.com\/?p=27448\" class=\"more-link\">Devam\u0131n\u0131 Oku&#8230;<\/a><\/p>\n","protected":false},"author":2,"featured_media":27449,"comment_status":"open","ping_status":"open","sticky":false,"template":"","format":"standard","meta":[],"categories":[2,3],"tags":[],"_links":{"self":[{"href":"https:\/\/akdenizolaygazetesi.com\/index.php?rest_route=\/wp\/v2\/posts\/27448"}],"collection":[{"href":"https:\/\/akdenizolaygazetesi.com\/index.php?rest_route=\/wp\/v2\/posts"}],"about":[{"href":"https:\/\/akdenizolaygazetesi.com\/index.php?rest_route=\/wp\/v2\/types\/post"}],"author":[{"embeddable":true,"href":"https:\/\/akdenizolaygazetesi.com\/index.php?rest_route=\/wp\/v2\/users\/2"}],"replies":[{"embeddable":true,"href":"https:\/\/akdenizolaygazetesi.com\/index.php?rest_route=%2Fwp%2Fv2%2Fcomments&post=27448"}],"version-history":[{"count":1,"href":"https:\/\/akdenizolaygazetesi.com\/index.php?rest_route=\/wp\/v2\/posts\/27448\/revisions"}],"predecessor-version":[{"id":27450,"href":"https:\/\/akdenizolaygazetesi.com\/index.php?rest_route=\/wp\/v2\/posts\/27448\/revisions\/27450"}],"wp:featuredmedia":[{"embeddable":true,"href":"https:\/\/akdenizolaygazetesi.com\/index.php?rest_route=\/wp\/v2\/media\/27449"}],"wp:attachment":[{"href":"https:\/\/akdenizolaygazetesi.com\/index.php?rest_route=%2Fwp%2Fv2%2Fmedia&parent=27448"}],"wp:term":[{"taxonomy":"category","embeddable":true,"href":"https:\/\/akdenizolaygazetesi.com\/index.php?rest_route=%2Fwp%2Fv2%2Fcategories&post=27448"},{"taxonomy":"post_tag","embeddable":true,"href":"https:\/\/akdenizolaygazetesi.com\/index.php?rest_route=%2Fwp%2Fv2%2Ftags&post=27448"}],"curies":[{"name":"wp","href":"https:\/\/api.w.org\/{rel}","templated":true}]}}