{"id":27451,"date":"2023-08-29T13:12:48","date_gmt":"2023-08-29T10:12:48","guid":{"rendered":"http:\/\/akdenizolaygazetesi.com\/?p=27451"},"modified":"2023-08-29T13:12:48","modified_gmt":"2023-08-29T10:12:48","slug":"buyuksehir-kultur-sanat-etkinliklerine-desteklerini-surduruyor","status":"publish","type":"post","link":"https:\/\/akdenizolaygazetesi.com\/?p=27451","title":{"rendered":"B\u00dcY\u00dcK\u015eEH\u0130R, K\u00dcLT\u00dcR SANAT ETK\u0130NL\u0130KLER\u0130NE DESTEKLER\u0130N\u0130 S\u00dcRD\u00dcR\u00dcYOR"},"content":{"rendered":"<p>Bu sene 6.&#8217;s\u0131 d\u00fczenlenen &#8216;Uluslararas\u0131 G\u00fclnar Bilim ve K\u00fclt\u00fcr Etkinlikleri&#8217;, Mersin B\u00fcy\u00fck\u015fehir Belediyesi ve \u00e7e\u015fitli kurumlar\u0131n i\u015fbirli\u011finde ba\u015flad\u0131. Yurt i\u00e7i ve yurt d\u0131\u015f\u0131ndan pek \u00e7ok sanat\u00e7\u0131 ile akademisyenin kat\u0131l\u0131m sa\u011flad\u0131\u011f\u0131 etkinlik; sahne g\u00f6sterileri, yerli ozan ve m\u00fczisyenlerin performanslar\u0131, imza etkinlikleri, paneller ve at\u00f6lyelerin oldu\u011fu dolu dolu bir programla ger\u00e7ekle\u015fiyor.<\/p>\n<p>Kad\u0131n ve Aile Hizmetleri Dairesi Ba\u015fkanl\u0131\u011f\u0131&#8217;n\u0131n \u00fcretici kad\u0131n stantlar\u0131n\u0131n yan\u0131 s\u0131ra, birbirinden farkl\u0131 ve e\u011flenceli aktivitelerinde yer ald\u0131\u011f\u0131 etkinlikte \u00e7ocuklara da pamuk \u015feker ve patlam\u0131\u015f m\u0131s\u0131r ikram\u0131nda bulunuldu. Etkinlik kapsam\u0131nda, B\u00fcy\u00fck\u015fehir Belediyesi&#8217;nin kad\u0131n\u0131n toplumsal alanda g\u00f6r\u00fcn\u00fcrl\u00fc\u011f\u00fcn\u00fc ve istihdam\u0131n\u0131 art\u0131rmak ad\u0131na hayata ge\u00e7irdi\u011fi projeler anlat\u0131ld\u0131.<\/p>\n<p>Etkinli\u011fe, &#8216;T\u00fcrkiye Cumhuriyeti&#8217;nin 100. Y\u0131l\u0131nda Kad\u0131n&#8217; temas\u0131 damga vurdu<br \/>\nGenel Koordinat\u00f6rl\u00fc\u011f\u00fc&#8217;n\u00fc Prof. Dr. Ay\u015fe \u00c7al\u0131k Ross&#8217;un \u00fcstlendi\u011fi ve \u015eehit Ertu\u011frul Ulup\u0131nar K\u00fclt\u00fcr Merkezi&#8217;nde iki kategoride ger\u00e7ekle\u015fen etkinli\u011fin ilk kategorisi, &#8216;T\u00fcrkiye Cumhuriyeti&#8217;nin 100. Y\u0131l\u0131nda Kad\u0131n&#8217; temas\u0131yla i\u015flendi. 26 ve 27 A\u011fustos&#8217;ta d\u00fczenlenen sempozyum kapsam\u0131nda hem T\u00fcrkiye&#8217;den, hem de d\u00fcnyadan kad\u0131n \u00f6rneklerine yer verilirken, kad\u0131n\u0131n toplumsal hayattaki yeri ve rolleri ele al\u0131nd\u0131. Sempozyumun ard\u0131ndan yap\u0131lan k\u00fclt\u00fcrel etkinlikler kapsam\u0131nda ise; \u015fairlerle s\u00f6yle\u015filer ve Ayko Amat\u00f6r Tiyatro Toplulu\u011fu taraf\u0131ndan g\u00f6steri sergilendi.<\/p>\n<p>Dokucu: &#8220;G\u00fclnar halk\u0131 Anadolu kad\u0131n\u0131n\u0131n t\u00fcm \u00f6zelliklerini ortaya koyuyor&#8221;<br \/>\n&#8216;T\u00fcrkiye Cumhuriyeti&#8217;nin 100. Y\u0131l\u0131nda Kad\u0131n&#8217; ba\u015fl\u0131kl\u0131 sempozyumun a\u00e7\u0131l\u0131\u015f\u0131nda konu\u015fan Mersin B\u00fcy\u00fck\u015fehir Belediyesi Kad\u0131n ve Aile Hizmetleri Dairesi Ba\u015fkan\u0131 \u015eerife Haso\u011flu Dokucu, G\u00fclnar&#8217;\u0131n kad\u0131n\u0131n varl\u0131\u011f\u0131n\u0131n \u00e7ok derinden hissedildi\u011fi ve her \u00e7al\u0131\u015fmayla kad\u0131na \u00e7ok \u00f6nem verilen bir yer oldu\u011funu belirterek, G\u00fclnar halk\u0131n\u0131n Anadolu kad\u0131n\u0131n\u0131n t\u00fcm \u00f6zelliklerini ortaya koydu\u011funu s\u00f6yledi.<\/p>\n<p>Kad\u0131n ve Aile Hizmetleri Dairesi Ba\u015fkanl\u0131\u011f\u0131 b\u00fcnyesinde kad\u0131nlara ve \u00e7ocuklara y\u00f6nelik hayata ge\u00e7irilen projelerden s\u00f6z eden Dokucu, &#8220;\u00dcretici stantlar\u0131 a\u00e7\u0131yoruz. 6 bin \u00fcretici kad\u0131n\u0131m\u0131z var. Bu say\u0131lar gittik\u00e7e art\u0131yor \u00e7\u00fcnk\u00fc talepler art\u0131yor. Biz kad\u0131nlara minik de olsa bir gelir yarat\u0131yoruz ki ev b\u00fct\u00e7esine katk\u0131da bulunsunlar. Kad\u0131n Dan\u0131\u015fmanl\u0131k Merkezleri kurduk, kad\u0131nlara y\u00f6nelik do\u011fa gezileri yap\u0131yoruz. Kad\u0131n S\u0131\u011f\u0131nma Evi&#8217;miz var. Kad\u0131n ve \u00e7ocuk kamplar\u0131 organize ediyoruz. Kre\u015flerimiz var, \u00e7ocuk at\u00f6lyeleri a\u00e7\u0131yoruz, bir tanesi \u00e7ok yak\u0131nda G\u00fclnar&#8217;a a\u00e7\u0131lacak. Talep olunca \u00e7al\u0131\u015fmalar \u00e7ok daha h\u0131zl\u0131 ilerliyor&#8221; dedi.<\/p>\n<p>&#8216;Cumhuriyetin Gelece\u011fi: Giri\u015fimci Kad\u0131nlar&#8217; konulu \u00e7al\u0131\u015ftay ise, 30 A\u011fustos \u00c7ar\u015famba g\u00fcn\u00fcne kadar devam edecek. \u00c7al\u0131\u015ftay kapsam\u0131nda ah\u015fap heykel ve resim at\u00f6lyeleri, \u015fairler bulu\u015fmas\u0131, belgesel g\u00f6sterimleri ve \u00fcretici kad\u0131n sunumlar\u0131 ger\u00e7ekle\u015fecek.<\/p>\n<p>El i\u015fi ve nak\u0131\u015flar\u0131n yo\u011fun oldu\u011fu \u00fcretici kad\u0131n stantlar\u0131n\u0131n yan\u0131 s\u0131ra, G\u00fclnar&#8217;da ge\u00e7ti\u011fimiz y\u0131llarda orman yang\u0131nlar\u0131nda tahribata u\u011fram\u0131\u015f k\u00fct\u00fcklerden yontulan eserler de, etkinli\u011fe kat\u0131lanlardan yo\u011fun ilgi g\u00f6rd\u00fc.<\/p>\n","protected":false},"excerpt":{"rendered":"<p>Bu sene 6.&#8217;s\u0131 d\u00fczenlenen &#8216;Uluslararas\u0131 G\u00fclnar Bilim ve K\u00fclt\u00fcr Etkinlikleri&#8217;, Mersin B\u00fcy\u00fck\u015fehir Belediyesi ve \u00e7e\u015fitli kurumlar\u0131n i\u015fbirli\u011finde ba\u015flad\u0131. Yurt i\u00e7i ve yurt d\u0131\u015f\u0131ndan pek \u00e7ok sanat\u00e7\u0131 ile akademisyenin kat\u0131l\u0131m sa\u011flad\u0131\u011f\u0131 &hellip; <a href=\"https:\/\/akdenizolaygazetesi.com\/?p=27451\" class=\"more-link\">Devam\u0131n\u0131 Oku&#8230;<\/a><\/p>\n","protected":false},"author":2,"featured_media":27452,"comment_status":"open","ping_status":"open","sticky":false,"template":"","format":"standard","meta":[],"categories":[2,3],"tags":[],"_links":{"self":[{"href":"https:\/\/akdenizolaygazetesi.com\/index.php?rest_route=\/wp\/v2\/posts\/27451"}],"collection":[{"href":"https:\/\/akdenizolaygazetesi.com\/index.php?rest_route=\/wp\/v2\/posts"}],"about":[{"href":"https:\/\/akdenizolaygazetesi.com\/index.php?rest_route=\/wp\/v2\/types\/post"}],"author":[{"embeddable":true,"href":"https:\/\/akdenizolaygazetesi.com\/index.php?rest_route=\/wp\/v2\/users\/2"}],"replies":[{"embeddable":true,"href":"https:\/\/akdenizolaygazetesi.com\/index.php?rest_route=%2Fwp%2Fv2%2Fcomments&post=27451"}],"version-history":[{"count":1,"href":"https:\/\/akdenizolaygazetesi.com\/index.php?rest_route=\/wp\/v2\/posts\/27451\/revisions"}],"predecessor-version":[{"id":27453,"href":"https:\/\/akdenizolaygazetesi.com\/index.php?rest_route=\/wp\/v2\/posts\/27451\/revisions\/27453"}],"wp:featuredmedia":[{"embeddable":true,"href":"https:\/\/akdenizolaygazetesi.com\/index.php?rest_route=\/wp\/v2\/media\/27452"}],"wp:attachment":[{"href":"https:\/\/akdenizolaygazetesi.com\/index.php?rest_route=%2Fwp%2Fv2%2Fmedia&parent=27451"}],"wp:term":[{"taxonomy":"category","embeddable":true,"href":"https:\/\/akdenizolaygazetesi.com\/index.php?rest_route=%2Fwp%2Fv2%2Fcategories&post=27451"},{"taxonomy":"post_tag","embeddable":true,"href":"https:\/\/akdenizolaygazetesi.com\/index.php?rest_route=%2Fwp%2Fv2%2Ftags&post=27451"}],"curies":[{"name":"wp","href":"https:\/\/api.w.org\/{rel}","templated":true}]}}