{"id":27454,"date":"2023-08-29T13:14:40","date_gmt":"2023-08-29T10:14:40","guid":{"rendered":"http:\/\/akdenizolaygazetesi.com\/?p=27454"},"modified":"2023-08-29T13:14:40","modified_gmt":"2023-08-29T10:14:40","slug":"akdenizde-resmi-nikah-kiyan-ciftlere-yildonumu-hediyesi","status":"publish","type":"post","link":"https:\/\/akdenizolaygazetesi.com\/?p=27454","title":{"rendered":"AKDEN\u0130Z\u2019DE RESM\u0130 N\u0130K\u00c2H KIYAN \u00c7\u0130FTLERE YILD\u00d6N\u00dcM\u00dc HED\u0130YES\u0130"},"content":{"rendered":"<p>Akdeniz Belediyesi Evlendirme Memurlu\u011fu taraf\u0131ndan ge\u00e7ti\u011fimiz y\u0131l A\u011fustos ay\u0131 i\u00e7erisinde resmi nik\u00e2hlar\u0131 k\u0131y\u0131lan 16 \u00e7ift, evlilik y\u0131ld\u00f6n\u00fcmlerinde hediye olarak Kapadokya gezisine g\u00f6t\u00fcr\u00fcld\u00fc.<br \/>\nAkdeniz\u2019de ya\u015fayan ve ge\u00e7ti\u011fimiz y\u0131l A\u011fustos ay\u0131 i\u00e7inde Akdeniz Belediyesi Evlendirme Memurlu\u011funda resmi nik\u00e2h k\u0131yarak, d\u00fcnya evine giren \u00e7iftlere, Akdeniz Belediyesi taraf\u0131ndan \u00f6zel bir s\u00fcrpriz yap\u0131ld\u0131. Kad\u0131n ve Aile Hizmetleri M\u00fcd\u00fcrl\u00fc\u011f\u00fc ekipleri, belediye evlendirme dairesinde nik\u00e2h k\u0131yan 16 \u00e7ifti, evlilik y\u0131ld\u00f6n\u00fcmlerinde Nev\u015fehir, Kapadokya ve \u00dcrg\u00fcp\u2019e geziye g\u00f6t\u00fcrd\u00fc.<br \/>\nEvlilik y\u0131ld\u00f6n\u00fcmlerini gezerek kutlad\u0131lar<br \/>\nNev\u015fehir, Kapadokya ve \u00dcrg\u00fcp\u2019\u00fcn k\u00fclt\u00fcrel ve do\u011fal g\u00fczellikleri e\u015fli\u011finde evlilik y\u0131ld\u00f6n\u00fcmlerini kutlayan \u00e7iftler; G\u00fcvercinlik, Avanos, Seyir Tepesi, Asmal\u0131 Konak, \u00dc\u00e7 Hisar Kalesi gibi tarihi ve turistik mek\u00e2nlar\u0131n\u0131 gezdi.  Evlilik y\u0131ld\u00f6n\u00fcmleri i\u00e7in haz\u0131rlanan s\u00fcrpriz kar\u015f\u0131s\u0131nda \u00e7ok sevinen ve mutlu olan \u00e7iftler, Akdeniz Belediye Ba\u015fkan\u0131 M. Mustafa G\u00fcltak ve m\u00fcd\u00fcrl\u00fck personeline te\u015fekk\u00fcr etti.<br \/>\n\u201cBizler i\u00e7in \u00e7ok anlaml\u0131 ve g\u00fczel bir hareket oldu\u201d<br \/>\nAkdeniz Belediyesi taraf\u0131ndan ger\u00e7ekle\u015ftirilen bu s\u00fcrprizi \u00e7ok anlaml\u0131 ve g\u00fczel bulduklar\u0131n\u0131 kaydeden Serhat \u00d6lmez; \u201c\u015eu an \u00dc\u00e7 Hisar Kalesi\u2019ndeyiz ve \u00e7ok g\u00fczel bir g\u00fcn ge\u00e7iriyoruz. Buradan daha farkl\u0131 g\u00fczel yerlere gidece\u011fiz. Belediyemize bu konuda \u00e7ok te\u015fekk\u00fcr ediyoruz. \u00c7ok g\u00fczel, \u00e7ok anlaml\u0131 ve d\u00fc\u015f\u00fcnceli bir hareket oldu. E\u015fimle beraber bu g\u00fczel yerleri gezme \u015fans\u0131m oldu. Ba\u015fkan\u0131m\u0131za ve personeline te\u015fekk\u00fcr ediyorum\u201d dedi. <\/p>\n","protected":false},"excerpt":{"rendered":"<p>Akdeniz Belediyesi Evlendirme Memurlu\u011fu taraf\u0131ndan ge\u00e7ti\u011fimiz y\u0131l A\u011fustos ay\u0131 i\u00e7erisinde resmi nik\u00e2hlar\u0131 k\u0131y\u0131lan 16 \u00e7ift, evlilik y\u0131ld\u00f6n\u00fcmlerinde hediye olarak Kapadokya gezisine g\u00f6t\u00fcr\u00fcld\u00fc. Akdeniz\u2019de ya\u015fayan ve ge\u00e7ti\u011fimiz y\u0131l A\u011fustos ay\u0131 i\u00e7inde &hellip; <a href=\"https:\/\/akdenizolaygazetesi.com\/?p=27454\" class=\"more-link\">Devam\u0131n\u0131 Oku&#8230;<\/a><\/p>\n","protected":false},"author":2,"featured_media":27455,"comment_status":"open","ping_status":"open","sticky":false,"template":"","format":"standard","meta":[],"categories":[2,3],"tags":[],"_links":{"self":[{"href":"https:\/\/akdenizolaygazetesi.com\/index.php?rest_route=\/wp\/v2\/posts\/27454"}],"collection":[{"href":"https:\/\/akdenizolaygazetesi.com\/index.php?rest_route=\/wp\/v2\/posts"}],"about":[{"href":"https:\/\/akdenizolaygazetesi.com\/index.php?rest_route=\/wp\/v2\/types\/post"}],"author":[{"embeddable":true,"href":"https:\/\/akdenizolaygazetesi.com\/index.php?rest_route=\/wp\/v2\/users\/2"}],"replies":[{"embeddable":true,"href":"https:\/\/akdenizolaygazetesi.com\/index.php?rest_route=%2Fwp%2Fv2%2Fcomments&post=27454"}],"version-history":[{"count":1,"href":"https:\/\/akdenizolaygazetesi.com\/index.php?rest_route=\/wp\/v2\/posts\/27454\/revisions"}],"predecessor-version":[{"id":27456,"href":"https:\/\/akdenizolaygazetesi.com\/index.php?rest_route=\/wp\/v2\/posts\/27454\/revisions\/27456"}],"wp:featuredmedia":[{"embeddable":true,"href":"https:\/\/akdenizolaygazetesi.com\/index.php?rest_route=\/wp\/v2\/media\/27455"}],"wp:attachment":[{"href":"https:\/\/akdenizolaygazetesi.com\/index.php?rest_route=%2Fwp%2Fv2%2Fmedia&parent=27454"}],"wp:term":[{"taxonomy":"category","embeddable":true,"href":"https:\/\/akdenizolaygazetesi.com\/index.php?rest_route=%2Fwp%2Fv2%2Fcategories&post=27454"},{"taxonomy":"post_tag","embeddable":true,"href":"https:\/\/akdenizolaygazetesi.com\/index.php?rest_route=%2Fwp%2Fv2%2Ftags&post=27454"}],"curies":[{"name":"wp","href":"https:\/\/api.w.org\/{rel}","templated":true}]}}