{"id":27460,"date":"2023-08-29T13:17:43","date_gmt":"2023-08-29T10:17:43","guid":{"rendered":"http:\/\/akdenizolaygazetesi.com\/?p=27460"},"modified":"2023-08-29T13:17:43","modified_gmt":"2023-08-29T10:17:43","slug":"baskan-ozyigit-30-agustos-zafer-bayramini-kutladi","status":"publish","type":"post","link":"https:\/\/akdenizolaygazetesi.com\/?p=27460","title":{"rendered":"Ba\u015fkan \u00d6zyi\u011fit, 30 A\u011fustos Zafer Bayram\u0131\u2019n\u0131 kutlad\u0131"},"content":{"rendered":"<p>Mersin Yeni\u015fehir Belediye Ba\u015fkan\u0131 Abdullah \u00d6zyi\u011fit, 30 A\u011fustos Zafer Bayram\u0131\u2019n\u0131n 101\u2019inci y\u0131l d\u00f6n\u00fcm\u00fcn\u00fc yay\u0131nlad\u0131\u011f\u0131 mesajla kutlad\u0131.<br \/>\nBa\u015fkan Abdullah \u00d6zyi\u011fit, mesaj\u0131nda \u015fu ifadeleri kulland\u0131: \u201c30 A\u011fustos Zafer Bayram\u0131, ba\u011f\u0131ms\u0131zl\u0131k ve \u00f6zg\u00fcrl\u00fck m\u00fccadelemizin simgesi, millet olarak g\u00fcc\u00fcm\u00fcz\u00fcn ve birlikteli\u011fimizin en \u00f6nemli g\u00f6stergesidir.<br \/>\nB\u00fcy\u00fck \u00f6nder Gazi Mustafa Kemal Atat\u00fcrk&#8217;\u00fcn \u00f6nderli\u011finde kazan\u0131lan bu zafer, milletimizin azim ve kararl\u0131l\u0131\u011f\u0131n\u0131n en g\u00fc\u00e7l\u00fc kan\u0131t\u0131d\u0131r. T\u00fcrk milleti, yokluklara, zorluklara ve d\u00fc\u015fman\u0131n \u00fcst\u00fcnl\u00fc\u011f\u00fcne ra\u011fmen g\u00f6sterdi\u011fi vatanseverlik ve cesaret ile 101 y\u0131l \u00f6nce b\u00fcy\u00fck bir zafer kazanarak tarihin ak\u0131\u015f\u0131n\u0131 de\u011fi\u015ftirmi\u015ftir.<br \/>\nBug\u00fcn, \u00fclkemizin d\u00f6rt bir yan\u0131nda kutlanan bu b\u00fcy\u00fck zafer, birlik ve beraberli\u011fimizin ne kadar g\u00fc\u00e7l\u00fc oldu\u011funu bir kez daha g\u00f6steriyor. Cumhuriyetimizin ikinci y\u00fczy\u0131l\u0131n\u0131 in\u015fa ederken, bu cennet vatanda \u00f6zg\u00fcrce ya\u015faman\u0131n, ba\u011f\u0131ms\u0131zl\u0131\u011f\u0131m\u0131z\u0131 koruman\u0131n ve birlikte ya\u015faman\u0131n ne kadar b\u00fcy\u00fck bir de\u011fer oldu\u011funu da asla unutmayaca\u011f\u0131z.<br \/>\nGen\u00e7 nesillerimize bu b\u00fcy\u00fck zaferin anlam\u0131n\u0131 ve \u00f6nemini aktararak, onlar\u0131 \u00fclkesine, milletine ve de\u011ferlerine sahip \u00e7\u0131kan bireyler olarak yeti\u015ftirece\u011fiz. Demokrasiye, ileri teknolojiye ve bilime dayal\u0131 bir T\u00fcrkiye idealine ula\u015fmak i\u00e7in birlikte \u00e7al\u0131\u015fmaktan asla geri durmayaca\u011f\u0131z.<br \/>\nGazi Mustafa Kemal Atat\u00fcrk ve yol arkada\u015flar\u0131 ba\u015fta olmak \u00fczere, vatan u\u011fruna canlar\u0131n\u0131 feda eden t\u00fcm \u015fehitlerimizi minnetle an\u0131yor, gazilerimize \u015f\u00fckranlar\u0131m\u0131 sunuyorum.<br \/>\n30 A\u011fustos Zafer Bayram\u0131\u2019m\u0131z kutlu olsun.\u201d<\/p>\n","protected":false},"excerpt":{"rendered":"<p>Mersin Yeni\u015fehir Belediye Ba\u015fkan\u0131 Abdullah \u00d6zyi\u011fit, 30 A\u011fustos Zafer Bayram\u0131\u2019n\u0131n 101\u2019inci y\u0131l d\u00f6n\u00fcm\u00fcn\u00fc yay\u0131nlad\u0131\u011f\u0131 mesajla kutlad\u0131. Ba\u015fkan Abdullah \u00d6zyi\u011fit, mesaj\u0131nda \u015fu ifadeleri kulland\u0131: \u201c30 A\u011fustos Zafer Bayram\u0131, ba\u011f\u0131ms\u0131zl\u0131k ve \u00f6zg\u00fcrl\u00fck &hellip; <a href=\"https:\/\/akdenizolaygazetesi.com\/?p=27460\" class=\"more-link\">Devam\u0131n\u0131 Oku&#8230;<\/a><\/p>\n","protected":false},"author":2,"featured_media":27461,"comment_status":"open","ping_status":"open","sticky":false,"template":"","format":"standard","meta":[],"categories":[2,3],"tags":[],"_links":{"self":[{"href":"https:\/\/akdenizolaygazetesi.com\/index.php?rest_route=\/wp\/v2\/posts\/27460"}],"collection":[{"href":"https:\/\/akdenizolaygazetesi.com\/index.php?rest_route=\/wp\/v2\/posts"}],"about":[{"href":"https:\/\/akdenizolaygazetesi.com\/index.php?rest_route=\/wp\/v2\/types\/post"}],"author":[{"embeddable":true,"href":"https:\/\/akdenizolaygazetesi.com\/index.php?rest_route=\/wp\/v2\/users\/2"}],"replies":[{"embeddable":true,"href":"https:\/\/akdenizolaygazetesi.com\/index.php?rest_route=%2Fwp%2Fv2%2Fcomments&post=27460"}],"version-history":[{"count":1,"href":"https:\/\/akdenizolaygazetesi.com\/index.php?rest_route=\/wp\/v2\/posts\/27460\/revisions"}],"predecessor-version":[{"id":27462,"href":"https:\/\/akdenizolaygazetesi.com\/index.php?rest_route=\/wp\/v2\/posts\/27460\/revisions\/27462"}],"wp:featuredmedia":[{"embeddable":true,"href":"https:\/\/akdenizolaygazetesi.com\/index.php?rest_route=\/wp\/v2\/media\/27461"}],"wp:attachment":[{"href":"https:\/\/akdenizolaygazetesi.com\/index.php?rest_route=%2Fwp%2Fv2%2Fmedia&parent=27460"}],"wp:term":[{"taxonomy":"category","embeddable":true,"href":"https:\/\/akdenizolaygazetesi.com\/index.php?rest_route=%2Fwp%2Fv2%2Fcategories&post=27460"},{"taxonomy":"post_tag","embeddable":true,"href":"https:\/\/akdenizolaygazetesi.com\/index.php?rest_route=%2Fwp%2Fv2%2Ftags&post=27460"}],"curies":[{"name":"wp","href":"https:\/\/api.w.org\/{rel}","templated":true}]}}