{"id":27469,"date":"2023-08-29T13:22:06","date_gmt":"2023-08-29T10:22:06","guid":{"rendered":"http:\/\/akdenizolaygazetesi.com\/?p=27469"},"modified":"2023-08-29T13:22:06","modified_gmt":"2023-08-29T10:22:06","slug":"baskan-yilmaz-30-agustos-zafer-bayramini-kutladi-3","status":"publish","type":"post","link":"https:\/\/akdenizolaygazetesi.com\/?p=27469","title":{"rendered":"BA\u015eKAN YILMAZ, 30 A\u011eUSTOS ZAFER BAYRAMI&#8217;NI KUTLADI"},"content":{"rendered":"<p>Toroslar Belediye Ba\u015fkan\u0131 Ats\u0131z Af\u015f\u0131n Y\u0131lmaz, 30 A\u011fustos Zafer Bayram\u0131&#8217;n\u0131n 101&#8217;inci y\u0131l d\u00f6n\u00fcm\u00fc dolay\u0131s\u0131yla bir mesaj yay\u0131nlad\u0131.<\/p>\n<p>30 A\u011fustos zaferinin, milletimizin egemenli\u011fini kay\u0131ts\u0131z \u015farts\u0131z t\u00fcm d\u00fcnyaya hayk\u0131r\u0131\u015f\u0131 oldu\u011funu belirten Ba\u015fkan Y\u0131lmaz; &#8220;Cumhuriyetimizin kurucusu Gazi Mustafa Kemal Atat\u00fcrk&#8217;\u00fcn komutas\u0131nda 26 A\u011fustos&#8217;ta ba\u015flayan ve 30 A\u011fustos 1922&#8217;da e\u015fsiz bir zaferle sonu\u00e7lanan Ba\u015fkomutanl\u0131k Meydan Muharebesi ile vatan topraklar\u0131m\u0131z kurtar\u0131lm\u0131\u015f, T\u00fcrk Milleti ba\u011f\u0131ms\u0131zl\u0131\u011f\u0131na kavu\u015fmu\u015ftur. Milletimiz bu zaferle birlikte h\u00fcrriyetinden asla \u00f6d\u00fcn vermeyece\u011fini ve sonsuza kadar var olaca\u011f\u0131n\u0131 t\u00fcm d\u00fcnyaya ispatlam\u0131\u015ft\u0131r&#8221; dedi.<\/p>\n<p>&#8220;YA\u015eASIN KUVAY\u0130 M\u0130LL\u0130YE RUHU, YA\u015eASIN CUMHUR\u0130YET&#8221;<\/p>\n<p>&#8220;Tarihimizin d\u00f6n\u00fcm noktalar\u0131ndan biri olan ve T\u00fcrkiye Cumhuriyeti&#8217;nin temellerini atan b\u00fcy\u00fck zaferin y\u0131l d\u00f6n\u00fcm\u00fcn\u00fc kutlaman\u0131n gururu ve sevinci i\u00e7erisindeyiz&#8221; diyen Ba\u015fkan Y\u0131lmaz; &#8220;Birlik, beraberlik ve azimle elde edilen bu zaferin her a\u015famas\u0131 e\u015fsiz vatanseverlik ve kahramanl\u0131k destanlar\u0131yla doludur. 30 A\u011fustos Zaferi, ba\u011f\u0131ms\u0131zl\u0131\u011f\u0131m\u0131z\u0131n ebedi tescilidir. Bu \u015fanl\u0131 ecdad\u0131n torunlar\u0131 olarak, d\u00fcn oldu\u011fu gibi bug\u00fcn de millet\u00e7e birbirimize kenetleniyor, cumhuriyetimizi, istiklalimizi ve demokrasimizi tehdit edenlere kar\u015f\u0131 azim ve kararl\u0131l\u0131kla m\u00fccadelemizi s\u00fcrd\u00fcr\u00fcyoruz. Ba\u015fta Gazi Mustafa Kemal Atat\u00fcrk olmak \u00fczere bu zaferi bize arma\u011fan eden \u0130stiklal m\u00fccadelemizin b\u00fct\u00fcn kahramanlar\u0131n\u0131, kanlar\u0131yla, canlar\u0131yla bu topraklar\u0131 vatan yapan aziz \u015fehitlerimizi ve kahraman gazilerimizi rahmet, minnet ve \u015f\u00fckranla an\u0131yor, t\u00fcm hem\u015fehrilerimin 30 A\u011fustos Zafer Bayram\u0131&#8217;n\u0131 kutluyorum&#8221; diye konu\u015ftu.<\/p>\n<p>TOROSLAR&#8217;DA ZAFER CO\u015eKUSU YA\u015eANACAK<\/p>\n<p>Toroslar Belediyesi, 30 A\u011fustos Zafer Bayram\u0131&#8217;n\u0131n 101. y\u0131l d\u00f6n\u00fcm\u00fcn\u00fc d\u00fczenleyece\u011fi Karakucak G\u00fcre\u015fleri ve T\u00fcrkiye&#8217;nin sevilen sanat\u00e7\u0131lar\u0131 Ece Mumay ve Og\u00fcn Sanl\u0131soy&#8217;un verece\u011fi konserlerle kutlayacak.<\/p>\n<p>Kutlamalar; 30 A\u011fustos \u00c7ar\u015famba g\u00fcn\u00fc G\u00f6zne Mahallesi&#8217;ndeki Toroslar Belediyesi G\u00fcre\u015f Alan\u0131nda saat 14.00&#8217;da Karakucak G\u00fcre\u015fleri ile ba\u015flayacak. Y\u0131ld\u0131zlar, B\u00fcy\u00fckler ve Minikler olmak \u00fczere 3 kategoride yap\u0131lacak ve \u00f6d\u00fcl t\u00f6reni ile son bulacak g\u00fcre\u015f m\u00fcsabakalar\u0131n\u0131n ard\u0131ndan Mersinliler, Akbelen Mahallesi&#8217;nde bulanan Koray Ayd\u0131n Stad\u0131&#8217;nda iki b\u00fcy\u00fck konserde bulu\u015facak.<\/p>\n<p>Saat 19.00&#8217;da Dj performans\u0131 ve saat 20.00&#8217;da Ece Mumay&#8217;\u0131n konseriyle devam edecek olan program, saat 21.30&#8217;da sahne alacak Og\u00fcn Sanl\u0131soy&#8217;un performans\u0131yla son bulacak.<\/p>\n<p>B\u00fcy\u00fck zaferin ruhuna yak\u0131\u015f\u0131r bir kutlama yapacaklar\u0131n\u0131 belirten Toroslar Belediye Ba\u015fkan\u0131 Ats\u0131z Af\u015f\u0131n Y\u0131lmaz, t\u00fcm hem\u015fehrilerini Karakucak G\u00fcre\u015fleri&#8217;ne ve konserlere davet etti.<\/p>\n","protected":false},"excerpt":{"rendered":"<p>Toroslar Belediye Ba\u015fkan\u0131 Ats\u0131z Af\u015f\u0131n Y\u0131lmaz, 30 A\u011fustos Zafer Bayram\u0131&#8217;n\u0131n 101&#8217;inci y\u0131l d\u00f6n\u00fcm\u00fc dolay\u0131s\u0131yla bir mesaj yay\u0131nlad\u0131. 30 A\u011fustos zaferinin, milletimizin egemenli\u011fini kay\u0131ts\u0131z \u015farts\u0131z t\u00fcm d\u00fcnyaya hayk\u0131r\u0131\u015f\u0131 oldu\u011funu belirten Ba\u015fkan &hellip; <a href=\"https:\/\/akdenizolaygazetesi.com\/?p=27469\" class=\"more-link\">Devam\u0131n\u0131 Oku&#8230;<\/a><\/p>\n","protected":false},"author":2,"featured_media":27470,"comment_status":"open","ping_status":"open","sticky":false,"template":"","format":"standard","meta":[],"categories":[2,3],"tags":[],"_links":{"self":[{"href":"https:\/\/akdenizolaygazetesi.com\/index.php?rest_route=\/wp\/v2\/posts\/27469"}],"collection":[{"href":"https:\/\/akdenizolaygazetesi.com\/index.php?rest_route=\/wp\/v2\/posts"}],"about":[{"href":"https:\/\/akdenizolaygazetesi.com\/index.php?rest_route=\/wp\/v2\/types\/post"}],"author":[{"embeddable":true,"href":"https:\/\/akdenizolaygazetesi.com\/index.php?rest_route=\/wp\/v2\/users\/2"}],"replies":[{"embeddable":true,"href":"https:\/\/akdenizolaygazetesi.com\/index.php?rest_route=%2Fwp%2Fv2%2Fcomments&post=27469"}],"version-history":[{"count":1,"href":"https:\/\/akdenizolaygazetesi.com\/index.php?rest_route=\/wp\/v2\/posts\/27469\/revisions"}],"predecessor-version":[{"id":27471,"href":"https:\/\/akdenizolaygazetesi.com\/index.php?rest_route=\/wp\/v2\/posts\/27469\/revisions\/27471"}],"wp:featuredmedia":[{"embeddable":true,"href":"https:\/\/akdenizolaygazetesi.com\/index.php?rest_route=\/wp\/v2\/media\/27470"}],"wp:attachment":[{"href":"https:\/\/akdenizolaygazetesi.com\/index.php?rest_route=%2Fwp%2Fv2%2Fmedia&parent=27469"}],"wp:term":[{"taxonomy":"category","embeddable":true,"href":"https:\/\/akdenizolaygazetesi.com\/index.php?rest_route=%2Fwp%2Fv2%2Fcategories&post=27469"},{"taxonomy":"post_tag","embeddable":true,"href":"https:\/\/akdenizolaygazetesi.com\/index.php?rest_route=%2Fwp%2Fv2%2Ftags&post=27469"}],"curies":[{"name":"wp","href":"https:\/\/api.w.org\/{rel}","templated":true}]}}