{"id":27472,"date":"2023-08-29T17:07:40","date_gmt":"2023-08-29T14:07:40","guid":{"rendered":"http:\/\/akdenizolaygazetesi.com\/?p=27472"},"modified":"2023-08-29T17:07:40","modified_gmt":"2023-08-29T14:07:40","slug":"akdeniz-belediye-baskani-gultak-buyuk-zaferimizin-101inci-yasi-milletimize-kutlu-olsun","status":"publish","type":"post","link":"https:\/\/akdenizolaygazetesi.com\/?p=27472","title":{"rendered":"AKDEN\u0130Z BELED\u0130YE BA\u015eKANI G\u00dcLTAK; \u201cB\u00dcY\u00dcK ZAFER\u0130M\u0130Z\u0130N 101\u2019\u0130NC\u0130 YA\u015eI M\u0130LLET\u0130M\u0130ZE KUTLU OLSUN\u201d"},"content":{"rendered":"<p>Ba\u015fkomutanl\u0131k Meydan Muharebesi\u2019nin 101\u2019inci y\u0131l\u0131 nedeniyle bir mesaj yay\u0131mlayan Ba\u015fkan Mustafa G\u00fcltak; \u201cY\u00fczy\u0131llard\u0131r daima muzaffer olmu\u015f bir milletin en b\u00fcy\u00fck zaferinin 101\u2019inci ya\u015f\u0131 hepimize kutlu olsun\u201d dedi.<br \/>\nAkdeniz Belediye Ba\u015fkan\u0131 M. Mustafa G\u00fcltak, T\u00fcrk Milleti\u2019nin i\u015fgal ordular\u0131na kar\u015f\u0131 ba\u015flatt\u0131\u011f\u0131 Kurtulu\u015f Sava\u015f\u0131&#8217;n\u0131 zafere ta\u015f\u0131yan ve B\u00fcy\u00fck Taarruzun 101\u2019inci y\u0131ld\u00f6n\u00fcm\u00fc dolay\u0131s\u0131yla yay\u0131nlad\u0131\u011f\u0131 mesaj\u0131nda; \u201cGazi Mustafa Kemal\u2019in, Samsun\u2019dan ba\u015flatt\u0131\u011f\u0131 \u00f6zg\u00fcrl\u00fck ve ba\u011f\u0131ms\u0131zl\u0131k m\u00fccadelesi vatan\u0131n tamam\u0131na yay\u0131l\u0131p \u2018B\u00fcy\u00fck Zafer\u2019 ile ta\u00e7lanm\u0131\u015ft\u0131r. 30 A\u011fustos 1922 tarihi; esarete kar\u015f\u0131 asla y\u0131lmadan, b\u00fcy\u00fck bir azim ve kararl\u0131l\u0131kla m\u00fccadele eden aziz milletimizin, tam da her \u015feyin bitti\u011fi san\u0131ld\u0131\u011f\u0131 anda, \u00f6zg\u00fcrl\u00fc\u011fe olan inan\u00e7 ve ruhuyla yaz\u0131p b\u00fct\u00fcn insanl\u0131\u011fa hediye etti\u011fi b\u00fcy\u00fck bir destand\u0131r\u201d dedi.<br \/>\n\u201cMilletimiz, ba\u011f\u0131ms\u0131zl\u0131k m\u00fccadelesi veren uluslara \u0131\u015f\u0131k olmu\u015ftur\u201d<br \/>\nMesaj\u0131nda; 30 A\u011fustos 1922\u2019nin; T\u00fcrk Milleti\u2019nin adeta yeniden dirili\u015finin tarihi oldu\u011funu vurgulayan Ba\u015fkan G\u00fcltak, \u015fu ifadeleri kaydetti; \u201cBu b\u00fcy\u00fck zafer, \u00fclkemizi par\u00e7alay\u0131p milletimizi esaret alt\u0131na almak isteyenlere kar\u015f\u0131, tam da her \u015feyin bitti\u011fi san\u0131lan bir d\u00f6nemde milletimizin sars\u0131lmaz kararl\u0131l\u0131\u011f\u0131, vatanseverli\u011fi ve kahramanl\u0131\u011f\u0131yla kazan\u0131lm\u0131\u015f \u015fanl\u0131 bir zaferdir. T\u00fcrk Milleti, onurlu direni\u015fiyle, \u00f6zg\u00fcrl\u00fc\u011f\u00fcnden asla taviz vermeyece\u011fini; vatan sevgisinin, say\u0131sal \u00fcst\u00fcnl\u00fckten daha g\u00fc\u00e7l\u00fc oldu\u011funu kan\u0131tlam\u0131\u015f, ba\u011f\u0131ms\u0131zl\u0131k m\u00fccadelesi veren uluslara da \u0131\u015f\u0131k olup yol g\u00f6stermi\u015ftir.\u201d<br \/>\n\u201cMilletimiz, \u00fclkemizin birli\u011fine y\u00f6nelik sald\u0131r\u0131lara kar\u015f\u0131 daima haz\u0131rd\u0131r\u201d<br \/>\nMustafa Kemal Atat\u00fcrk\u2019\u00fcn; \u2018Milletin istiklalini, yine milletin azim ve karar\u0131 kurtaracakt\u0131r\u2019 s\u00f6z\u00fcn\u00fc de hat\u0131rlatan Ba\u015fkan G\u00fcltak, \u201cAziz, cefak\u00e2r ve fedak\u00e2r milletimiz; tarihi boyunca vatan topra\u011f\u0131ndan, ba\u011f\u0131ms\u0131zl\u0131\u011f\u0131 ve \u00f6zg\u00fcrl\u00fc\u011f\u00fcnden asla taviz vermemi\u015f, bu u\u011furda her t\u00fcrl\u00fc m\u00fccadeleyi g\u00f6ze alm\u0131\u015ft\u0131r. Cumhuriyetimizin 100\u2019\u00fcnc\u00fc y\u0131l\u0131na do\u011fru ilerlerken; bilinmelidir ki \u00fclkemizin birli\u011fi ve b\u00fct\u00fcnl\u00fc\u011f\u00fcne y\u00f6nelik her t\u00fcrl\u00fc tehdit ve sald\u0131r\u0131ya kar\u015f\u0131 milletimiz, ge\u00e7mi\u015ften ald\u0131\u011f\u0131 kudret ve ilhamla h\u00fcr ya\u015fama azim ve kararl\u0131l\u0131\u011f\u0131n\u0131 ilelebet s\u00fcrd\u00fcrecektir. Kurtulu\u015f Sava\u015f\u0131m\u0131z\u0131, tarihte e\u015fi g\u00f6r\u00fclmemi\u015f zaferle ta\u00e7land\u0131ran, vatanseverlik ve kahramanl\u0131k destanlar\u0131yla dolu 30 A\u011fustos Zaferi\u2019nin 101\u2019inci y\u0131ld\u00f6n\u00fcm\u00fcn\u00fc birlik ruhu i\u00e7erisinde, gurur ve co\u015fkuyla kutlayaca\u011f\u0131z. Bu duygularla, B\u00fcy\u00fck Zaferimizin 101\u2019inci ya\u015f\u0131n\u0131 tebrik ediyor, bu \u00fcst\u00fcn zaferi bizlere arma\u011fan eden Gazi Mustafa Kemal Atat\u00fcrk ve Silah Arkada\u015flar\u0131 ba\u015fta olmak \u00fczere, vatan i\u00e7in, bayrak i\u00e7in, \u00f6zg\u00fcrl\u00fck ve ba\u011f\u0131ms\u0131zl\u0131k i\u00e7in topra\u011fa d\u00fc\u015fen aziz \u015fehitlerimizi, istiklal kahramanlar\u0131m\u0131z\u0131 sayg\u0131yla an\u0131yorum.\u201d<\/p>\n","protected":false},"excerpt":{"rendered":"<p>Ba\u015fkomutanl\u0131k Meydan Muharebesi\u2019nin 101\u2019inci y\u0131l\u0131 nedeniyle bir mesaj yay\u0131mlayan Ba\u015fkan Mustafa G\u00fcltak; \u201cY\u00fczy\u0131llard\u0131r daima muzaffer olmu\u015f bir milletin en b\u00fcy\u00fck zaferinin 101\u2019inci ya\u015f\u0131 hepimize kutlu olsun\u201d dedi. Akdeniz Belediye Ba\u015fkan\u0131 &hellip; <a href=\"https:\/\/akdenizolaygazetesi.com\/?p=27472\" class=\"more-link\">Devam\u0131n\u0131 Oku&#8230;<\/a><\/p>\n","protected":false},"author":2,"featured_media":27473,"comment_status":"open","ping_status":"open","sticky":false,"template":"","format":"standard","meta":[],"categories":[3],"tags":[],"_links":{"self":[{"href":"https:\/\/akdenizolaygazetesi.com\/index.php?rest_route=\/wp\/v2\/posts\/27472"}],"collection":[{"href":"https:\/\/akdenizolaygazetesi.com\/index.php?rest_route=\/wp\/v2\/posts"}],"about":[{"href":"https:\/\/akdenizolaygazetesi.com\/index.php?rest_route=\/wp\/v2\/types\/post"}],"author":[{"embeddable":true,"href":"https:\/\/akdenizolaygazetesi.com\/index.php?rest_route=\/wp\/v2\/users\/2"}],"replies":[{"embeddable":true,"href":"https:\/\/akdenizolaygazetesi.com\/index.php?rest_route=%2Fwp%2Fv2%2Fcomments&post=27472"}],"version-history":[{"count":1,"href":"https:\/\/akdenizolaygazetesi.com\/index.php?rest_route=\/wp\/v2\/posts\/27472\/revisions"}],"predecessor-version":[{"id":27474,"href":"https:\/\/akdenizolaygazetesi.com\/index.php?rest_route=\/wp\/v2\/posts\/27472\/revisions\/27474"}],"wp:featuredmedia":[{"embeddable":true,"href":"https:\/\/akdenizolaygazetesi.com\/index.php?rest_route=\/wp\/v2\/media\/27473"}],"wp:attachment":[{"href":"https:\/\/akdenizolaygazetesi.com\/index.php?rest_route=%2Fwp%2Fv2%2Fmedia&parent=27472"}],"wp:term":[{"taxonomy":"category","embeddable":true,"href":"https:\/\/akdenizolaygazetesi.com\/index.php?rest_route=%2Fwp%2Fv2%2Fcategories&post=27472"},{"taxonomy":"post_tag","embeddable":true,"href":"https:\/\/akdenizolaygazetesi.com\/index.php?rest_route=%2Fwp%2Fv2%2Ftags&post=27472"}],"curies":[{"name":"wp","href":"https:\/\/api.w.org\/{rel}","templated":true}]}}