{"id":27479,"date":"2023-08-31T13:11:18","date_gmt":"2023-08-31T10:11:18","guid":{"rendered":"http:\/\/akdenizolaygazetesi.com\/?p=27479"},"modified":"2023-08-31T13:11:18","modified_gmt":"2023-08-31T10:11:18","slug":"findikpinari-30-agustos-zafer-kupasi-turnuvasi-sona-erdi","status":"publish","type":"post","link":"https:\/\/akdenizolaygazetesi.com\/?p=27479","title":{"rendered":"FINDIKPINARI 30 A\u011eUSTOS ZAFER KUPASI TURNUVASI SONA ERD\u0130"},"content":{"rendered":"<p>Mersin B\u00fcy\u00fck\u015fehir Belediye Ba\u015fkan\u0131 Vahap Se\u00e7er, B\u00fcy\u00fck\u015fehir Belediyesi&#8217;nin, her sene d\u00fczenleyerek gelenekselle\u015ftirdi\u011fi  &#8220;Mahalleler Aras\u0131 Geleneksel F\u0131nd\u0131kp\u0131nar\u0131 30 A\u011fustos Zafer Kupas\u0131&#8221; futbol turnuvas\u0131n\u0131n final ma\u00e7\u0131na kat\u0131larak Mersinlilerin turnuva heyecan\u0131na ortak oldu.<br \/>\nGen\u00e7lik ve Spor Hizmetleri Dairesi Ba\u015fkanl\u0131\u011f\u0131 taraf\u0131ndan organize edilen turnuva bu y\u0131l &#8216;\u015eehit Polis Memuru Sedat Gezer Sezonu&#8217; olarak isimlendirildi. K\u0131yas\u0131ya m\u00fccadelelerin ger\u00e7ekle\u015fti\u011fi turnuvaya Mersin genelinden 37 mahalle kat\u0131l\u0131rken, toplamda 112 kar\u015f\u0131la\u015fma yap\u0131ld\u0131.<br \/>\nTurnuvan\u0131n son m\u00fccadelesi olan Mente\u015f Spor-Davultepe Spor kar\u015f\u0131la\u015fmas\u0131na kat\u0131lan Se\u00e7er, ma\u00e7\u0131 Mersin halk\u0131yla birlikte izledi. F\u0131nd\u0131kp\u0131nar\u0131 Futbol Sahas\u0131&#8217;nda ger\u00e7ekle\u015ftirilen ma\u00e7a, Ba\u015fkan Se\u00e7er&#8217;in yan\u0131 s\u0131ra Mezitli Belediye Ba\u015fkan\u0131 Ne\u015fet Tarhan, CHP Mersin Milletvekilleri G\u00fclcan K\u0131\u015f ve Hasan Ufuk \u00c7ak\u0131r, Parti Meclisi \u00dcyesi Emre Y\u0131lmaz,  il\u00e7e y\u00f6neticileri, B\u00fcy\u00fck\u015fehir Belediyesi b\u00fcrokratlar\u0131, \u015eehit Polis Memuru Sedat Gezer&#8217;in e\u015fi Medine Gezer ile \u00e7ocuklar\u0131, muhtarlar ve vatanda\u015flar kat\u0131ld\u0131.<br \/>\nK\u0131ran k\u0131rana ge\u00e7en m\u00fccadeleyi 4-3 \u00fcst\u00fcnl\u00fckle kazanan Davultepe Spor, turnuvan\u0131n \u015fampiyonu oldu. Final ma\u00e7\u0131n\u0131n ard\u0131ndan d\u00fczenlenen \u00f6d\u00fcl t\u00f6reni ile dereceye girenlere \u00f6d\u00fclleri takdim edildi.<br \/>\n&#8220;Bu ma\u00e7lar\u0131n kazanan\u0131; birlik, beraberlik, karde\u015flik&#8221;<br \/>\n\u00d6d\u00fcl t\u00f6reninde konu\u015fan Ba\u015fkan Se\u00e7er, bu sezonun \u00f6zel bir sezon oldu\u011funu ifade ederek, &#8220;Bu sezonun \u00f6zel bir \u00f6zelli\u011fi var; ge\u00e7ti\u011fimiz y\u0131l 27 Eyl\u00fcl&#8217;de hain bir sald\u0131r\u0131 sonucu kaybetti\u011fimiz karde\u015fimiz \u015eehit Polis Memuru Sedat Gezer sezonu olarak d\u00fczenledik. \u015eehidimize Allah&#8217;tan rahmet diliyorum. Topra\u011f\u0131 bol olsun, \u0131\u015f\u0131klar i\u00e7erisinde uyusun. \u015eehidimizin ailesi, \u00e7ocuklar\u0131 ve e\u015fi de burada&#8221; dedi.<br \/>\nBirlik ve beraberlik duygusu i\u00e7erisinde g\u00fczel bir ma\u00e7 oynand\u0131\u011f\u0131n\u0131 belirten Se\u00e7er, &#8220;Centilmence ge\u00e7en bir ma\u00e7 izledik. Hem Mente\u015f&#8217;e hem Davultepe&#8217;ye \u00e7ok te\u015fekk\u00fcr ediyoruz.  G\u00fczel bir final ma\u00e7\u0131 izledik. Bu ma\u00e7lar\u0131n kazanan\u0131 yok. Bu ma\u00e7lar\u0131n kazanan\u0131; birlik, beraberlik, karde\u015flik. Her iki tak\u0131m\u0131 da kutluyorum. \u015eampiyon tak\u0131m\u0131m\u0131z Davultepe&#8217;yi kutluyorum. Ancak Mente\u015f Spor&#8217;u da kutluyorum. \u00c7ok g\u00fczel m\u00fccadele \u00e7\u0131kard\u0131. Bu sezon boyunca katk\u0131 veren herkese te\u015fekk\u00fcr ediyorum. Buraya gelen ma\u00e7lar\u0131 izleyen, keyiflendiren Mersinli hem\u015ferilerine te\u015fekk\u00fcr ediyorum&#8221; diye konu\u015ftu.<br \/>\nKonu\u015fmas\u0131n\u0131n ard\u0131ndan Ba\u015fkan Se\u00e7er, \u015fampiyon tak\u0131m Davultepe Spor oyuncular\u0131na kupa ve \u00f6d\u00fcllerini \u015eehit Sedat Gezer&#8217;in \u00e7ocuklar\u0131 Ahmet Ya\u011f\u0131z ve Melis Do\u011fa ile birlikte verdi. T\u00f6ren, dereceye giren tak\u0131mlara \u00f6d\u00fcllerinin takdim edilmesiyle sona erdi.<\/p>\n","protected":false},"excerpt":{"rendered":"<p>Mersin B\u00fcy\u00fck\u015fehir Belediye Ba\u015fkan\u0131 Vahap Se\u00e7er, B\u00fcy\u00fck\u015fehir Belediyesi&#8217;nin, her sene d\u00fczenleyerek gelenekselle\u015ftirdi\u011fi &#8220;Mahalleler Aras\u0131 Geleneksel F\u0131nd\u0131kp\u0131nar\u0131 30 A\u011fustos Zafer Kupas\u0131&#8221; futbol turnuvas\u0131n\u0131n final ma\u00e7\u0131na kat\u0131larak Mersinlilerin turnuva heyecan\u0131na ortak oldu. &hellip; <a href=\"https:\/\/akdenizolaygazetesi.com\/?p=27479\" class=\"more-link\">Devam\u0131n\u0131 Oku&#8230;<\/a><\/p>\n","protected":false},"author":2,"featured_media":27480,"comment_status":"open","ping_status":"open","sticky":false,"template":"","format":"standard","meta":[],"categories":[3,10],"tags":[],"_links":{"self":[{"href":"https:\/\/akdenizolaygazetesi.com\/index.php?rest_route=\/wp\/v2\/posts\/27479"}],"collection":[{"href":"https:\/\/akdenizolaygazetesi.com\/index.php?rest_route=\/wp\/v2\/posts"}],"about":[{"href":"https:\/\/akdenizolaygazetesi.com\/index.php?rest_route=\/wp\/v2\/types\/post"}],"author":[{"embeddable":true,"href":"https:\/\/akdenizolaygazetesi.com\/index.php?rest_route=\/wp\/v2\/users\/2"}],"replies":[{"embeddable":true,"href":"https:\/\/akdenizolaygazetesi.com\/index.php?rest_route=%2Fwp%2Fv2%2Fcomments&post=27479"}],"version-history":[{"count":1,"href":"https:\/\/akdenizolaygazetesi.com\/index.php?rest_route=\/wp\/v2\/posts\/27479\/revisions"}],"predecessor-version":[{"id":27481,"href":"https:\/\/akdenizolaygazetesi.com\/index.php?rest_route=\/wp\/v2\/posts\/27479\/revisions\/27481"}],"wp:featuredmedia":[{"embeddable":true,"href":"https:\/\/akdenizolaygazetesi.com\/index.php?rest_route=\/wp\/v2\/media\/27480"}],"wp:attachment":[{"href":"https:\/\/akdenizolaygazetesi.com\/index.php?rest_route=%2Fwp%2Fv2%2Fmedia&parent=27479"}],"wp:term":[{"taxonomy":"category","embeddable":true,"href":"https:\/\/akdenizolaygazetesi.com\/index.php?rest_route=%2Fwp%2Fv2%2Fcategories&post=27479"},{"taxonomy":"post_tag","embeddable":true,"href":"https:\/\/akdenizolaygazetesi.com\/index.php?rest_route=%2Fwp%2Fv2%2Ftags&post=27479"}],"curies":[{"name":"wp","href":"https:\/\/api.w.org\/{rel}","templated":true}]}}