{"id":27482,"date":"2023-08-31T13:12:45","date_gmt":"2023-08-31T10:12:45","guid":{"rendered":"http:\/\/akdenizolaygazetesi.com\/?p=27482"},"modified":"2023-08-31T13:12:45","modified_gmt":"2023-08-31T10:12:45","slug":"baskan-secer-buyuksehir-olarak-buraya-faydali-bir-yatirim-yapiyoruz","status":"publish","type":"post","link":"https:\/\/akdenizolaygazetesi.com\/?p=27482","title":{"rendered":"BA\u015eKAN SE\u00c7ER: &#8220;B\u00dcY\u00dcK\u015eEH\u0130R OLARAK BURAYA FAYDALI B\u0130R YATIRIM YAPIYORUZ&#8221;"},"content":{"rendered":"<p>Mersin B\u00fcy\u00fck\u015fehir Belediye Ba\u015fkan\u0131 Vahap Se\u00e7er,  B\u00fcy\u00fck\u015fehir Belediyesi taraf\u0131ndan Mezitli il\u00e7esine ba\u011fl\u0131 F\u0131nd\u0131kp\u0131nar\u0131 Mahallesi&#8217;nde yap\u0131m\u0131 devam eden F\u0131nd\u0131kp\u0131nar\u0131 Katl\u0131 Otopark ve Pazar Yeri in\u015faat\u0131nda incelemelerde bulundu.<br \/>\nBa\u015fkan Vahap Se\u00e7er&#8217;e saha ziyaretinde Mezitli Belediye Ba\u015fkan\u0131 Ne\u015fet Tarhan, CHP Mersin Milletvekilleri G\u00fclcan K\u0131\u015f ve Hasan Ufuk \u00c7ak\u0131r, CHP Parti Meclisi \u00dcyesi Emre Y\u0131lmaz, il\u00e7e y\u00f6neticileri ve B\u00fcy\u00fck\u015fehir Belediyesi b\u00fcrokratlar\u0131 e\u015flik etti.<br \/>\n&#8220;Toplamda 5 bin metrekarelik bir in\u015faat alan\u0131 olacak&#8221;<br \/>\nB\u00fcy\u00fck\u015fehir Belediyesi Genel Sekreter Yard\u0131mc\u0131s\u0131 Tar\u0131k \u0130rde&#8217;den \u00e7al\u0131\u015fmalar hakk\u0131nda bilgi alan Se\u00e7er, inceleme sonras\u0131 yapt\u0131\u011f\u0131 a\u00e7\u0131klamada, otopark alan\u0131 ile ilgili teknik bilgileri payla\u015farak, &#8220;F\u0131nd\u0131kp\u0131nar\u0131 \u00e7ok \u015firin bir yaylam\u0131z. Yaz n\u00fcfusunun k\u0131\u015f n\u00fcfusuna g\u00f6re \u00e7ok yo\u011fun oldu\u011fu bir b\u00f6lge. Burada \u00f6nemli sorunlardan bir tanesi otopark sorunu. \u00c7\u00fcnk\u00fc ara\u00e7lar burada parklanma alan\u0131 bulam\u0131yor. Yollar olduk\u00e7a dar. Geni\u015fletme imkan\u0131m\u0131z da yok. Yo\u011fun bir yap\u0131la\u015fma var. Bunun devam\u0131nda da ba\u011flant\u0131 sa\u011flanan k\u00f6yler var ve yo\u011fun \u00fcretim k\u00f6yleri; Tepek\u00f6y gibi. Dolay\u0131s\u0131yla trafi\u011fi de \u00e7ok yo\u011fun b\u00f6lgeler. Mersin B\u00fcy\u00fck\u015fehir Belediyesi olarak buraya bu anlamda faydal\u0131 bir yat\u0131r\u0131m yap\u0131yoruz. Zemin art\u0131 \u00fc\u00e7 kat yani toplamda d\u00f6rt kat. 1600 metrekare bir alan\u0131m\u0131z \u00fczerine kuruluyor ve toplamda da yakla\u015f\u0131k 5 bin metrekarelik bir in\u015faat alan\u0131 olacak&#8221; dedi.<br \/>\n&#8220;Y\u00fczde 45&#8217;lik b\u00f6l\u00fcm\u00fcn\u00fc tamamlad\u0131k&#8221;<br \/>\nYap\u0131lan alan\u0131n b\u00f6lge halk\u0131n\u0131n farkl\u0131 ihtiya\u00e7lar\u0131na da cevap verece\u011fini kaydeden Ba\u015fkan Se\u00e7er, &#8220;Buray\u0131 sadece otopark olarak da kullanmayaca\u011f\u0131z. Vatanda\u015flar\u0131m\u0131za a\u00e7\u0131k bir toplant\u0131 alan\u0131 olacak. \u0130steyen burada d\u00fc\u011f\u00fcn\u00fcn\u00fc, ni\u015fan\u0131n\u0131 veya mevlidini yapabilir. Haftan\u0131n belli g\u00fcnleri de pazar yeri olarak kullanarak vatanda\u015flar\u0131m\u0131z\u0131n \u00f6nemli bir ihtiyac\u0131n\u0131 da kar\u015f\u0131lam\u0131\u015f olaca\u011f\u0131z. May\u0131s ay\u0131nda ba\u015flad\u0131k. \u015eu anda in\u015faat\u0131m\u0131z\u0131 yar\u0131lad\u0131k, y\u00fczde 45&#8217;lik bir b\u00f6l\u00fcm\u00fcn\u00fc tamamlad\u0131k. Kas\u0131m ay\u0131 gibi de bitirmi\u015f olaca\u011f\u0131z&#8221; diye konu\u015ftu.<br \/>\n&#8220;Vatanda\u015flar\u0131m\u0131z 2024 yayla sezonunda buray\u0131 kullanabilecek&#8221;<br \/>\nBa\u015fkan Se\u00e7er, son olarak, vatanda\u015flar\u0131n yap\u0131lan otopark\u0131 2024 yayla sezonunda kullanabilece\u011fini s\u00f6zlerine ekleyerek, &#8220;Bu yayla sezonunda belki vatanda\u015flar\u0131m\u0131z kullanamayacak ama \u00f6n\u00fcm\u00fczdeki y\u0131l, 2024 y\u0131l\u0131 i\u00e7erisinde yayla mevsiminde vatanda\u015flar\u0131m\u0131z\u0131n buray\u0131 kullanma imkan\u0131 olacak. \u0130n\u015fallah o zaman hep beraber de gelece\u011fiz, a\u00e7\u0131l\u0131\u015f\u0131n\u0131 yapaca\u011f\u0131z. Bizim de 2. d\u00f6nem belediye ba\u015fkanl\u0131\u011f\u0131m\u0131z olacak. Burada hep beraber a\u00e7\u0131l\u0131\u015f\u0131n\u0131 yapaca\u011f\u0131z. Bu gibi yat\u0131r\u0131mlar\u0131n yaylal\u0131k b\u00f6lgelerde yap\u0131lmas\u0131 gerekiyor. Bir\u00e7ok yaylal\u0131k b\u00f6lgeden otopark talebi var. \u00c7aml\u0131yayla&#8217;da da bu yaz hizmete girdi. Bu sezona yeti\u015ftirdi\u011fimiz \u00e7ok g\u00fczel bir \u00e7al\u0131\u015fma oldu. Ayn\u0131 proje diyebiliriz. Birbirine \u00e7ok benzer, ufak n\u00fcanslar\u0131 var. Orada da hizmete soktuk. Vatanda\u015flar\u0131m\u0131z \u00e7ok memnun, \u00e7ok g\u00fczel geri d\u00f6n\u00fc\u015fler oldu. Bundan sonraki s\u00fcre\u00e7te ihtiyac\u0131 olan b\u00f6lgelere bu yat\u0131r\u0131mlar\u0131m\u0131z\u0131 devam ettirece\u011fiz&#8221; ifadelerini kulland\u0131.<br \/>\nF\u0131nd\u0131kp\u0131nar\u0131&#8217;n\u0131n trafik sorunu \u00e7\u00f6z\u00fcme kavu\u015facak<br \/>\nBa\u015fkan Se\u00e7er&#8217;in il\u00e7elere vizyon katan projelerinden biri olan ve B\u00fcy\u00fck\u015fehir Belediyesi Fen \u0130\u015fleri Dairesi Ba\u015fkanl\u0131\u011f\u0131 taraf\u0131ndan yap\u0131m\u0131 s\u00fcratle s\u00fcren F\u0131nd\u0131kp\u0131nar\u0131 Katl\u0131 Otopark ve Pazar Yeri ile F\u0131nd\u0131kp\u0131nar\u0131 Mahallesi&#8217;nde \u00f6zellikle yaz aylar\u0131nda ve hafta sonlar\u0131 ya\u015fanan trafik sorunu \u00e7\u00f6z\u00fcme kavu\u015facak. Otopark\u0131n zemin kat\u0131nda haftan\u0131n belirli g\u00fcnlerinde pazar yeri olu\u015fturulmas\u0131n\u0131n yan\u0131 s\u0131ra, alanda konser ve a\u00e7\u0131k hava film g\u00f6sterimi gibi sosyal aktiviteler de ger\u00e7ekle\u015ftirilebilecek.<br \/>\nSaha incelemesinin ard\u0131ndan F\u0131nd\u0131kp\u0131nar\u0131&#8217;nda esnaf ve vatanda\u015f ziyareti yapan Se\u00e7er, esnafa &#8220;Hay\u0131rl\u0131 i\u015fler&#8221; temennisinde bulundu. Ba\u015fkan Se\u00e7er&#8217;i ilgiyle kar\u015f\u0131layan F\u0131nd\u0131kp\u0131nar\u0131 halk\u0131 da B\u00fcy\u00fck\u015fehir&#8217;in hizmetlerinden dolay\u0131 Ba\u015fkan Se\u00e7er&#8217;e te\u015fekk\u00fcrlerini iletti.<\/p>\n","protected":false},"excerpt":{"rendered":"<p>Mersin B\u00fcy\u00fck\u015fehir Belediye Ba\u015fkan\u0131 Vahap Se\u00e7er, B\u00fcy\u00fck\u015fehir Belediyesi taraf\u0131ndan Mezitli il\u00e7esine ba\u011fl\u0131 F\u0131nd\u0131kp\u0131nar\u0131 Mahallesi&#8217;nde yap\u0131m\u0131 devam eden F\u0131nd\u0131kp\u0131nar\u0131 Katl\u0131 Otopark ve Pazar Yeri in\u015faat\u0131nda incelemelerde bulundu. Ba\u015fkan Vahap Se\u00e7er&#8217;e saha &hellip; <a href=\"https:\/\/akdenizolaygazetesi.com\/?p=27482\" class=\"more-link\">Devam\u0131n\u0131 Oku&#8230;<\/a><\/p>\n","protected":false},"author":2,"featured_media":27483,"comment_status":"open","ping_status":"open","sticky":false,"template":"","format":"standard","meta":[],"categories":[2,3],"tags":[],"_links":{"self":[{"href":"https:\/\/akdenizolaygazetesi.com\/index.php?rest_route=\/wp\/v2\/posts\/27482"}],"collection":[{"href":"https:\/\/akdenizolaygazetesi.com\/index.php?rest_route=\/wp\/v2\/posts"}],"about":[{"href":"https:\/\/akdenizolaygazetesi.com\/index.php?rest_route=\/wp\/v2\/types\/post"}],"author":[{"embeddable":true,"href":"https:\/\/akdenizolaygazetesi.com\/index.php?rest_route=\/wp\/v2\/users\/2"}],"replies":[{"embeddable":true,"href":"https:\/\/akdenizolaygazetesi.com\/index.php?rest_route=%2Fwp%2Fv2%2Fcomments&post=27482"}],"version-history":[{"count":1,"href":"https:\/\/akdenizolaygazetesi.com\/index.php?rest_route=\/wp\/v2\/posts\/27482\/revisions"}],"predecessor-version":[{"id":27484,"href":"https:\/\/akdenizolaygazetesi.com\/index.php?rest_route=\/wp\/v2\/posts\/27482\/revisions\/27484"}],"wp:featuredmedia":[{"embeddable":true,"href":"https:\/\/akdenizolaygazetesi.com\/index.php?rest_route=\/wp\/v2\/media\/27483"}],"wp:attachment":[{"href":"https:\/\/akdenizolaygazetesi.com\/index.php?rest_route=%2Fwp%2Fv2%2Fmedia&parent=27482"}],"wp:term":[{"taxonomy":"category","embeddable":true,"href":"https:\/\/akdenizolaygazetesi.com\/index.php?rest_route=%2Fwp%2Fv2%2Fcategories&post=27482"},{"taxonomy":"post_tag","embeddable":true,"href":"https:\/\/akdenizolaygazetesi.com\/index.php?rest_route=%2Fwp%2Fv2%2Ftags&post=27482"}],"curies":[{"name":"wp","href":"https:\/\/api.w.org\/{rel}","templated":true}]}}