{"id":27513,"date":"2023-09-04T13:14:59","date_gmt":"2023-09-04T10:14:59","guid":{"rendered":"http:\/\/akdenizolaygazetesi.com\/?p=27513"},"modified":"2023-09-04T13:14:59","modified_gmt":"2023-09-04T10:14:59","slug":"zabita-teskilatindan-baskan-secere-ziyaret","status":"publish","type":"post","link":"https:\/\/akdenizolaygazetesi.com\/?p=27513","title":{"rendered":"ZABITA TE\u015eK\u0130LATI&#8217;NDAN BA\u015eKAN SE\u00c7ER&#8217;E Z\u0130YARET"},"content":{"rendered":"<p>Mersin B\u00fcy\u00fck\u015fehir Belediyesi Zab\u0131ta Dairesi Ba\u015fkan\u0131 Fuat Tu\u011fluo\u011flu ile Zab\u0131ta Dairesi&#8217;nde g\u00f6rev yapan \u015fube m\u00fcd\u00fcrleri, zab\u0131ta te\u015fkilat\u0131n\u0131n 197. Kurulu\u015f y\u0131ld\u00f6n\u00fcm\u00fc dolay\u0131s\u0131yla Mersin B\u00fcy\u00fck\u015fehir Belediye Ba\u015fkan\u0131 Vahap Se\u00e7er&#8217;i ziyaret etti.<\/p>\n<p>&#8220;Zab\u0131tam\u0131z\u0131n vatanda\u015fla olan ikili ili\u015fkileri tamamen bizi yans\u0131t\u0131yor&#8221;<\/p>\n<p>Ziyarette; Mersin B\u00fcy\u00fck\u015fehir Belediye Ba\u015fkan\u0131 Vahap Se\u00e7er, Mersin B\u00fcy\u00fck\u015fehir Belediyesi Genel Sekreteri Olcay Tok, Mersin B\u00fcy\u00fck\u015fehir Belediyesi Zab\u0131ta Dairesi Ba\u015fkan\u0131 Fuat Tu\u011fluo\u011flu ve Zab\u0131ta Dairesi Ba\u015fkanl\u0131\u011f\u0131 \u015fube m\u00fcd\u00fcrleri yer ald\u0131.<br \/>\nZab\u0131ta Te\u015fkilat\u0131&#8217;n\u0131n kurulu\u015f y\u0131l d\u00f6n\u00fcm\u00fcn\u00fc kutlayan Ba\u015fkan Se\u00e7er, &#8220;Zab\u0131ta Te\u015fkilat\u0131 kadim bir kurulu\u015f. Zab\u0131ta Te\u015fkilat\u0131, Cumhuriyet D\u00f6nemi&#8217;nden \u00f6nceye dayanan, Osmanl\u0131 D\u00f6nemi&#8217;nde kurulan ve Cumhuriyet ile beraber daha da tahkim olan, bir h\u00fcviyet kazanan bir kurum. Belediye&#8217;nin de g\u00f6r\u00fcnen y\u00fcz\u00fc, vatanda\u015fta i\u00e7 i\u00e7e olan en \u00f6nemli birimlerinin ba\u015f\u0131nda geliyor. Zab\u0131tam\u0131z\u0131n sokaktaki tavr\u0131, g\u00f6r\u00fcnt\u00fcs\u00fc, oturmas\u0131, kalkmas\u0131, vatanda\u015fa hitab\u0131, ikili ili\u015fkileri; tamamen bizi yans\u0131t\u0131yor. \u0130yiyse biziz, k\u00f6t\u00fcyse de biziz. Ben Belediye Ba\u015fkan\u0131n\u0131z olarak bu konuya \u00f6zellikle dikkatinizi \u00e7ekmek istiyorum ve yurtta\u015flar\u0131m\u0131z\u0131n b\u00f6yle bir olumsuzlukla kar\u015f\u0131la\u015fmamalar\u0131n\u0131 isteriz, ya da \u015fik\u00e2yetlerini duymay\u0131 arzu etmeyiz. Buna da hassasiyet g\u00f6steriyorsunuz. Sizlere te\u015fekk\u00fcr ediyoruz&#8221; dedi.<\/p>\n<p>&#8220;Bu dairemizin daha da ileri gitmesini sa\u011flamak i\u00e7in gayret sarf ediyoruz&#8221;<\/p>\n<p>Zab\u0131tan\u0131n toplumun huzurunu sa\u011flayan kolluk kuvvetlerinden biri oldu\u011funa dikkat \u00e7eken Ba\u015fkan Se\u00e7er, &#8220;Zab\u0131ta Te\u015fkilat\u0131m\u0131z; kentimizdeki dirli\u011fi, d\u00fczeni sa\u011flayan kolluk g\u00fc\u00e7lerinden bir tanesi. G\u00f6reve geldi\u011fimiz g\u00fcnden bu yana eksiklerimizi g\u00f6rerek, bunlar\u0131 tamamlamak, daha iyi noktalara getirmek, \u00e7ok \u00f6nem verdi\u011fimiz bu dairemizin her ge\u00e7en g\u00fcn daha da ileri gitmesini sa\u011flamak i\u00e7in gayret sarf ediyoruz. \u00c7a\u011fa ayak uyduracak hamlelerini ger\u00e7ekle\u015ftirmek; yani giyim ku\u015famdan te\u00e7hizat\u0131na ve personelin e\u011fitimine kadar her konuda da hassasiyet g\u00f6steriyoruz. Ba\u015far\u0131l\u0131 \u00e7al\u0131\u015fmalar\u0131n\u0131z\u0131n devam\u0131n\u0131 diliyorum&#8221; ifadelerini kulland\u0131.<\/p>\n<p>Zab\u0131ta Te\u015fkilat\u0131&#8217;ndan Se\u00e7er&#8217;e te\u015fekk\u00fcr<\/p>\n<p>Ziyarette konu\u015fan Zab\u0131ta Dairesi Ba\u015fkan\u0131 Fuat Tu\u011fluo\u011flu ise, Zab\u0131ta Te\u015fkilat\u0131&#8217;n\u0131n 197. kurulu\u015f y\u0131ld\u00f6n\u00fcm\u00fcnde Ba\u015fkan Se\u00e7er&#8217;i ziyaret etmekten dolay\u0131 duyduklar\u0131 mutlulu\u011fu dile getirerek, te\u015fkilat ad\u0131na sayg\u0131lar\u0131n\u0131 iletti. Ba\u015fkan Se\u00e7er g\u00f6reve geldikten sonra Zab\u0131ta Te\u015fkilat\u0131 olarak daha \u00e7ok vatanda\u015fla ili\u015fkide olunan yerler olan halleri, otogarlar\u0131 ve \u00f6zel g\u00fcvenli\u011fi de b\u00fcnyelerine ald\u0131klar\u0131ndan s\u00f6z etti. Tu\u011fluo\u011flu, b\u00f6ylelikle zab\u0131ta te\u015fkilat\u0131n\u0131n daha fonksiyonel bir yap\u0131ya b\u00fcr\u00fcnd\u00fc\u011f\u00fcnden de s\u00f6z etti. 80 personelin daha b\u00fcnyelerine eklendi\u011finden s\u00f6z eden Tu\u011fluo\u011flu, te\u015fkilatlar\u0131n\u0131n daha da kuvvetlendi\u011finden s\u00f6z ederek, merkezde 167, il\u00e7elerde de 68 olmak \u00fczere 235 personel ile hizmet verdiklerinden bahsetti. Tu\u011fluo\u011flu ayr\u0131ca, T\u00fcrkiye genelinde ve belediye tarihinde de ilk kez m\u00fcd\u00fcrl\u00fck s\u0131nav\u0131 a\u00e7\u0131ld\u0131\u011f\u0131n\u0131 da aktard\u0131.<\/p>\n<p>Trafi\u011fe kapal\u0131 alanlarda daha iyi hizmet verebilmek i\u00e7in do\u011faya uygun elektrikli bisikletlerle zab\u0131ta personelinin g\u00f6rev yapt\u0131\u011f\u0131ndan da s\u00f6z eden Tu\u011fluo\u011flu, trafi\u011fe a\u00e7\u0131k alanlarda da motosikletli ekiplerin hizmet verdi\u011finde s\u00f6z etti. Zab\u0131ta te\u015fkilat\u0131 olarak k\u0131l\u0131k k\u0131yafete de b\u00fcy\u00fck \u00f6nem verdiklerinden s\u00f6z eden Tu\u011fluo\u011flu, Zab\u0131ta Te\u015fkilat\u0131n\u0131 ilk ziyaret eden belediye ba\u015fkan\u0131 olmas\u0131 nedeniyle, ziyaretlerinden \u00f6t\u00fcr\u00fc Ba\u015fkan Se\u00e7er&#8217;e te\u015fekk\u00fcrlerini iletti.<br \/>\nZiyarette Zab\u0131ta Te\u015fkilat\u0131 taraf\u0131ndan Ba\u015fkan Se\u00e7er&#8217;e \u00e7i\u00e7ek takdimi yap\u0131ld\u0131.<\/p>\n","protected":false},"excerpt":{"rendered":"<p>Mersin B\u00fcy\u00fck\u015fehir Belediyesi Zab\u0131ta Dairesi Ba\u015fkan\u0131 Fuat Tu\u011fluo\u011flu ile Zab\u0131ta Dairesi&#8217;nde g\u00f6rev yapan \u015fube m\u00fcd\u00fcrleri, zab\u0131ta te\u015fkilat\u0131n\u0131n 197. Kurulu\u015f y\u0131ld\u00f6n\u00fcm\u00fc dolay\u0131s\u0131yla Mersin B\u00fcy\u00fck\u015fehir Belediye Ba\u015fkan\u0131 Vahap Se\u00e7er&#8217;i ziyaret etti. &#8220;Zab\u0131tam\u0131z\u0131n &hellip; <a href=\"https:\/\/akdenizolaygazetesi.com\/?p=27513\" class=\"more-link\">Devam\u0131n\u0131 Oku&#8230;<\/a><\/p>\n","protected":false},"author":2,"featured_media":27514,"comment_status":"open","ping_status":"open","sticky":false,"template":"","format":"standard","meta":[],"categories":[1,2],"tags":[],"_links":{"self":[{"href":"https:\/\/akdenizolaygazetesi.com\/index.php?rest_route=\/wp\/v2\/posts\/27513"}],"collection":[{"href":"https:\/\/akdenizolaygazetesi.com\/index.php?rest_route=\/wp\/v2\/posts"}],"about":[{"href":"https:\/\/akdenizolaygazetesi.com\/index.php?rest_route=\/wp\/v2\/types\/post"}],"author":[{"embeddable":true,"href":"https:\/\/akdenizolaygazetesi.com\/index.php?rest_route=\/wp\/v2\/users\/2"}],"replies":[{"embeddable":true,"href":"https:\/\/akdenizolaygazetesi.com\/index.php?rest_route=%2Fwp%2Fv2%2Fcomments&post=27513"}],"version-history":[{"count":1,"href":"https:\/\/akdenizolaygazetesi.com\/index.php?rest_route=\/wp\/v2\/posts\/27513\/revisions"}],"predecessor-version":[{"id":27515,"href":"https:\/\/akdenizolaygazetesi.com\/index.php?rest_route=\/wp\/v2\/posts\/27513\/revisions\/27515"}],"wp:featuredmedia":[{"embeddable":true,"href":"https:\/\/akdenizolaygazetesi.com\/index.php?rest_route=\/wp\/v2\/media\/27514"}],"wp:attachment":[{"href":"https:\/\/akdenizolaygazetesi.com\/index.php?rest_route=%2Fwp%2Fv2%2Fmedia&parent=27513"}],"wp:term":[{"taxonomy":"category","embeddable":true,"href":"https:\/\/akdenizolaygazetesi.com\/index.php?rest_route=%2Fwp%2Fv2%2Fcategories&post=27513"},{"taxonomy":"post_tag","embeddable":true,"href":"https:\/\/akdenizolaygazetesi.com\/index.php?rest_route=%2Fwp%2Fv2%2Ftags&post=27513"}],"curies":[{"name":"wp","href":"https:\/\/api.w.org\/{rel}","templated":true}]}}