{"id":27516,"date":"2023-09-04T13:16:21","date_gmt":"2023-09-04T10:16:21","guid":{"rendered":"http:\/\/akdenizolaygazetesi.com\/?p=27516"},"modified":"2023-09-04T13:16:21","modified_gmt":"2023-09-04T10:16:21","slug":"orman-kadastro-ve-2-b-calismalari-devam-ediyor","status":"publish","type":"post","link":"https:\/\/akdenizolaygazetesi.com\/?p=27516","title":{"rendered":"Orman Kadastro ve 2\/B \u00c7al\u0131\u015fmalar\u0131 Devam Ediyor"},"content":{"rendered":"<p>Mersin Orman B\u00f6lge M\u00fcd\u00fcr\u00fc Mustafa Yal\u00e7\u0131n, Orman Genel M\u00fcd\u00fcrl\u00fc\u011f\u00fc Kadastro ve M\u00fclkiyet Daire Ba\u015fkan\u0131 Ahmet Akbulut, Tapu ve Kadastro Genel M\u00fcd\u00fcrl\u00fc\u011f\u00fc Daire Ba\u015fkan\u0131 Mustafa Aslan, Kadastro ve M\u00fclkiyet \u015eube M\u00fcd\u00fcr\u00fc Hasan Ayhan, Tapu ve Kadastro \u015eube M\u00fcd\u00fcrleri \u00d6zgen Sadu \u00c7a\u011flar ve Kemalettin Toker, Koordinat\u00f6r Togay Cihano\u011flu, Ba\u015fm\u00fchendis Hakan Turan, 1. Hukuk M\u00fc\u015faviri \u00d6mer Sinan Bay\u00e7elebi, Hatay Tapu  ve Kadastro B\u00f6lge M\u00fcd\u00fcr Yard\u0131mc\u0131s\u0131 Ayhan Turgut, Mersin Orman B\u00f6lge M\u00fcd\u00fcr Yard\u0131mc\u0131lar\u0131 Ya\u015far Yaman Sa\u011flam ve Ali Ki\u015fi,  Mersin Orman B\u00f6lge M\u00fcd\u00fcrl\u00fc\u011f\u00fc Kadastro ve M\u00fclkiyet \u015eube M\u00fcd\u00fcr\u00fc H\u00fcseyin \u00c7ak\u0131c\u0131o\u011flu\u2019nu makam\u0131nda a\u011f\u0131rlad\u0131. Kar\u015f\u0131l\u0131kl\u0131 fikir al\u0131\u015fveri\u015finin ard\u0131ndan B\u00f6lge M\u00fcd\u00fcrl\u00fc\u011f\u00fcm\u00fcz toplant\u0131 salonuna ge\u00e7ildi.<br \/>\nToplant\u0131da, Orman Genel M\u00fcd\u00fcrl\u00fc\u011f\u00fcm\u00fcz\u00fcn 2020\/1 say\u0131l\u0131 tamimi kapsam\u0131n da 2022-2023 y\u0131llar\u0131nda yap\u0131lan tahsis ve tescil \u00e7al\u0131\u015fmalar\u0131, Orman Kadastrosu ve 2\/b uygulamalar\u0131 tamamlanan birimlerde tescil \u00e7al\u0131\u015fmalar\u0131,3402 Say\u0131l\u0131 Kadastro Kanununun 22\/a maddesi do\u011frultusunda g\u00fcncelleme (say\u0131salla\u015ft\u0131rma) \u00e7al\u0131\u015fmalar\u0131 devam eden ve ilan edilen birimlerde tescil i\u015flemleri, orman kadastrosu ve 2\/B \u00e7al\u0131\u015fmalar\u0131 devam eden birimlerin \u00e7al\u0131\u015fmalar\u0131n\u0131n ne a\u015famada oldu\u011funun ve bu \u00e7al\u0131\u015fmalar esnas\u0131nda iki kurum aras\u0131nda kurulmas\u0131 gereken koordinasyon ve ya\u015fanan aksakl\u0131klar\u0131n giderilmesi i\u00e7in ne gibi tedbirlerin al\u0131naca\u011f\u0131 de\u011ferlendirildi.<\/p>\n","protected":false},"excerpt":{"rendered":"<p>Mersin Orman B\u00f6lge M\u00fcd\u00fcr\u00fc Mustafa Yal\u00e7\u0131n, Orman Genel M\u00fcd\u00fcrl\u00fc\u011f\u00fc Kadastro ve M\u00fclkiyet Daire Ba\u015fkan\u0131 Ahmet Akbulut, Tapu ve Kadastro Genel M\u00fcd\u00fcrl\u00fc\u011f\u00fc Daire Ba\u015fkan\u0131 Mustafa Aslan, Kadastro ve M\u00fclkiyet \u015eube M\u00fcd\u00fcr\u00fc &hellip; <a href=\"https:\/\/akdenizolaygazetesi.com\/?p=27516\" class=\"more-link\">Devam\u0131n\u0131 Oku&#8230;<\/a><\/p>\n","protected":false},"author":2,"featured_media":27517,"comment_status":"open","ping_status":"open","sticky":false,"template":"","format":"standard","meta":[],"categories":[2,3],"tags":[],"_links":{"self":[{"href":"https:\/\/akdenizolaygazetesi.com\/index.php?rest_route=\/wp\/v2\/posts\/27516"}],"collection":[{"href":"https:\/\/akdenizolaygazetesi.com\/index.php?rest_route=\/wp\/v2\/posts"}],"about":[{"href":"https:\/\/akdenizolaygazetesi.com\/index.php?rest_route=\/wp\/v2\/types\/post"}],"author":[{"embeddable":true,"href":"https:\/\/akdenizolaygazetesi.com\/index.php?rest_route=\/wp\/v2\/users\/2"}],"replies":[{"embeddable":true,"href":"https:\/\/akdenizolaygazetesi.com\/index.php?rest_route=%2Fwp%2Fv2%2Fcomments&post=27516"}],"version-history":[{"count":1,"href":"https:\/\/akdenizolaygazetesi.com\/index.php?rest_route=\/wp\/v2\/posts\/27516\/revisions"}],"predecessor-version":[{"id":27518,"href":"https:\/\/akdenizolaygazetesi.com\/index.php?rest_route=\/wp\/v2\/posts\/27516\/revisions\/27518"}],"wp:featuredmedia":[{"embeddable":true,"href":"https:\/\/akdenizolaygazetesi.com\/index.php?rest_route=\/wp\/v2\/media\/27517"}],"wp:attachment":[{"href":"https:\/\/akdenizolaygazetesi.com\/index.php?rest_route=%2Fwp%2Fv2%2Fmedia&parent=27516"}],"wp:term":[{"taxonomy":"category","embeddable":true,"href":"https:\/\/akdenizolaygazetesi.com\/index.php?rest_route=%2Fwp%2Fv2%2Fcategories&post=27516"},{"taxonomy":"post_tag","embeddable":true,"href":"https:\/\/akdenizolaygazetesi.com\/index.php?rest_route=%2Fwp%2Fv2%2Ftags&post=27516"}],"curies":[{"name":"wp","href":"https:\/\/api.w.org\/{rel}","templated":true}]}}