{"id":27524,"date":"2023-09-06T12:29:46","date_gmt":"2023-09-06T09:29:46","guid":{"rendered":"http:\/\/akdenizolaygazetesi.com\/?p=27524"},"modified":"2023-09-06T12:29:46","modified_gmt":"2023-09-06T09:29:46","slug":"buyuksehir-personelinden-cevre-duyarliligi","status":"publish","type":"post","link":"https:\/\/akdenizolaygazetesi.com\/?p=27524","title":{"rendered":"B\u00dcY\u00dcK\u015eEH\u0130R PERSONEL\u0130NDEN \u00c7EVRE DUYARLILI\u011eI"},"content":{"rendered":"<p>Mersin B\u00fcy\u00fck\u015fehir Belediyesi Muhtarl\u0131k \u0130\u015fleri Daire Ba\u015fkanl\u0131\u011f\u0131&#8217;na ba\u011fl\u0131 Tarsus Koordinasyon \u015eube M\u00fcd\u00fcrl\u00fc\u011f\u00fc taraf\u0131ndan, vatanda\u015flar\u0131n yo\u011fun ilgi g\u00f6sterdi\u011fi piknik noktalar\u0131ndan biri olan Berdan Baraj\u0131 Mesire Alan\u0131&#8217;nda fark\u0131ndal\u0131k yaratmak i\u00e7in &#8216;\u00c7evre Temizlik&#8217; \u00e7al\u0131\u015fmas\u0131 ger\u00e7ekle\u015ftirildi.<\/p>\n<p>Faaliyete B\u00fcy\u00fck\u015fehir Belediyesi Meclis \u00dcyesi ve \u0130mar A.\u015e. Genel M\u00fcd\u00fcr\u00fc Ali Uyan, Tarsus Koordinasyon \u015eube M\u00fcd\u00fcr\u00fc Soner Yetgin, muhtarlar ve B\u00fcy\u00fck\u015fehir&#8217;in farkl\u0131 birimlerinde g\u00f6revli \u00e7ok say\u0131da personel kat\u0131ld\u0131.<\/p>\n<p>Berdan Baraj\u0131 Mesire Alan\u0131&#8217;n\u0131n k\u00f6pr\u00fc b\u00f6l\u00fcm\u00fcnden ba\u015flayarak evsel at\u0131klar\u0131 toplayan kat\u0131l\u0131mc\u0131lar, at\u0131klar\u0131 torbalara doldurdu. \u00d6zellikle kamelya b\u00f6l\u00fcmlerinin olduk\u00e7a kirli oldu\u011fu g\u00f6zlenen \u00e7al\u0131\u015fmada, onlarca torba at\u0131k topland\u0131. Genellikle hafta sonlar\u0131 kent genelinden ve farkl\u0131 illerden binlerce ziyaret\u00e7iyi a\u011f\u0131rlayan Berdan Baraj\u0131 Mesire Alan\u0131, yaz aylar\u0131nda daha fazla ra\u011fbet g\u00f6r\u00fcyor.<\/p>\n<p>Uyan: &#8220;Yap\u0131lan her \u015fey Tarsus halk\u0131 i\u00e7in&#8221;<br \/>\nMersin B\u00fcy\u00fck\u015fehir Belediyesi Meclis \u00dcyesi Ali Uyan, mesire alan\u0131n\u0131n temiz kullan\u0131m\u0131n\u0131n \u00f6nemine de\u011finerek, &#8220;Buray\u0131 her kullan\u0131mdan sonra temiz b\u0131rak\u0131rsak, bizden sonra gelecek olan vatanda\u015flar da temiz bulacak. Bug\u00fcn fark\u0131ndal\u0131k yaratma anlam\u0131nda, Tarsus Koordinasyon \u015eube M\u00fcd\u00fcrl\u00fc\u011f\u00fcm\u00fczde g\u00f6rev yapan b\u00fct\u00fcn emek\u00e7i karde\u015flerimizle buraday\u0131z. Kat\u0131l\u0131m g\u00f6steren Bolatl\u0131 ve Akgedik Mahallesi Muhtarlar\u0131m\u0131za da te\u015fekk\u00fcr ediyorum. Yap\u0131lan her \u015fey Tarsus halk\u0131 i\u00e7in. Hep birlikte bu konuda duyarl\u0131 olal\u0131m ve gitti\u011fimiz her yerde o alan\u0131 kulland\u0131ktan sonra temizleyelim&#8221; diye konu\u015ftu.<\/p>\n<p>Uyan konu\u015fmas\u0131n\u0131n sonunda, Berdan Baraj\u0131 Mesire Alan\u0131&#8217;n\u0131n temizli\u011fi ve di\u011fer hizmetleri i\u00e7in B\u00fcy\u00fck\u015fehir Belediyesi&#8217;nin t\u00fcm imkanlar\u0131n\u0131 seferber eden Ba\u015fkan Vahap Se\u00e7er ba\u015fta olmak \u00fczere, eme\u011fi ge\u00e7enlere te\u015fekk\u00fcr etti.<\/p>\n<p>Muhtar Kavalc\u0131: &#8220;Bu mesire alan\u0131 7\/24 kullan\u0131lmakta&#8221;<br \/>\nBerdan Baraj\u0131 Mesire Alan\u0131&#8217;n\u0131n hemen yan\u0131nda bulunan mahallelerden Bolatl\u0131 Mahalle Muhtar\u0131 Erta\u00e7 Kavalc\u0131, &#8220;Tarsus&#8217;un bir do\u011fa harikas\u0131 olan baraj\u0131m\u0131z, hayvanat bah\u00e7emiz ve kamp alan\u0131m\u0131z\u0131n bulundu\u011fu bu mesire alan\u0131n\u0131, insanlar\u0131m\u0131z 7\/24 kullanmakta. Kullan\u0131rken de baz\u0131lar\u0131 yiyip, i\u00e7tikleri malzemeleri maalesef \u00e7evreye sa\u00e7\u0131yorlar. Tarsus Koordinasyon \u015eube M\u00fcd\u00fcrl\u00fc\u011f\u00fc&#8217;m\u00fcz bu etkinli\u011fe dahil oldu. Ailelerimize daha nezih bir piknik alan\u0131n\u0131 olmas\u0131 a\u00e7\u0131s\u0131ndan bizlere yard\u0131mc\u0131 oldular&#8221; ifadelerini kulland\u0131.<\/p>\n<p>Muhtar Alanko: &#8220;Pikni\u011fe gelen insanlardan temiz b\u0131rakmalar\u0131n\u0131 istiyoruz&#8221;<br \/>\nAkgedik Mahallesi Muhtar\u0131 As\u0131m Alanko ise, &#8220;Biz, &#8216;Ya\u015fad\u0131\u011f\u0131n\u0131z alan\u0131 nas\u0131l g\u00f6rmek istiyorsan\u0131z \u00f6yle b\u0131rak\u0131n&#8217; mant\u0131\u011f\u0131yla hareket ediyoruz. Buras\u0131, insanlar\u0131m\u0131z\u0131n ya\u015fam alan\u0131. \u00d6zellikle a\u015f\u0131r\u0131 s\u0131caklarda insanlar\u0131m\u0131z buraya \u00e7ok rahat\u00e7a gelip, aileleriyle piknik yapabiliyorlar. Burada Gen\u00e7lik Kamp\u0131m\u0131z ve mesire alan\u0131m\u0131z var. \u0130nsanlar\u0131m\u0131z buray\u0131 kulland\u0131ktan sonra bir ba\u015fka vatanda\u015f geldi\u011finde, &#8216;Buras\u0131 neymi\u015f!&#8217; demesin l\u00fctfen. Buraya pikni\u011fe gelen insanlardan, temiz b\u0131rakmalar\u0131n\u0131 rica ediyoruz. Eme\u011fi ge\u00e7en b\u00fct\u00fcn arkada\u015flara da te\u015fekk\u00fcr ediyoruz&#8221; dedi.<\/p>\n","protected":false},"excerpt":{"rendered":"<p>Mersin B\u00fcy\u00fck\u015fehir Belediyesi Muhtarl\u0131k \u0130\u015fleri Daire Ba\u015fkanl\u0131\u011f\u0131&#8217;na ba\u011fl\u0131 Tarsus Koordinasyon \u015eube M\u00fcd\u00fcrl\u00fc\u011f\u00fc taraf\u0131ndan, vatanda\u015flar\u0131n yo\u011fun ilgi g\u00f6sterdi\u011fi piknik noktalar\u0131ndan biri olan Berdan Baraj\u0131 Mesire Alan\u0131&#8217;nda fark\u0131ndal\u0131k yaratmak i\u00e7in &#8216;\u00c7evre Temizlik&#8217; &hellip; <a href=\"https:\/\/akdenizolaygazetesi.com\/?p=27524\" class=\"more-link\">Devam\u0131n\u0131 Oku&#8230;<\/a><\/p>\n","protected":false},"author":2,"featured_media":27525,"comment_status":"open","ping_status":"open","sticky":false,"template":"","format":"standard","meta":[],"categories":[2,3],"tags":[],"_links":{"self":[{"href":"https:\/\/akdenizolaygazetesi.com\/index.php?rest_route=\/wp\/v2\/posts\/27524"}],"collection":[{"href":"https:\/\/akdenizolaygazetesi.com\/index.php?rest_route=\/wp\/v2\/posts"}],"about":[{"href":"https:\/\/akdenizolaygazetesi.com\/index.php?rest_route=\/wp\/v2\/types\/post"}],"author":[{"embeddable":true,"href":"https:\/\/akdenizolaygazetesi.com\/index.php?rest_route=\/wp\/v2\/users\/2"}],"replies":[{"embeddable":true,"href":"https:\/\/akdenizolaygazetesi.com\/index.php?rest_route=%2Fwp%2Fv2%2Fcomments&post=27524"}],"version-history":[{"count":1,"href":"https:\/\/akdenizolaygazetesi.com\/index.php?rest_route=\/wp\/v2\/posts\/27524\/revisions"}],"predecessor-version":[{"id":27526,"href":"https:\/\/akdenizolaygazetesi.com\/index.php?rest_route=\/wp\/v2\/posts\/27524\/revisions\/27526"}],"wp:featuredmedia":[{"embeddable":true,"href":"https:\/\/akdenizolaygazetesi.com\/index.php?rest_route=\/wp\/v2\/media\/27525"}],"wp:attachment":[{"href":"https:\/\/akdenizolaygazetesi.com\/index.php?rest_route=%2Fwp%2Fv2%2Fmedia&parent=27524"}],"wp:term":[{"taxonomy":"category","embeddable":true,"href":"https:\/\/akdenizolaygazetesi.com\/index.php?rest_route=%2Fwp%2Fv2%2Fcategories&post=27524"},{"taxonomy":"post_tag","embeddable":true,"href":"https:\/\/akdenizolaygazetesi.com\/index.php?rest_route=%2Fwp%2Fv2%2Ftags&post=27524"}],"curies":[{"name":"wp","href":"https:\/\/api.w.org\/{rel}","templated":true}]}}