{"id":27533,"date":"2023-09-06T12:35:44","date_gmt":"2023-09-06T09:35:44","guid":{"rendered":"http:\/\/akdenizolaygazetesi.com\/?p=27533"},"modified":"2023-09-06T12:35:44","modified_gmt":"2023-09-06T09:35:44","slug":"baskan-ozyigit-halkimiza-hizmet-etmenin-onuruyla-alnimiz-acik-sokaktayiz","status":"publish","type":"post","link":"https:\/\/akdenizolaygazetesi.com\/?p=27533","title":{"rendered":"Ba\u015fkan \u00d6zyi\u011fit, \u201cHalk\u0131m\u0131za hizmet etmenin onuruyla aln\u0131m\u0131z a\u00e7\u0131k, sokaktay\u0131z\u201d"},"content":{"rendered":"<p>Mersin Yeni\u015fehir Belediye Ba\u015fkan\u0131 Abdullah \u00d6zyi\u011fit, E\u011fri\u00e7am Mahallesi\u2019ndeki semt pazar\u0131nda pazarc\u0131 esnaf\u0131yla kahvalt\u0131da bir araya geldi, ard\u0131ndan pazar alan\u0131n\u0131 gezerek vatanda\u015flarla bulu\u015ftu.<br \/>\nS\u0131k s\u0131k esnaf ve hane ziyaretlerinde bulunarak vatanda\u015flarla bir araya gelen Mersin Yeni\u015fehir Belediye Ba\u015fkan\u0131 Abdullah \u00d6zyi\u011fit, son olarak E\u011fri\u00e7am Mahallesi\u2019ndeki semt pazar\u0131n\u0131 gezdi. Ba\u015fkan \u00d6zyi\u011fit, hem pazarc\u0131 esnaf\u0131 hem de vatanda\u015flar\u0131 tek tek dinleyerek, talep ve \u00f6nerilerini ald\u0131.Ba\u015fkan Abdullah \u00d6zyi\u011fit\u2019e, Mersin Pazarc\u0131lar Esnaf Odas\u0131 Ba\u015fkan\u0131 Abdulhalim Batur, E\u011fri\u00e7am Mahalle Muhtar\u0131 \u0130brahim \u00d6nel, Bat\u0131kent Mahalle Muhtar\u0131 Bahri Tuncer ve \u0130n\u00f6n\u00fc Mahalle Muhtar\u0131 Adnan Giray Atilla da e\u015flik etti.<br \/>\nBa\u015fkan \u00d6zyi\u011fit, \u201cHem\u015fehrilerimizle iyi bir diyalo\u011fumuz var,  gitti\u011fimiz her yerde memnuniyeti g\u00f6rmenin, takdirle kar\u015f\u0131lanman\u0131n gururunu ya\u015f\u0131yoruz.\u201d<br \/>\nGittikleri her yerde halk\u0131n takdiriyle kar\u015f\u0131la\u015fman\u0131n gururunu ya\u015fad\u0131klar\u0131n\u0131 ifade eden Ba\u015fkan \u00d6zyi\u011fit, \u201cKentimizin sorunlar\u0131n\u0131 birlikte \u00e7\u00f6zmek ve Yeni\u015fehir&#8217;i daha iyi bir yer haline getirmek i\u00e7in hep birlikte \u00e7al\u0131\u015fmal\u0131y\u0131z. Ortak ak\u0131lla, halk\u0131 dinleyerek, farkl\u0131 d\u00fc\u015f\u00fcncelerine sayg\u0131 duyarak ve \u00f6nemseyerek i\u015f yap\u0131yoruz. Bizim belediyecilik anlay\u0131\u015f\u0131m\u0131zda kat\u0131l\u0131mc\u0131l\u0131k var. Bug\u00fcn semt pazar\u0131m\u0131z\u0131 gezerek, pazarc\u0131 esnaf\u0131m\u0131z ve vatanda\u015flar\u0131m\u0131zla bulu\u015ftuk. Hem\u015fehrilerimizle iyi bir diyalo\u011fumuz var, gitti\u011fimiz her yerde memnuniyeti g\u00f6rmenin, takdirle kar\u015f\u0131lanman\u0131n gururunu ya\u015f\u0131yoruz. Halk\u0131m\u0131za hizmet etmenin onuruyla aln\u0131m\u0131z a\u00e7\u0131k bir \u015fekilde sokaktay\u0131z.\u201d dedi.<br \/>\nBatur, \u201cSorunlar\u0131m\u0131za daima \u00e7\u00f6z\u00fcmler \u00fcretti ve yan\u0131m\u0131zda oldu\u011fu hep g\u00f6sterdi.\u201d<br \/>\nMersin Pazarc\u0131lar Esnaf Odas\u0131 Ba\u015fkan\u0131 Abdulhalim Batur ise konu\u015fmada \u201cBelediye Ba\u015fkan\u0131m\u0131z Abdullah \u00d6zyi\u011fit, bug\u00fcne kadar hi\u00e7bir zaman bizi geri \u00e7evirmedi. Sorunlar\u0131m\u0131za daima \u00e7\u00f6z\u00fcmler \u00fcretti ve yan\u0131m\u0131zda oldu\u011fu hep g\u00f6sterdi. Kendisine t\u00fcm pazarc\u0131 esnaf\u0131m\u0131z ad\u0131na te\u015fekk\u00fcr ediyorum.\u201d ifadeleri kulland\u0131.<\/p>\n","protected":false},"excerpt":{"rendered":"<p>Mersin Yeni\u015fehir Belediye Ba\u015fkan\u0131 Abdullah \u00d6zyi\u011fit, E\u011fri\u00e7am Mahallesi\u2019ndeki semt pazar\u0131nda pazarc\u0131 esnaf\u0131yla kahvalt\u0131da bir araya geldi, ard\u0131ndan pazar alan\u0131n\u0131 gezerek vatanda\u015flarla bulu\u015ftu. S\u0131k s\u0131k esnaf ve hane ziyaretlerinde bulunarak vatanda\u015flarla &hellip; <a href=\"https:\/\/akdenizolaygazetesi.com\/?p=27533\" class=\"more-link\">Devam\u0131n\u0131 Oku&#8230;<\/a><\/p>\n","protected":false},"author":2,"featured_media":27534,"comment_status":"open","ping_status":"open","sticky":false,"template":"","format":"standard","meta":[],"categories":[8,2,3],"tags":[],"_links":{"self":[{"href":"https:\/\/akdenizolaygazetesi.com\/index.php?rest_route=\/wp\/v2\/posts\/27533"}],"collection":[{"href":"https:\/\/akdenizolaygazetesi.com\/index.php?rest_route=\/wp\/v2\/posts"}],"about":[{"href":"https:\/\/akdenizolaygazetesi.com\/index.php?rest_route=\/wp\/v2\/types\/post"}],"author":[{"embeddable":true,"href":"https:\/\/akdenizolaygazetesi.com\/index.php?rest_route=\/wp\/v2\/users\/2"}],"replies":[{"embeddable":true,"href":"https:\/\/akdenizolaygazetesi.com\/index.php?rest_route=%2Fwp%2Fv2%2Fcomments&post=27533"}],"version-history":[{"count":1,"href":"https:\/\/akdenizolaygazetesi.com\/index.php?rest_route=\/wp\/v2\/posts\/27533\/revisions"}],"predecessor-version":[{"id":27535,"href":"https:\/\/akdenizolaygazetesi.com\/index.php?rest_route=\/wp\/v2\/posts\/27533\/revisions\/27535"}],"wp:featuredmedia":[{"embeddable":true,"href":"https:\/\/akdenizolaygazetesi.com\/index.php?rest_route=\/wp\/v2\/media\/27534"}],"wp:attachment":[{"href":"https:\/\/akdenizolaygazetesi.com\/index.php?rest_route=%2Fwp%2Fv2%2Fmedia&parent=27533"}],"wp:term":[{"taxonomy":"category","embeddable":true,"href":"https:\/\/akdenizolaygazetesi.com\/index.php?rest_route=%2Fwp%2Fv2%2Fcategories&post=27533"},{"taxonomy":"post_tag","embeddable":true,"href":"https:\/\/akdenizolaygazetesi.com\/index.php?rest_route=%2Fwp%2Fv2%2Ftags&post=27533"}],"curies":[{"name":"wp","href":"https:\/\/api.w.org\/{rel}","templated":true}]}}